{"id":1023,"date":"2010-02-02T21:34:29","date_gmt":"2010-02-02T19:34:29","guid":{"rendered":"http:\/\/blog.egophobia.ro\/?p=1023"},"modified":"2010-02-02T10:42:12","modified_gmt":"2010-02-02T08:42:12","slug":"e-nevoie-de-2000e-pentru-%e2%80%9chomo-urbanus-europeanus%e2%80%9d-bucuresti","status":"publish","type":"post","link":"https:\/\/blog.egophobia.ro\/?p=1023","title":{"rendered":"E nevoie de 2000\u20ac pentru \u201cHomo Urbanus Europeanus\u201d @ Bucure\u015fti!"},"content":{"rendered":"<p>actualiz\u0103ri la <a href=\"http:\/\/blog.egophobia.ro\/?p=992\">anun\u0163ul<\/a> anterior legat de posibila expozi\u0163ie \u201cHomo Urbanus Europeanus\u201d la <a href=\"http:\/\/www.fundatiamora.org\">Galeriile Mora<\/a> din Bucure\u015fti:<\/p>\n<p>-expozi\u0163ia a fost reprogramat\u0103 pentru octombrie-noiembrie 2010<br \/>\n-suma minim\u0103 necesar\u0103 pentru a aduce fotografiile la Bucure\u015fti este de 2000 Euro<br \/>\n-cine dore\u015fte s\u0103 sponsorizeze expozi\u0163ia sau informa\u0163ii despre ea o poate contacta pe Mihaela Miron, PR la Funda\u0163ia MORA la telefonul 0721 211 205 sau la sediul funda\u0163iei, Str. Grigore Mora nr.39, Sector 1 Bucure\u015fti<br \/>\n[www.fundatiamora.org, fundatiamora@gmail.com, T: (004) 021 316 55 41, F: (004) 021 22 89 29]<\/p>\n","protected":false},"excerpt":{"rendered":"<p>actualiz\u0103ri la anun\u0163ul anterior legat de posibila expozi\u0163ie \u201cHomo Urbanus Europeanus\u201d la Galeriile Mora din Bucure\u015fti: -expozi\u0163ia a fost reprogramat\u0103 pentru octombrie-noiembrie 2010 -suma minim\u0103 necesar\u0103 pentru a aduce fotografiile la Bucure\u015fti este de 2000 Euro -cine dore\u015fte s\u0103 sponsorizeze expozi\u0163ia sau informa\u0163ii despre ea o poate contacta pe Mihaela Miron, PR la Funda\u0163ia MORA [&hellip;]<\/p>\n","protected":false},"author":1,"featured_media":0,"comment_status":"open","ping_status":"open","sticky":false,"template":"","format":"standard","meta":{"_jetpack_memberships_contains_paid_content":false,"footnotes":"","jetpack_publicize_message":"","jetpack_publicize_feature_enabled":true,"jetpack_social_post_already_shared":false,"jetpack_social_options":{"image_generator_settings":{"template":"highway","default_image_id":0,"font":"","enabled":false},"version":2}},"categories":[4,15,22],"tags":[121,348,154],"class_list":["post-1023","post","type-post","status-publish","format-standard","hentry","category-anunturi-culturale","category-egophobia-22","category-recomandari","tag-expozitie","tag-homo-urbanus-europeanus","tag-jean-marc-caracci"],"jetpack_publicize_connections":[],"jetpack_featured_media_url":"","jetpack_sharing_enabled":true,"_links":{"self":[{"href":"https:\/\/blog.egophobia.ro\/index.php?rest_route=\/wp\/v2\/posts\/1023","targetHints":{"allow":["GET"]}}],"collection":[{"href":"https:\/\/blog.egophobia.ro\/index.php?rest_route=\/wp\/v2\/posts"}],"about":[{"href":"https:\/\/blog.egophobia.ro\/index.php?rest_route=\/wp\/v2\/types\/post"}],"author":[{"embeddable":true,"href":"https:\/\/blog.egophobia.ro\/index.php?rest_route=\/wp\/v2\/users\/1"}],"replies":[{"embeddable":true,"href":"https:\/\/blog.egophobia.ro\/index.php?rest_route=%2Fwp%2Fv2%2Fcomments&post=1023"}],"version-history":[{"count":2,"href":"https:\/\/blog.egophobia.ro\/index.php?rest_route=\/wp\/v2\/posts\/1023\/revisions"}],"predecessor-version":[{"id":1025,"href":"https:\/\/blog.egophobia.ro\/index.php?rest_route=\/wp\/v2\/posts\/1023\/revisions\/1025"}],"wp:attachment":[{"href":"https:\/\/blog.egophobia.ro\/index.php?rest_route=%2Fwp%2Fv2%2Fmedia&parent=1023"}],"wp:term":[{"taxonomy":"category","embeddable":true,"href":"https:\/\/blog.egophobia.ro\/index.php?rest_route=%2Fwp%2Fv2%2Fcategories&post=1023"},{"taxonomy":"post_tag","embeddable":true,"href":"https:\/\/blog.egophobia.ro\/index.php?rest_route=%2Fwp%2Fv2%2Ftags&post=1023"}],"curies":[{"name":"wp","href":"https:\/\/api.w.org\/{rel}","templated":true}]}}