{"id":103,"date":"2008-08-25T05:31:15","date_gmt":"2008-08-25T10:31:15","guid":{"rendered":"http:\/\/egophobia.dap.ro\/?p=103"},"modified":"2008-08-25T05:31:15","modified_gmt":"2008-08-25T10:31:15","slug":"evenimente-culturale-la-brasov","status":"publish","type":"post","link":"https:\/\/blog.egophobia.ro\/?p=103","title":{"rendered":"evenimente culturale la Bra\u015fov"},"content":{"rendered":"<p>EDITURA A R A N I A, LIBRIS BRA\u015eOV, MUZEUL CASA MURE\u015eENILOR<br \/>\nv\u0103 invit\u0103 la un dublu eveniment cultural<\/p>\n<p>I. Joi, 4 septembrie, ora 13, la Libr\u0103ria \u015et. O. Iosif din Bra\u015fov<\/p>\n<p>lansarea volumului<!--more--><\/p>\n<p>FE R E S T R E \u00ceN C E T A T E<\/p>\n<p>( Sonete 4 )<\/p>\n<p>volum de sonete ale Bra\u015fovului<\/p>\n<p>de ADRIAN MUNTEANU<\/p>\n<p>Particip\u0103 scriitorii :<\/p>\n<p>&#8211; Doru Munteanu \u2013 pre\u015fedintele US, filiala Bra\u015fov<br \/>\n&#8211; conf. univ. preot, dr. OVIDIU MOCEANU<\/p>\n<p>II. Vineri, 5 septembrie, ora 17, la Muzeul Casa Mure\u015fenilor din Pia\u0163a Sfatului<\/p>\n<p>Recitalul de muzic\u0103 \u015fi poezie<\/p>\n<p>N\u0102DEJDI DE ZEU \u00ceN H\u0102ITUIRI DE LUP<br \/>\nCvartetul CORONA ( Lumini\u0163a Cucu \u2013 flaut, Izabela Grigoru\u0163 \u2013 vioar\u0103, Mina Ciulic\u0103 \u2013 viol\u0103, Ionela Cristea \u2013 violoncel)<br \/>\nSonetele Bra\u015fovului de \u015fi cu ADRIAN MUNTEANU<\/p>\n","protected":false},"excerpt":{"rendered":"<p>EDITURA A R A N I A, LIBRIS BRA\u015eOV, MUZEUL CASA MURE\u015eENILOR v\u0103 invit\u0103 la un dublu eveniment cultural I. Joi, 4 septembrie, ora 13, la Libr\u0103ria \u015et. O. Iosif din Bra\u015fov lansarea volumului<\/p>\n","protected":false},"author":1,"featured_media":0,"comment_status":"open","ping_status":"open","sticky":false,"template":"","format":"standard","meta":{"_jetpack_memberships_contains_paid_content":false,"footnotes":"","jetpack_publicize_message":"","jetpack_publicize_feature_enabled":true,"jetpack_social_post_already_shared":false,"jetpack_social_options":{"image_generator_settings":{"template":"highway","default_image_id":0,"font":"","enabled":false},"version":2}},"categories":[4],"tags":[],"class_list":["post-103","post","type-post","status-publish","format-standard","hentry","category-anunturi-culturale"],"jetpack_publicize_connections":[],"jetpack_featured_media_url":"","jetpack_sharing_enabled":true,"_links":{"self":[{"href":"https:\/\/blog.egophobia.ro\/index.php?rest_route=\/wp\/v2\/posts\/103","targetHints":{"allow":["GET"]}}],"collection":[{"href":"https:\/\/blog.egophobia.ro\/index.php?rest_route=\/wp\/v2\/posts"}],"about":[{"href":"https:\/\/blog.egophobia.ro\/index.php?rest_route=\/wp\/v2\/types\/post"}],"author":[{"embeddable":true,"href":"https:\/\/blog.egophobia.ro\/index.php?rest_route=\/wp\/v2\/users\/1"}],"replies":[{"embeddable":true,"href":"https:\/\/blog.egophobia.ro\/index.php?rest_route=%2Fwp%2Fv2%2Fcomments&post=103"}],"version-history":[{"count":0,"href":"https:\/\/blog.egophobia.ro\/index.php?rest_route=\/wp\/v2\/posts\/103\/revisions"}],"wp:attachment":[{"href":"https:\/\/blog.egophobia.ro\/index.php?rest_route=%2Fwp%2Fv2%2Fmedia&parent=103"}],"wp:term":[{"taxonomy":"category","embeddable":true,"href":"https:\/\/blog.egophobia.ro\/index.php?rest_route=%2Fwp%2Fv2%2Fcategories&post=103"},{"taxonomy":"post_tag","embeddable":true,"href":"https:\/\/blog.egophobia.ro\/index.php?rest_route=%2Fwp%2Fv2%2Ftags&post=103"}],"curies":[{"name":"wp","href":"https:\/\/api.w.org\/{rel}","templated":true}]}}