{"id":1157,"date":"2010-05-16T11:33:24","date_gmt":"2010-05-16T09:33:24","guid":{"rendered":"http:\/\/blog.egophobia.ro\/?p=1157"},"modified":"2010-05-16T11:34:57","modified_gmt":"2010-05-16T09:34:57","slug":"primul-targ-na%c8%9bional-de-poezie","status":"publish","type":"post","link":"https:\/\/blog.egophobia.ro\/?p=1157","title":{"rendered":"Primul t\u00e2rg na\u021bional de Poezie"},"content":{"rendered":"<p>eveniment recomandat de EgoPHobia<\/p>\n<blockquote><p>\n\u00centre 2 \u0219i 5 iunie, Uniunea Scriitorilor din Rom\u00e2nia (USR) \u0219i Muzeul Na\u021bional al Literaturii Rom\u00e2ne (MNLR), \u00eempreun\u0103 cu Asocia\u0163ia Difuzorilor \u015fi Editorilor \u2013 Patronat al C\u0103r\u0163ii (ADEPC), Biblioteca Metropolitan\u0103 Bucure\u0219ti (BMB) \u0219i Fabrica de Literatur\u0103 (FDL.ro), organizeaz\u0103 TNCP (T\u00e2rgul Na\u021bional al C\u0103r\u021bii de Poezie), primul eveniment de acest gen din \u021bar\u0103.<!--more--><\/p>\n<p>\u201cTNCP, edi\u0163ia I, este o ini\u0163iativ\u0103 cultural\u0103 care \u00ee\u015fi propune s\u0103 reintroduc\u0103 \u00een spa\u0163iul public conceptul poeziei contemporane vizibile \u015fi interactive. \u00cen cele patru zile ale T\u00e2rgului, poezia, cartea de poezie, poe\u0163ii \u015fi revistele de cultur\u0103 care public\u0103 poezie vor fi protagoni\u015fti ai unui eveniment inedit \u00een spa\u0163iul rom\u00e2nesc post-decembrist care pune la loc de cinste crea\u0163ia poetic\u0103, marc\u0103 identitar\u0103 a oric\u0103rui spa\u0163iu cultural veritabil. \u201c<\/p>\n<p>Pute\u021bi afla toate detaliile pe site-ul oficial: <a href=\"http:\/\/www.targuldepoezie.fdl.ro\">www.targuldepoezie.fdl.ro<\/a> <\/p>\n<p><img decoding=\"async\" src=\"http:\/\/targuldepoezie.fdl.ro\/wp-content\/uploads\/2010\/05\/tncp_01.jpg\"><\/p>\n<p><object width=\"425\" height=\"344\"><param name=\"movie\" value=\"http:\/\/www.youtube.com\/v\/cbSrIAXyalU&#038;hl=en_US&#038;fs=1&#038;rel=0&#038;color1=0x5d1719&#038;color2=0xcd311b\"><\/param><param name=\"allowFullScreen\" value=\"true\"><\/param><param name=\"allowscriptaccess\" value=\"always\"><\/param><\/object><\/p>\n<\/blockquote>\n","protected":false},"excerpt":{"rendered":"<p>eveniment recomandat de EgoPHobia \u00centre 2 \u0219i 5 iunie, Uniunea Scriitorilor din Rom\u00e2nia (USR) \u0219i Muzeul Na\u021bional al Literaturii Rom\u00e2ne (MNLR), \u00eempreun\u0103 cu Asocia\u0163ia Difuzorilor \u015fi Editorilor \u2013 Patronat al C\u0103r\u0163ii (ADEPC), Biblioteca Metropolitan\u0103 Bucure\u0219ti (BMB) \u0219i Fabrica de Literatur\u0103 (FDL.ro), organizeaz\u0103 TNCP (T\u00e2rgul Na\u021bional al C\u0103r\u021bii de Poezie), primul eveniment de acest gen din [&hellip;]<\/p>\n","protected":false},"author":1,"featured_media":0,"comment_status":"open","ping_status":"open","sticky":false,"template":"","format":"standard","meta":{"_jetpack_memberships_contains_paid_content":false,"footnotes":"","jetpack_publicize_message":"","jetpack_publicize_feature_enabled":true,"jetpack_social_post_already_shared":false,"jetpack_social_options":{"image_generator_settings":{"template":"highway","default_image_id":0,"font":"","enabled":false},"version":2}},"categories":[4,22],"tags":[424,423],"class_list":["post-1157","post","type-post","status-publish","format-standard","hentry","category-anunturi-culturale","category-recomandari","tag-fdl","tag-targul-national-de-poezie"],"jetpack_publicize_connections":[],"jetpack_featured_media_url":"","jetpack_sharing_enabled":true,"_links":{"self":[{"href":"https:\/\/blog.egophobia.ro\/index.php?rest_route=\/wp\/v2\/posts\/1157","targetHints":{"allow":["GET"]}}],"collection":[{"href":"https:\/\/blog.egophobia.ro\/index.php?rest_route=\/wp\/v2\/posts"}],"about":[{"href":"https:\/\/blog.egophobia.ro\/index.php?rest_route=\/wp\/v2\/types\/post"}],"author":[{"embeddable":true,"href":"https:\/\/blog.egophobia.ro\/index.php?rest_route=\/wp\/v2\/users\/1"}],"replies":[{"embeddable":true,"href":"https:\/\/blog.egophobia.ro\/index.php?rest_route=%2Fwp%2Fv2%2Fcomments&post=1157"}],"version-history":[{"count":3,"href":"https:\/\/blog.egophobia.ro\/index.php?rest_route=\/wp\/v2\/posts\/1157\/revisions"}],"predecessor-version":[{"id":1162,"href":"https:\/\/blog.egophobia.ro\/index.php?rest_route=\/wp\/v2\/posts\/1157\/revisions\/1162"}],"wp:attachment":[{"href":"https:\/\/blog.egophobia.ro\/index.php?rest_route=%2Fwp%2Fv2%2Fmedia&parent=1157"}],"wp:term":[{"taxonomy":"category","embeddable":true,"href":"https:\/\/blog.egophobia.ro\/index.php?rest_route=%2Fwp%2Fv2%2Fcategories&post=1157"},{"taxonomy":"post_tag","embeddable":true,"href":"https:\/\/blog.egophobia.ro\/index.php?rest_route=%2Fwp%2Fv2%2Ftags&post=1157"}],"curies":[{"name":"wp","href":"https:\/\/api.w.org\/{rel}","templated":true}]}}