{"id":1200,"date":"2010-08-01T00:09:52","date_gmt":"2010-07-31T22:09:52","guid":{"rendered":"http:\/\/blog.egophobia.ro\/?p=1200"},"modified":"2010-08-25T10:47:35","modified_gmt":"2010-08-25T08:47:35","slug":"scrisoare-deschisa","status":"publish","type":"post","link":"https:\/\/blog.egophobia.ro\/?p=1200","title":{"rendered":"Scrisoare deschis\u0103"},"content":{"rendered":"<p>EXCELEN\u021aEI SALE, D-LUI EMIL BOC,  PREMIERUL ROM\u00c2NIEI <\/p>\n<p>Stimate domnule Premier,<\/p>\n<p>Am luat cuno\u0219tint\u0103 cu \u00eengrijorare despre fapte reprobabile care se petrec \u00een Rom\u00e2nia,  sub   ochii \u00eeng\u0103duitori ai reprezentan\u021bilor autorit\u0103\u021bilor statului rom\u00e2n, care nu au \u00eentreprins p\u00e2n\u0103 \u00een prezent nici un  un demers juridic pentru a curma abuzul s\u0103v\u00e2r\u015fit fa\u021b\u0103 de Editura Curtea Veche cu scopul de a instaura climatul de normalitate \u015fi legalitate \u00een Rom\u00e2nia.<br \/>\n\tAstfel, am fost informa\u021bi c\u0103 Editura Curtea Veche, editur\u0103 cu prestigiu la nivel na\u021bional \u0219i interna\u021bional datorat actelor culturale de \u00eenalt\u0103 clas\u0103 pe care le promoveaz\u0103, este victima unui abuz ce dureaz\u0103 de aproape dou\u0103 s\u0103pt\u0103m\u00e2ni, f\u0103r\u0103 ca autorit\u0103\u021bile s\u0103 intervin\u0103 pentru restabilirea normalit\u0103\u021bii. Persoane fizice au p\u0103truns \u0219i au ocupat, f\u0103r\u0103 drept, sediul social al firmei, au sechestrat, au sustras \u0219i\/sau au distrus bunurile \u0219i eviden\u021bele societ\u0103\u021bii, c\u00e2t \u0219i bunurile personale ale reprezentan\u021bilor \u0219i angaja\u021bilor societ\u0103\u021bii.<br \/>\n\t\u00cen opinia noastr\u0103, \u00eentr-o \u021bar\u0103 democratic\u0103 este inadmisibil \u0219i intolerabil un asemenea abuz, ca persoane fizice, indiferent de influen\u021ba \u0219i pozi\u021bia acestora \u00een societate s\u0103-\u0219i fac\u0103 singure dreptate, pornind de la un presupus drept, \u0219i s\u0103 \u00eencalce \u00een mod grosolan propriile drepturi ale editurii, f\u0103r\u0103 ca autorit\u0103\u021bile statului roman, care au fost sesizate cu privire la acest abuz, s\u0103 intervin\u0103.<br \/>\n\tPentru a curma aceast\u0103 cras\u0103 ilegalitate, v\u0103 rug\u0103m s\u0103 interveni\u021bi \u00een limitele puterilor constitu\u021bionale ale Domniei Voastre \u0219i  s\u0103 cere\u021bi  organelor judiciare din Rom\u00e2nia s\u0103 stopeze acest abuz, s\u0103 dispun\u0103 revenirea la situa\u021bia anterioar\u0103 s\u0103v\u00e2r\u0219irii faptelor abuzive \u0219i s\u0103 trag\u0103 la raspundere persoanele care au comis aceste fapte.<\/p>\n<p>Basarab Nicolescu<br \/>\nMembru de Onoare al Academiei Rom\u00e2ne<br \/>\nPre\u015fedintele Centrului Interna\u1e6dional de Cercet\u0103ri Transdisciplinare, Paris<br \/>\nProfesor la Universitatea Babe\u015f-Bolyai din Cluj-Napoca<\/p>\n<p>Vladimir Tism\u0103neanu<br \/>\nProfesor de \u0218tiinte Politice, Universitatea Maryland, College Park, SUA<\/p>\n<p>C\u0103lin Mih\u0103ilescu<br \/>\nProfessor of Comparative Literature, Critical Theory, and Spanish<br \/>\nThe Centre for the Study of Theory and Criticism<br \/>\nUniversity of Western Ontario<\/p>\n<p>Mircea Mih\u0103ie\u0219<br \/>\nVicepre\u0219edintre ICR<\/p>\n<p>Mihai \u0218ora<br \/>\nFilosof, fost Ministru al \u00cenv\u0103\u021b\u0103m\u00e2ntului, membru GDS<\/p>\n<p>Anamaria Pop<br \/>\nTraduc\u0103tor P\u00e9ter Esterh\u00e1zy, P\u00e9ter N\u00e1das<\/p>\n<p>Magda Stavinschi<br \/>\nPre\u0219edinta Asocia\u021biei pentru Dialogul \u00eentre \u0218tiin\u021b\u0103 \u0219i Teologie \u00een Rom\u00e2nia (ADSTR)<br \/>\nFosta Directoare a Institutului de Astronomie al Academiei Rom\u00e2ne<\/p>\n<p>Ioan Stanomir<br \/>\nProfesor de \u0218tiin\u021be Politice, Universitatea din Bucure\u0219ti<br \/>\nPre\u0219edinte Executiv al Institutului de Investigare a Crimelor Comunismului \u0219i Memoria Exilului Rom\u00e2nesc<\/p>\n<p>Ruxandra Cesereanu<br \/>\nAutor, Profesor universitar la Facultatea de Litere Babes Bolyai din Cluj-Napoca<\/p>\n<p>Radu D. Popa<br \/>\nAssistant Dean<br \/>\nDirector of the Law Library<br \/>\nNYU School of Law<\/p>\n<p>Br\u00eendu\u0219a Armanca<br \/>\nScriitor, Director ICR Budapesta<\/p>\n<p>Peter Manu<br \/>\nProfessor of Clinical Medicine, Albert Einstein College of Medicine, New York  <\/p>\n<p>Sorin Ilie\u015fiu<br \/>\nAutorul apelurilor pentru condamnarea na\u0163ional\u0103 \u015fi interna\u0163ional\u0103 a comunismului<\/p>\n<p>Monica Heintz<br \/>\nScriitor, cercet\u0103tor \u0219i profesor la Universitatea Paris X-Nanterre<\/p>\n<p>Monica S\u0103vulescu Voudouri<br \/>\nScriitor, sociolog<br \/>\nPre\u0219edinte al Societ\u0103\u0163ii Culturale Balkania Contemporan\u0103 Grecia<\/p>\n<p>Anita Natascia Bernacchia<br \/>\nTraduc\u0103toare \u0219i agent literar (Italia)<\/p>\n<p>Daniel Cristea-Enache<br \/>\nScriitor, Profesor universitar la Catedra de Istoria Literaturii Rom\u00e2ne, Universitatea din Bucure\u0219ti<\/p>\n<p>Libuse Valentova<br \/>\n\u0218ef al Sec\u021biei de rom\u00e2n\u0103 din cadrul Institutului de Studii Romanice de la Universitatea Carolina din Praga<\/p>\n<p>Luiza Palanciuc<br \/>\nCercetator (Stiinte politice, Paris)<\/p>\n<p>Alin Rus<br \/>\nScriitor<\/p>\n<p>Claudia Moscovici<br \/>\nScriitor, Profesor Universitatea din Michigan<\/p>\n<p>Catrinel Popa<br \/>\nVice President Design<br \/>\nKayser Roth Corporation<br \/>\nNew York<\/p>\n<p>Cristina Hermeziu<br \/>\nJurnalist, Fran\u021ba<\/p>\n<p>Robert Adam<br \/>\nPR Eunic Bruxelles<\/p>\n<p>Mirela Roznoveanu<br \/>\nScriitoare, SUA<\/p>\n<p>Laura Munteanu<br \/>\nProfesor, SUA<\/p>\n<p>Dan Arvinte<br \/>\nDoctor, Marea Britanie<\/p>\n<p>Mirella Patureau<br \/>\nTeatrolog, Fran\u021ba<\/p>\n<p>Alexandra Jivan<br \/>\nAntropolog, Canada<\/p>\n<p>Ana d\u2019Albon<br \/>\nActri\u021b\u0103, Fran\u021ba<\/p>\n<p>Lauren\u021biu Azimioara<br \/>\nRegizor, Fran\u021ba<\/p>\n<p>Betea Lavinia<br \/>\nScriitoare<br \/>\n#<br \/>\nscrisoarea deschisa in versiune .<a href=\"http:\/\/www.fileden.com\/files\/2008\/3\/18\/1822051\/blog\/Scrisoare deschisa Boc.doc\">doc<\/a><\/p>\n","protected":false},"excerpt":{"rendered":"<p>EXCELEN\u021aEI SALE, D-LUI EMIL BOC, PREMIERUL ROM\u00c2NIEI Stimate domnule Premier, Am luat cuno\u0219tint\u0103 cu \u00eengrijorare despre fapte reprobabile care se petrec \u00een Rom\u00e2nia, sub ochii \u00eeng\u0103duitori ai reprezentan\u021bilor autorit\u0103\u021bilor statului rom\u00e2n, care nu au \u00eentreprins p\u00e2n\u0103 \u00een prezent nici un un demers juridic pentru a curma abuzul s\u0103v\u00e2r\u015fit fa\u021b\u0103 de Editura Curtea Veche cu scopul [&hellip;]<\/p>\n","protected":false},"author":2,"featured_media":0,"comment_status":"open","ping_status":"open","sticky":false,"template":"","format":"standard","meta":{"_jetpack_memberships_contains_paid_content":false,"footnotes":"","jetpack_publicize_message":"","jetpack_publicize_feature_enabled":true,"jetpack_social_post_already_shared":false,"jetpack_social_options":{"image_generator_settings":{"template":"highway","default_image_id":0,"font":"","enabled":false},"version":2}},"categories":[4,21],"tags":[28,415,441],"class_list":["post-1200","post","type-post","status-publish","format-standard","hentry","category-anunturi-culturale","category-polemice","tag-abuz","tag-editura-curtea-veche","tag-scrisoare-deschisa"],"jetpack_publicize_connections":[],"jetpack_featured_media_url":"","jetpack_sharing_enabled":true,"_links":{"self":[{"href":"https:\/\/blog.egophobia.ro\/index.php?rest_route=\/wp\/v2\/posts\/1200","targetHints":{"allow":["GET"]}}],"collection":[{"href":"https:\/\/blog.egophobia.ro\/index.php?rest_route=\/wp\/v2\/posts"}],"about":[{"href":"https:\/\/blog.egophobia.ro\/index.php?rest_route=\/wp\/v2\/types\/post"}],"author":[{"embeddable":true,"href":"https:\/\/blog.egophobia.ro\/index.php?rest_route=\/wp\/v2\/users\/2"}],"replies":[{"embeddable":true,"href":"https:\/\/blog.egophobia.ro\/index.php?rest_route=%2Fwp%2Fv2%2Fcomments&post=1200"}],"version-history":[{"count":3,"href":"https:\/\/blog.egophobia.ro\/index.php?rest_route=\/wp\/v2\/posts\/1200\/revisions"}],"predecessor-version":[{"id":1220,"href":"https:\/\/blog.egophobia.ro\/index.php?rest_route=\/wp\/v2\/posts\/1200\/revisions\/1220"}],"wp:attachment":[{"href":"https:\/\/blog.egophobia.ro\/index.php?rest_route=%2Fwp%2Fv2%2Fmedia&parent=1200"}],"wp:term":[{"taxonomy":"category","embeddable":true,"href":"https:\/\/blog.egophobia.ro\/index.php?rest_route=%2Fwp%2Fv2%2Fcategories&post=1200"},{"taxonomy":"post_tag","embeddable":true,"href":"https:\/\/blog.egophobia.ro\/index.php?rest_route=%2Fwp%2Fv2%2Ftags&post=1200"}],"curies":[{"name":"wp","href":"https:\/\/api.w.org\/{rel}","templated":true}]}}