{"id":123,"date":"2008-09-14T15:01:08","date_gmt":"2008-09-14T20:01:08","guid":{"rendered":"http:\/\/egophobia.dap.ro\/?p=123"},"modified":"2008-09-14T15:01:08","modified_gmt":"2008-09-14T20:01:08","slug":"concursul-de-poezie-nicolae-labis-2008","status":"publish","type":"post","link":"https:\/\/blog.egophobia.ro\/?p=123","title":{"rendered":"Concursul de poezie Nicolae Labis 2008"},"content":{"rendered":"<p>un anunt care a ajuns pe la noi:<\/p>\n<blockquote><p>\u00a0CONSILIUL JUDETEAN SUCEAVA<\/p><\/blockquote>\n<blockquote><p>  CENTRUL JUDETEAN PENTRU CONSERVAREA SI PROMOVAREA<\/p><\/blockquote>\n<blockquote><p>  CULTURII TRADITIONALE SUCEAVA<\/p><\/blockquote>\n<blockquote><p>FESTIVALUL NATIONAL DE POEZIE \u201eNICOLAE LABIS&#8221;Nicolae Labis<\/p><\/blockquote>\n<blockquote><p>  Editia a XL-a,  2008<!--more--><\/p><\/blockquote>\n<blockquote><p>Consiliul Judetean Suceava, Centrul Judetean pentru Conservarea si Promovarea Culturii Traditionale Suceava, \u00een colaborare cu Societatea Scriitorilor Bucovineni, Primaria comunei Malini si Complexul Muzeal Bucovina, organizeaza editia a XL-a a Festivalului national de poezie \u201eNicolae Labis&#8221;, \u00een perioada 16 &#8211; 19 octombrie 2008, la Suceava si Malini.<\/p><\/blockquote>\n<blockquote><p>  Concursul \u00eesi propune sa descopere, sa sprijine si sa promoveze noi si autentice talente \u00een r\u00e2ndul tinerilor creatori de poezie.<\/p><\/blockquote>\n<blockquote><p>R E G U L A M E N T<\/p><\/blockquote>\n<blockquote><p>1. Sunt acceptate \u00een concurs numai lucrari \u00een limba rom\u00e2na, nepublicate si nepremiate la alte concursuri literare.<\/p><\/blockquote>\n<blockquote><p>  2. La concurs pot participa autori care nu au depasit v\u00e2rsta de 30 de ani, nu sunt membri ai Uniunii Scriitorilor, nu au debutat editorial si nu au obtinut Marele Premiu la editiile precedente ale concursului.<\/p><\/blockquote>\n<blockquote><p>  3. Lucrarile, dactilografiate \u00een cinci (5) exemplare, vor fi trimise pe adresa:<\/p><\/blockquote>\n<blockquote><p>  Centrul Judetean pentru Conservarea si Promovarea Culturii Traditionale Suceava,<\/p><\/blockquote>\n<blockquote><p>  Str. Universitatii nr. 48,<\/p><\/blockquote>\n<blockquote><p>  Suceava, 720228<\/p><\/blockquote>\n<blockquote><p>  4. Lucrarile se trimit p\u00e2na la data de 17 septembrie 2008. Ele vor purta \u00een loc de semnatura un motto ales de autor. \u00cen coletul postal va fi introdus un plic \u00eenchis (av\u00e2nd acelasi motto), care va contine un Curriculum Vitae al autorului. \u00cen Curriculum Vitae se va specifica \u00een mod obligatoriu: numele si prenumele autorului, locul si data nasterii, nationalitate, studii, activitate literara, adresa completa, numarul de telefon si eventual adresa electronica.<\/p><\/blockquote>\n<blockquote><p>  5. Fiecare participant are dreptul de a se \u00eenscrie \u00een concurs cu minimum cinci (5) poezii si maximum zece (10).<\/p><\/blockquote>\n<blockquote><p>  6. Lucrarile nu se returneaza, ele urm\u00e2nd a intra \u00een patrimoniul concursului \u201eNicolae Labis&#8221;, iar laureatii vor fi publicati \u00een \u201eCaiete malinene&#8221; , volum editat de Centrul Culturii Traditionale Suceava.<\/p><\/blockquote>\n<blockquote><p>  7. Laureatii vor fi anuntati p\u00e2na la data de 10 octombrie 2008, pentru a fi prezenti la festivitatea de premiere, precum si la manifestarile prilejuite de finalizarea concursului, care vor avea loc la Suceava si Malini \u00eentre 16 si 19 octombrie 2008. Manifestarile vor consta \u00een lansari de carte, conferinte literare, expozitii, spectacol omagial, sezatori literare, recitaluri de poezie, vizite la muzee si monumente de arta din judet, realizate cu participarea membrilor juriului si a altor personalitati literare. Organizatorii asigura cazarea si cheltuielile de transport (bilete de tren-clasa a doua). \u00cen eventualitatea \u00een care laureatii doresc sa fie \u00eensotiti si de alte persoane, acestea trebuie sa-si suporte integral toate cheltuielile, iar organizatorii trebuie anuntati p\u00e2na cel t\u00e2rziu la data de 14 octombrie 2008, pentru a face rezervarile necesare.<\/p><\/blockquote>\n<blockquote><p>  8. Juriul concursului va fi alcatuit din critici literari, membri ai Uniunii Scriitorilor din Rom\u00e2nia.<\/p><\/blockquote>\n<blockquote><p>  9. Membrii juriului nu mai pot schimba ulterior ordinea rezultata \u00een urma jurizarii.<\/p><\/blockquote>\n<blockquote><p>  10. Pentru cele mai valoroase lucrari prezentate \u00een concurs, juriul va acorda urmatoarele premii:<\/p><\/blockquote>\n<blockquote><p>  &#8211; Marele premiu \u201eNICOLAE LABIS&#8221;<\/p><\/blockquote>\n<blockquote><p>  &#8211; Premiul I<\/p><\/blockquote>\n<blockquote><p>  &#8211; Premiul II<\/p><\/blockquote>\n<blockquote><p>  &#8211; Premiul III<\/p><\/blockquote>\n<blockquote><p>  Vor fi acordate, \u00een functie de posibilitati, si premii ale unor reviste literare.<\/p><\/blockquote>\n<blockquote><p>Relatii suplimentare:  tel: 0745-773290 &#8211; Carmen Veronica Steiciuc<\/p><\/blockquote>\n<blockquote><p>D I R E C T O R &#8211; Pavel Blaj<\/p><\/blockquote>\n<blockquote><p>  REFERENT DE SPECIALITATE &#8211; Carmen Veronica STEICIUC<\/p><\/blockquote>\n","protected":false},"excerpt":{"rendered":"<p>un anunt care a ajuns pe la noi: \u00a0CONSILIUL JUDETEAN SUCEAVA CENTRUL JUDETEAN PENTRU CONSERVAREA SI PROMOVAREA CULTURII TRADITIONALE SUCEAVA FESTIVALUL NATIONAL DE POEZIE \u201eNICOLAE LABIS&#8221;Nicolae Labis Editia a XL-a, 2008<\/p>\n","protected":false},"author":1,"featured_media":0,"comment_status":"open","ping_status":"open","sticky":false,"template":"","format":"standard","meta":{"_jetpack_memberships_contains_paid_content":false,"footnotes":"","jetpack_publicize_message":"","jetpack_publicize_feature_enabled":true,"jetpack_social_post_already_shared":false,"jetpack_social_options":{"image_generator_settings":{"template":"highway","default_image_id":0,"font":"","enabled":false},"version":2}},"categories":[4],"tags":[],"class_list":["post-123","post","type-post","status-publish","format-standard","hentry","category-anunturi-culturale"],"jetpack_publicize_connections":[],"jetpack_featured_media_url":"","jetpack_sharing_enabled":true,"_links":{"self":[{"href":"https:\/\/blog.egophobia.ro\/index.php?rest_route=\/wp\/v2\/posts\/123","targetHints":{"allow":["GET"]}}],"collection":[{"href":"https:\/\/blog.egophobia.ro\/index.php?rest_route=\/wp\/v2\/posts"}],"about":[{"href":"https:\/\/blog.egophobia.ro\/index.php?rest_route=\/wp\/v2\/types\/post"}],"author":[{"embeddable":true,"href":"https:\/\/blog.egophobia.ro\/index.php?rest_route=\/wp\/v2\/users\/1"}],"replies":[{"embeddable":true,"href":"https:\/\/blog.egophobia.ro\/index.php?rest_route=%2Fwp%2Fv2%2Fcomments&post=123"}],"version-history":[{"count":0,"href":"https:\/\/blog.egophobia.ro\/index.php?rest_route=\/wp\/v2\/posts\/123\/revisions"}],"wp:attachment":[{"href":"https:\/\/blog.egophobia.ro\/index.php?rest_route=%2Fwp%2Fv2%2Fmedia&parent=123"}],"wp:term":[{"taxonomy":"category","embeddable":true,"href":"https:\/\/blog.egophobia.ro\/index.php?rest_route=%2Fwp%2Fv2%2Fcategories&post=123"},{"taxonomy":"post_tag","embeddable":true,"href":"https:\/\/blog.egophobia.ro\/index.php?rest_route=%2Fwp%2Fv2%2Ftags&post=123"}],"curies":[{"name":"wp","href":"https:\/\/api.w.org\/{rel}","templated":true}]}}