{"id":1232,"date":"2010-09-06T14:43:35","date_gmt":"2010-09-06T12:43:35","guid":{"rendered":"http:\/\/blog.egophobia.ro\/?p=1232"},"modified":"2010-09-06T14:43:35","modified_gmt":"2010-09-06T12:43:35","slug":"prima-sesiune-de-altelierelationale","status":"publish","type":"post","link":"https:\/\/blog.egophobia.ro\/?p=1232","title":{"rendered":"prima sesiune de <i>altelierela\u0163ionale<\/i>"},"content":{"rendered":"<p>recomandare EgoPHobia<\/p>\n<blockquote><p>Cafeneaua Dalles, \u00eempreun\u0103 cu Bookiseala.ro  \u015fi Boomlit organizeaz\u0103 s\u00e2mb\u0103t\u0103, 11 septembrie, de la ora 14.00 la Cafeneaua Dalles, prima sesiune de altelierela\u0163ionale<\/p>\n<p>Ioan Es Pop<\/p>\n<p>Este invitatul sesiunii<\/p>\n<p>Poezie \u0219i realitate<\/p>\n<p>Rela\u0163ion\u0103ri \u201e11 septembrie \u2013 \u00een literatur\u0103\u201d<\/p>\n<p>cu R\u0103zvan \u021aupa<!--more--><\/p>\n<p>Prima sesiune de atelierela\u021bionale este dedicat\u0103 rela\u021biei dintre poezie \u0219i realitate pornind de la comemorarea a 9 ani de la atacurile din 2001 din Statele Unite. Atelierele rela\u021bionale propun formule de lectur\u0103 \u015fi dezbatere a actualit\u0103\u0163ii din punctul de vedere al poten\u0163ialului poetic. De fiecare dat\u0103 c\u00e2nd ne \u00eent\u00e2lnim cu evenimente \u015fi situa\u0163ii pe care nu am fost obi\u015fnui\u0163i s\u0103 le clasific\u0103m, folosim elementele pe care le avem la \u00eendem\u00e2n\u0103 pentru a contura o imagine coerent\u0103 \u00een primul r\u00e2nd pentru noi \u00een\u015fine. \u00cen cadrul evenimentului de la Cafeneaua Dalles primul poet rom\u00e2n c\u0103ruia i-a fost dedicat un spa\u021biu \u00een jocul Second Life va oferi o lectur\u0103 \u0219i va participa la discu\u021biile despre istorie \u0219i poezie.<br \/>\n\u2013~~~~~~~~~~~~\u2013<\/p>\n<p>Acest prim atelier rela\u021bional introduce un format nou de \u00eencurajare a lecturii creative \u0219i de formulare a instrumentelor prin care poezia contemporan\u0103 interac\u021bioneaz\u0103 cu evenimentele actualit\u0103\u021bii. S\u00e2mb\u0103t\u0103 se vor \u00eemp\u0103r\u021bi \u0219i primele caiete de poezie pe care doritorii le pot folosi \u00een cursul lunii septembrie la atelierele de la Dalles.<\/p>\n<p>Ioan Es. Pop s-a n\u0103scut la 27 martie 1958, in localitatea Varai, Maramure\u0219. \u00cen prezent este editor-sef la \u201cZiarul de duminica\u201d si editor senior al revistei \u201cDescopera\u201d. A fost membru al cenaclului literar Universitas, condus de Mircea Martin \u0219i volumele de poezie pe care le-a semnat \u00eencep\u00e2nd cu \u201eIeudul f\u0103r\u0103 ie\u0219ire\u201d (1994) l-au impus drept unul dintre cei mai influen\u021bi poe\u021bi contemporani din Rom\u00e2nia. <\/p><\/blockquote>\n","protected":false},"excerpt":{"rendered":"<p>recomandare EgoPHobia Cafeneaua Dalles, \u00eempreun\u0103 cu Bookiseala.ro \u015fi Boomlit organizeaz\u0103 s\u00e2mb\u0103t\u0103, 11 septembrie, de la ora 14.00 la Cafeneaua Dalles, prima sesiune de altelierela\u0163ionale Ioan Es Pop Este invitatul sesiunii Poezie \u0219i realitate Rela\u0163ion\u0103ri \u201e11 septembrie \u2013 \u00een literatur\u0103\u201d cu R\u0103zvan \u021aupa<\/p>\n","protected":false},"author":2,"featured_media":0,"comment_status":"open","ping_status":"open","sticky":false,"template":"","format":"standard","meta":{"_jetpack_memberships_contains_paid_content":false,"footnotes":"","jetpack_publicize_message":"","jetpack_publicize_feature_enabled":true,"jetpack_social_post_already_shared":false,"jetpack_social_options":{"image_generator_settings":{"template":"highway","default_image_id":0,"font":"","enabled":false},"version":2}},"categories":[4,22],"tags":[454,453,207,223],"class_list":["post-1232","post","type-post","status-publish","format-standard","hentry","category-anunturi-culturale","category-recomandari","tag-altelierelationale","tag-ioan-es-pop","tag-poetica","tag-razvan-tupa"],"jetpack_publicize_connections":[],"jetpack_featured_media_url":"","jetpack_sharing_enabled":true,"_links":{"self":[{"href":"https:\/\/blog.egophobia.ro\/index.php?rest_route=\/wp\/v2\/posts\/1232","targetHints":{"allow":["GET"]}}],"collection":[{"href":"https:\/\/blog.egophobia.ro\/index.php?rest_route=\/wp\/v2\/posts"}],"about":[{"href":"https:\/\/blog.egophobia.ro\/index.php?rest_route=\/wp\/v2\/types\/post"}],"author":[{"embeddable":true,"href":"https:\/\/blog.egophobia.ro\/index.php?rest_route=\/wp\/v2\/users\/2"}],"replies":[{"embeddable":true,"href":"https:\/\/blog.egophobia.ro\/index.php?rest_route=%2Fwp%2Fv2%2Fcomments&post=1232"}],"version-history":[{"count":1,"href":"https:\/\/blog.egophobia.ro\/index.php?rest_route=\/wp\/v2\/posts\/1232\/revisions"}],"predecessor-version":[{"id":1233,"href":"https:\/\/blog.egophobia.ro\/index.php?rest_route=\/wp\/v2\/posts\/1232\/revisions\/1233"}],"wp:attachment":[{"href":"https:\/\/blog.egophobia.ro\/index.php?rest_route=%2Fwp%2Fv2%2Fmedia&parent=1232"}],"wp:term":[{"taxonomy":"category","embeddable":true,"href":"https:\/\/blog.egophobia.ro\/index.php?rest_route=%2Fwp%2Fv2%2Fcategories&post=1232"},{"taxonomy":"post_tag","embeddable":true,"href":"https:\/\/blog.egophobia.ro\/index.php?rest_route=%2Fwp%2Fv2%2Ftags&post=1232"}],"curies":[{"name":"wp","href":"https:\/\/api.w.org\/{rel}","templated":true}]}}