{"id":1234,"date":"2010-09-09T08:26:28","date_gmt":"2010-09-09T06:26:28","guid":{"rendered":"http:\/\/blog.egophobia.ro\/?p=1234"},"modified":"2010-09-09T08:26:28","modified_gmt":"2010-09-09T06:26:28","slug":"libertate-%c2%a0prin-%c2%a0arta","status":"publish","type":"post","link":"https:\/\/blog.egophobia.ro\/?p=1234","title":{"rendered":"LIBERTATE \u00a0PRIN \u00a0ART\u0102"},"content":{"rendered":"<p>am primit la redactie<\/p>\n<blockquote><p>\n\u00a0\u00a0\u00a0\u00a0\u00a0\u00a0\u00a0\u00a0\u00a0\u00a0\u00a0\u00a0\u00a0\u00a0\u00a0\u00a0\u00a0\u00a0\u00a0\u00a0\u00a0\u00a0\u00a0\u00a0\u00a0\u00a0\u00a0\u00a0\u00a0\u00a0\u00a0\u00a0\u00a0\u00a0\u00a0\u00a0\u00a0\u00a0\u00a0\u00a0\u00a0\u00a0\u00a0\u00a0\u00a0\u00a0\u00a0\u00a0\u00a0\u00a0\u00a0\u00a0\u00a0\u00a0\u00a0\u00a0\u00a0\u00a0\u00a0<br \/>\nLIBERTATE \u00a0PRIN \u00a0ART\u0102<br \/>\n15 septembrie<br \/>\nZIUA\u00a0 INTERNA\u0162IONAL\u0102 \u00a0A \u00a0DEMOCRA\u0162IEI<br \/>\n\u00a0<br \/>\n\u00a0<br \/>\nDIALOGURI \u015eI LANSARE\u00a0:<br \/>\nANGELA\u00a0 FURTUN\u0102<br \/>\n\u201cLa anul, la Ierusalim, o carte\u201d<br \/>\nCoperta:<br \/>\n\u00a0DEVIS\u00a0 GREBU<br \/>\n(O carte editat\u0103 de Biblioteca Bucovinei 2009)<br \/>\n\u00a0<br \/>\n\u2026\u2026\u2026\u2026\u2026\u2026\u2026\u2026\u2026\u2026\u2026\u2026\u2026\u2026\u2026\u2026\u2026\u2026\u2026\u2026\u2026\u2026\u2026<br \/>\nAudi\u0163ii muzicale\u00a0:<br \/>\nIn Memoriam<br \/>\nDINU\u00a0 LIPATTI<br \/>\n(19 martie 1917, Bucure\u0219ti &#8211; 2 decembrie 1950, Geneva)<br \/>\nUltimul concert: 16 septembrie 1950, Besan\u00e7on.<br \/>\nUltima pies\u0103 interpretat\u0103: J.S.Bach, Chorale &#8222;Jesu bleibt meine Freude&#8221;<!--more--><br \/>\n\u00a0<br \/>\n\u00a0\u00a0\u00a0 \u00a0\u00a0\u00a0\u00a0\u00a0\u00a0\u00a0\u00a0\u00a0\u00a0\u2026\u2026\u2026\u2026\u2026\u2026\u2026\u2026\u2026\u2026\u2026\u2026\u2026\u2026\u2026\u2026\u2026\u2026\u2026\u2026\u2026\u2026\u2026\u2026\u2026\u2026\u2026\u2026\u2026\u2026\u2026\u2026\u2026\u2026\u2026\u2026<\/p>\n<p>\u00a0<\/p>\n<p>\u00a0<\/p>\n<p>Sala de Arte a Bibliotecii Bucovinei, 15 septembrie, ora 17<\/p>\n<p>\u00a0<\/p>\n<p>\u00a0<\/p>\n<p>\u00a0<\/p>\n<p>\u00a0<\/p>\n<p>\u00a0<\/p>\n<p>\u00a0<\/p>\n<p>\u00a0<\/p>\n<p>\u00a0<\/p>\n<p>\u00a0<\/p>\n<p>\u00a0<\/p>\n<p>\u00a0<\/p>\n<p>\u00a0<\/p>\n<p>\u00a0<\/p>\n<p>\u00a0<\/p>\n<p>\u00a0<\/p>\n<p>\u00a0<\/p>\n<p>\u00a0<\/p>\n<p>\u00a0<\/p>\n<p>\u00a0<\/p>\n<p>\u00a0<\/p>\n<p>\u00a0<\/p>\n<p>\u00a0<\/p>\n<p>15 septembrie\u00a0<\/p>\n<p>ZIUA\u00a0 INTERNA\u0162IONAL\u0102 A DEMOCRA\u0162IEI<\/p>\n<p>\u00a0<\/p>\n<p>\u00a0<\/p>\n<p>Rom\u00e2nia este membr\u0103 fondatoare a acestei s\u0103rb\u0103tori interna\u0163ionale.<\/p>\n<p>\u00a0<\/p>\n<p>Decizia privind s\u0103rb\u0103torirea acestei zile a fost luat\u0103 de Adunarea General\u0103 a ONU, la 8 noiembrie 2007, ca rezultat al unei propuneri avansate ini\u0163ial de Qatar \u015fi de un grup de 8 state, printre care \u015fi Rom\u00e2nia.<\/p>\n<p>Contribu\u0163ia Rom\u00e2niei la promovarea conceptelor \u015fi practicilor democratice \u00een plan interna\u0163ional a inclus:<\/p>\n<p>&#8211; G\u0103zduirea celei de a treia Conferin\u0163e Interna\u0163ionale a Democra\u0163iilor Noi sau Restaurate &#8211; Bucure\u015fti, 2 &#8211; 4 septembrie 1997.<\/p>\n<p>&#8211; Asigurarea Pre\u015fedin\u0163iei mi\u015fc\u0103rii Democra\u0163iilor Noi sau Restaurate \u00een perioada 1997-2000.<\/p>\n<p>&#8211; Ini\u0163ierea \u015fi promovarea, \u00een perioada 2000 &#8211; 2005, \u00een cadrul Adun\u0103rii Generale a ONU \u015fi al Comisiei Drepturilor Omului, a unei serii de rezolu\u0163ii privind democra\u0163ia, statul de drept \u015fi drepturile omului.<\/p>\n<p>&#8211; Organizarea unei conferin\u0163e sub-regionale, \u00een cadrul procesului Comunitatea Democra\u0163iilor, cu tema Parteneriatul dintre guverne, societatea civil\u0103 \u015fi organiza\u0163iile interna\u0163ionale pentru \u00eent\u0103rirea democra\u0163iei &#8211; Bucure\u015fti, 14-15 noiembrie 2003.<\/p>\n<p>&#8211; Coordonarea, \u00een perioada 14 -16 februarie 2005, sub auspiciile Comunit\u0103\u0163ii Democra\u0163iilor, a unei Misiuni interna\u0163ionale de exper\u0163i pentru schimb de experien\u0163\u0103 \u015fi asisten\u0163\u0103 democratic\u0103 \u00een Georgia.<\/p>\n<p>&#8211; Asigurarea, \u00een 2007, a pre\u015fedin\u0163iei Grupului de lucru nr. 3 (GL 3) privind cooperarea regional\u0103 \u015fi inter-regionala pentru guvernare democratic\u0103, al Comunit\u0103\u0163ii Democra\u0163iilor.<\/p>\n<p>&#8211; Contribu\u0163ii voluntare la Fondul ONU pentru Democra\u0163ie \u015fi la Fondul ONU pentru Asisten\u0163\u0103 Electoral\u0103.<\/p>\n<p>&#8211; Reprezentarea Grupului est-european la ONU \u00een Consiliul Consultativ al celei de-a \u015fasea Conferin\u0163e Interna\u0163ionale a Democra\u0163iilor Noi sau Restaurate \u015fi \u00een Consiliul Consultativ al Fondului Natiunior Unite pentru Democra\u0163ie.<\/p>\n<p>\u00a0<\/p>\n<p>\u00a0<\/p>\n<p>Angela FURTUN\u0102<\/p>\n<p>Scriitoare, publicist\u0103<\/p>\n<p>Membr\u0103 a Uniunii Scriitorilor din Rom\u00e2nia<\/p>\n<p>Master \u00een Comunicare \u015fi PR<\/p>\n<p>Master \u00een Semiotica Limbajului \u00een Massmedia \u015fi Publicitate<\/p>\n<p>Doctorand in Literatura exilului<\/p>\n<p>Specialist \u00een biblioteconomie \u015fi bibliografie, PR, Marketing cultural \u015fi informare UE<\/p>\n<p>BIBLIOTECA\u00a0 BUCOVINEI<\/p>\n<p>\u00a0comunicatul in format .<a href=\"doc  File Uploaded, URL: http:\/\/www.fileden.com\/files\/2008\/3\/18\/1822051\/\/pr 14 biblioteca bucovinei ziua democratiei lansare angela furtuna.doc\">doc<\/a><br \/>\n<img decoding=\"async\" src=\"http:\/\/i158.photobucket.com\/albums\/t103\/egophobia\/blog\/AfisLansareAngelaFurtunaDevisGrebuLaanullaIerusalimocarte.jpg\" width=500>\n<\/p><\/blockquote>\n","protected":false},"excerpt":{"rendered":"<p>am primit la redactie \u00a0\u00a0\u00a0\u00a0\u00a0\u00a0\u00a0\u00a0\u00a0\u00a0\u00a0\u00a0\u00a0\u00a0\u00a0\u00a0\u00a0\u00a0\u00a0\u00a0\u00a0\u00a0\u00a0\u00a0\u00a0\u00a0\u00a0\u00a0\u00a0\u00a0\u00a0\u00a0\u00a0\u00a0\u00a0\u00a0\u00a0\u00a0\u00a0\u00a0\u00a0\u00a0\u00a0\u00a0\u00a0\u00a0\u00a0\u00a0\u00a0\u00a0\u00a0\u00a0\u00a0\u00a0\u00a0\u00a0\u00a0\u00a0\u00a0 LIBERTATE \u00a0PRIN \u00a0ART\u0102 15 septembrie ZIUA\u00a0 INTERNA\u0162IONAL\u0102 \u00a0A \u00a0DEMOCRA\u0162IEI \u00a0 \u00a0 DIALOGURI \u015eI LANSARE\u00a0: ANGELA\u00a0 FURTUN\u0102 \u201cLa anul, la Ierusalim, o carte\u201d Coperta: \u00a0DEVIS\u00a0 GREBU (O carte editat\u0103 de Biblioteca Bucovinei 2009) \u00a0 \u2026\u2026\u2026\u2026\u2026\u2026\u2026\u2026\u2026\u2026\u2026\u2026\u2026\u2026\u2026\u2026\u2026\u2026\u2026\u2026\u2026\u2026\u2026 Audi\u0163ii muzicale\u00a0: In Memoriam DINU\u00a0 LIPATTI (19 martie 1917, Bucure\u0219ti &#8211; 2 decembrie 1950, Geneva) Ultimul [&hellip;]<\/p>\n","protected":false},"author":2,"featured_media":0,"comment_status":"open","ping_status":"open","sticky":false,"template":"","format":"standard","meta":{"_jetpack_memberships_contains_paid_content":false,"footnotes":"","jetpack_publicize_message":"","jetpack_publicize_feature_enabled":true,"jetpack_social_post_already_shared":false,"jetpack_social_options":{"image_generator_settings":{"template":"highway","default_image_id":0,"font":"","enabled":false},"version":2}},"categories":[4],"tags":[455,456,160],"class_list":["post-1234","post","type-post","status-publish","format-standard","hentry","category-anunturi-culturale","tag-angela-furtuna","tag-bucovina","tag-lansare"],"jetpack_publicize_connections":[],"jetpack_featured_media_url":"","jetpack_sharing_enabled":true,"_links":{"self":[{"href":"https:\/\/blog.egophobia.ro\/index.php?rest_route=\/wp\/v2\/posts\/1234","targetHints":{"allow":["GET"]}}],"collection":[{"href":"https:\/\/blog.egophobia.ro\/index.php?rest_route=\/wp\/v2\/posts"}],"about":[{"href":"https:\/\/blog.egophobia.ro\/index.php?rest_route=\/wp\/v2\/types\/post"}],"author":[{"embeddable":true,"href":"https:\/\/blog.egophobia.ro\/index.php?rest_route=\/wp\/v2\/users\/2"}],"replies":[{"embeddable":true,"href":"https:\/\/blog.egophobia.ro\/index.php?rest_route=%2Fwp%2Fv2%2Fcomments&post=1234"}],"version-history":[{"count":1,"href":"https:\/\/blog.egophobia.ro\/index.php?rest_route=\/wp\/v2\/posts\/1234\/revisions"}],"predecessor-version":[{"id":1235,"href":"https:\/\/blog.egophobia.ro\/index.php?rest_route=\/wp\/v2\/posts\/1234\/revisions\/1235"}],"wp:attachment":[{"href":"https:\/\/blog.egophobia.ro\/index.php?rest_route=%2Fwp%2Fv2%2Fmedia&parent=1234"}],"wp:term":[{"taxonomy":"category","embeddable":true,"href":"https:\/\/blog.egophobia.ro\/index.php?rest_route=%2Fwp%2Fv2%2Fcategories&post=1234"},{"taxonomy":"post_tag","embeddable":true,"href":"https:\/\/blog.egophobia.ro\/index.php?rest_route=%2Fwp%2Fv2%2Ftags&post=1234"}],"curies":[{"name":"wp","href":"https:\/\/api.w.org\/{rel}","templated":true}]}}