{"id":1243,"date":"2010-09-14T18:59:27","date_gmt":"2010-09-14T16:59:27","guid":{"rendered":"http:\/\/blog.egophobia.ro\/?p=1243"},"modified":"2010-09-14T18:59:27","modified_gmt":"2010-09-14T16:59:27","slug":"scriitori-romani-la-cea-de-a-zecea-editie-a-festivalului-international-de-literatura-de-la-berlin","status":"publish","type":"post","link":"https:\/\/blog.egophobia.ro\/?p=1243","title":{"rendered":"Scriitori rom\u00e2ni la cea de-a zecea edi\u0163ie a Festivalului Interna\u0163ional de  Literatur\u0103 de la Berlin"},"content":{"rendered":"<p>am primit la redactie<\/p>\n<blockquote>\n<p>\u00cen perioada 15- 25 septembrie 2010 se desf\u0103\u015foar\u0103 la Berlin Festivalul<br \/>\nInterna\u0163ional de Literatur\u0103, dedicat anul acesta literaturii est-europene.<br \/>\nTimp de zece zile, 270 de scriitori \u015fi critici renumi\u0163i din toat\u0103 lumea se<br \/>\nadun\u0103 pentru a sus\u0163ine lecturi \u015fi discu\u0163ii publice \u015fi pentru a readuce \u00een<br \/>\naten\u0163ie peisajul cultural \u015fi politic al \u0163\u0103rilor din care provin. <!--more--><\/p>\n<p>Festivalul Interna\u0163ional de Literatur\u0103 se afl\u0103 sub patronajul comisiei<br \/>\nUnesco \u015fi este finan\u0163at de Berliner Festspiele, Hauptstadtkulturfonds \u015fi<br \/>\nFunda\u0163ia de Art\u0103 \u015fi Politic\u0103 Peter Weiss, programul festivalului \u015fi selec\u0163ia<br \/>\nparticipan\u0163ilor fiind asigurate de un juriu interna\u0163ional, printre care s-au<br \/>\nnum\u0103rat Fatou Diome, Robert Gray, Alberto Manguel, Pankaj Mishra, Atiq<br \/>\nRahimi, Ilija Trojanow. <\/p>\n<p>Pe l\u00e2ng\u0103 Filip Florian \u015fi \u015etefania Mihalache, invita\u0163i oficiali ai<br \/>\nFestivalului, Institutul Cultural Rom\u00e2n &#8222;Titu Maiorescu&#8221; din Berlin<br \/>\ncompleteaz\u0103 prezen\u0163a rom\u00e2neasc\u0103 din festival prin organizarea \u015fi a altor<br \/>\nlecturi publice cu Radu Aldulescu, Matei Florian, T.O. Bobe \u015fi Svetlana<br \/>\nC\u00e2rstean. Lecturile vor avea loc at\u00e2t \u00een loca\u0163ii publice foarte cunoscute,<br \/>\nprecum Haus der Kulturen der Welt, teatrul Schaub\u00fchne, Teatrul German,<br \/>\nFunda\u0163ia Brandenburger Tor, c\u00e2t \u015fi \u00een cafenele literare, accesibile<br \/>\npublicului larg. <\/p>\n<p>Sub moto-ul &#8222;\u00cengeri, mizerie, dragoste &#8211; Literatura rom\u00e2n\u0103 actual\u0103&#8221;,<br \/>\npublicul berlinez are ocazia s\u0103 descopere un spectru variat al literaturii<br \/>\nrom\u00e2ne de azi, punctat de realismul plin de for\u0163\u0103 al unui scriitor<br \/>\nconsiderat deja clasic &#8211; Radu Aldulescu, de n\u0103scocirile fra\u0163ilor Filip \u015fi<br \/>\nMatei Florian, dar \u015fi de pove\u015ftile de dragoste lirice \u015fi de un comic amar<br \/>\nale Svetlanei C\u00e2rstean \u015fi ale lui T.O. Bobe.<\/p>\n<p>\u00cen \u00eencheierea festivalului vor c\u00e2nta Ada Milea \u015fi Roman Chiciuc.<\/p>\n<p>Programul lecturilor:<\/p>\n<p>Radu Aldulescu: 16 septembrie 2010, ora 19.30, Caf\u00e9 Hilde <\/p>\n<p>Matei Florian \u015fi Filip Florian: 18 septembrie 2010, ora 19.30, Caf\u00e9 Hilde<\/p>\n<p>Filip Florian: 19 septembrie 2010, ora 18.00, Haus der Kulturen der Welt<\/p>\n<p>T.O. Bobe \u015fi Svetlana C\u00e2rstean: 23 septembrie 2010, ora 19.30, Caf\u00e9 Hilde <\/p>\n<p>\u015etefania Mihalache: 24 septembrie, ora 19.00, Stiftung Brandenburger Tor <\/p>\n<p>Ada Milea: 25 septembrie, ora 22.00, Haus der Kulturen der Welt<\/p>\n<p>Cu cele mai bune g\u00e2nduri,<\/p>\n<p>Echipa ICR <Titu Maiorescu> Berlin<\/p>\n<p>Institutul Cultural Roman &#8222;Titu Maiorescu&#8221;-Berlin<\/p>\n<p>Tel. +49-30-890 61 987,- 890 91 232; Fax. +49-30-890 61 988<\/p>\n<p>e-mail: office@rki-berlin.de<\/p><\/blockquote>\n","protected":false},"excerpt":{"rendered":"<p>am primit la redactie \u00cen perioada 15- 25 septembrie 2010 se desf\u0103\u015foar\u0103 la Berlin Festivalul Interna\u0163ional de Literatur\u0103, dedicat anul acesta literaturii est-europene. Timp de zece zile, 270 de scriitori \u015fi critici renumi\u0163i din toat\u0103 lumea se adun\u0103 pentru a sus\u0163ine lecturi \u015fi discu\u0163ii publice \u015fi pentru a readuce \u00een aten\u0163ie peisajul cultural \u015fi politic [&hellip;]<\/p>\n","protected":false},"author":2,"featured_media":0,"comment_status":"open","ping_status":"open","sticky":false,"template":"","format":"standard","meta":{"_jetpack_memberships_contains_paid_content":false,"footnotes":"","jetpack_publicize_message":"","jetpack_publicize_feature_enabled":true,"jetpack_social_post_already_shared":false,"jetpack_social_options":{"image_generator_settings":{"template":"highway","default_image_id":0,"font":"","enabled":false},"version":2}},"categories":[4],"tags":[55,123,139],"class_list":["post-1243","post","type-post","status-publish","format-standard","hentry","category-anunturi-culturale","tag-berlin","tag-festival","tag-icr"],"jetpack_publicize_connections":[],"jetpack_featured_media_url":"","jetpack_sharing_enabled":true,"_links":{"self":[{"href":"https:\/\/blog.egophobia.ro\/index.php?rest_route=\/wp\/v2\/posts\/1243","targetHints":{"allow":["GET"]}}],"collection":[{"href":"https:\/\/blog.egophobia.ro\/index.php?rest_route=\/wp\/v2\/posts"}],"about":[{"href":"https:\/\/blog.egophobia.ro\/index.php?rest_route=\/wp\/v2\/types\/post"}],"author":[{"embeddable":true,"href":"https:\/\/blog.egophobia.ro\/index.php?rest_route=\/wp\/v2\/users\/2"}],"replies":[{"embeddable":true,"href":"https:\/\/blog.egophobia.ro\/index.php?rest_route=%2Fwp%2Fv2%2Fcomments&post=1243"}],"version-history":[{"count":1,"href":"https:\/\/blog.egophobia.ro\/index.php?rest_route=\/wp\/v2\/posts\/1243\/revisions"}],"predecessor-version":[{"id":1244,"href":"https:\/\/blog.egophobia.ro\/index.php?rest_route=\/wp\/v2\/posts\/1243\/revisions\/1244"}],"wp:attachment":[{"href":"https:\/\/blog.egophobia.ro\/index.php?rest_route=%2Fwp%2Fv2%2Fmedia&parent=1243"}],"wp:term":[{"taxonomy":"category","embeddable":true,"href":"https:\/\/blog.egophobia.ro\/index.php?rest_route=%2Fwp%2Fv2%2Fcategories&post=1243"},{"taxonomy":"post_tag","embeddable":true,"href":"https:\/\/blog.egophobia.ro\/index.php?rest_route=%2Fwp%2Fv2%2Ftags&post=1243"}],"curies":[{"name":"wp","href":"https:\/\/api.w.org\/{rel}","templated":true}]}}