{"id":1295,"date":"2010-10-15T18:50:30","date_gmt":"2010-10-15T16:50:30","guid":{"rendered":"http:\/\/blog.egophobia.ro\/?p=1295"},"modified":"2010-10-15T18:50:30","modified_gmt":"2010-10-15T16:50:30","slug":"lansare-de-carte-cu-lectura-publica","status":"publish","type":"post","link":"https:\/\/blog.egophobia.ro\/?p=1295","title":{"rendered":"Lansare de carte cu lectur\u0103 public\u0103"},"content":{"rendered":"<p>am primit la redac\u021bie<\/p>\n<blockquote><p>\nAceasta e prima mea revolu\u021bie. Fura\u021bi-mi-o, de Maria-Paula Erizanu<\/p>\n<p>Editura Cartier &amp; The Knot<br \/>\nlanseaz\u0103 cartea<\/p>\n<p>Aceasta e prima mea revolu\u021bie. Fura\u021bi-mi-o, de Maria-Paula Erizanu<br \/>\nJoi, 21 octombrie, ora 19.00, Green Hours 22 jazz-caf\u00e9<br \/>\n(Calea Victoriei, nr. 120, Bucure\u0219ti)<\/p>\n<p>Invita\u021bi:<!--more--><\/p>\n<p>Simona Popescu<br \/>\nCosti Rogozanu<br \/>\nOvidiu \u0218imonca<\/p>\n<p>Lectura:<\/p>\n<p>Maria Obretin<br \/>\nAlexandru Nedelcu<\/p>\n<p>Moderator: Vasile Ernu<\/p>\n<p>Evenimentul are loc \u00een cadrul proiectului The Knot*<\/p>\n<p>\u201eSuflete moarte. FOC. Mi se \u00eempline\u0219te visul. Se arunc\u0103 cu pietre \u00een Parlament. Se? Un grup de<br \/>\nstuden\u021bi bronza\u021bi (\u00een aule?), ra\u0219i pe cap \u0219i \u00eembr\u0103ca\u021bi \u00een costume de sport arunc\u0103 cu pietre. Un grup de studen\u021bi cu ghiozdane cu pietre arunc\u0103 cu pietre. Un grup de (?) studen\u021bi cu b\u00e2te lovesc sau arunc\u0103 cu pietre. T\u00c2N\u0102RA GENERA\u021aIE SALVATOAREA NA\u021aIEI. FOC. Mi se \u00eempline\u0219te visul? Func\u021bionarilor parlamentului li s-a sugerat \u00een acea zi s\u0103 plece acas\u0103. De diminea\u021b\u0103, c\u00e2nd cre\u0219tinii \u00ee\u0219i purtau icoanele, steagurile \u0219i lum\u00e2n\u0103rile de la catedral\u0103 \u0219i \u00eenc\u0103 nimeni nu auzise de revolu\u021bie. \u0218i-au \u00eencuiat birourile \u0219i au plecat. Au fost descuiate (cine, cine?) doar birourile necomuni\u0219tilor.<br \/>\nBoc, boc! Peste geam zbur\u0103 seiful de la contabilitate. Descuiat.\u201d (Maria-Paula Erizanu)<\/p>\n<p>Maria-Paula Erizanu, Aceasta este prima mea revolu\u021bie. Fura\u021bi-mi-o, cu fotografii de Gleb Garanich, Veronique North-Minca, Doru Dumitru, Igor Schimb\u0103tor, edi\u021bie trilingv\u0103, Colec\u021bia C[ART]IER, 2010, 140 p., Pre\u021b: 32 RON \u2013 15%.<\/p>\n<p>www.cartier.md<\/p>\n<p>#<br \/>\ncomunicatul in format .<a href=\"http:\/\/www.fileden.com\/files\/2008\/3\/18\/1822051\/\/comunicat lansare Aceasta este prima mea revolutie.doc\">doc<\/a><\/p><\/blockquote>\n<p><img decoding=\"async\" src=\"http:\/\/i158.photobucket.com\/albums\/t103\/egophobia\/blog\/cartier-revo.jpg\" width=\"350\"><\/p>\n","protected":false},"excerpt":{"rendered":"<p>am primit la redac\u021bie Aceasta e prima mea revolu\u021bie. Fura\u021bi-mi-o, de Maria-Paula Erizanu Editura Cartier &amp; The Knot lanseaz\u0103 cartea Aceasta e prima mea revolu\u021bie. Fura\u021bi-mi-o, de Maria-Paula Erizanu Joi, 21 octombrie, ora 19.00, Green Hours 22 jazz-caf\u00e9 (Calea Victoriei, nr. 120, Bucure\u0219ti) Invita\u021bi:<\/p>\n","protected":false},"author":3,"featured_media":0,"comment_status":"open","ping_status":"open","sticky":false,"template":"","format":"standard","meta":{"_jetpack_memberships_contains_paid_content":false,"footnotes":"","jetpack_publicize_message":"","jetpack_publicize_feature_enabled":true,"jetpack_social_post_already_shared":false,"jetpack_social_options":{"image_generator_settings":{"template":"highway","default_image_id":0,"font":"","enabled":false},"version":2}},"categories":[4],"tags":[107,160,483],"class_list":["post-1295","post","type-post","status-publish","format-standard","hentry","category-anunturi-culturale","tag-editura-cartier","tag-lansare","tag-maria-paula-erizanu"],"jetpack_publicize_connections":[],"jetpack_featured_media_url":"","jetpack_sharing_enabled":true,"_links":{"self":[{"href":"https:\/\/blog.egophobia.ro\/index.php?rest_route=\/wp\/v2\/posts\/1295","targetHints":{"allow":["GET"]}}],"collection":[{"href":"https:\/\/blog.egophobia.ro\/index.php?rest_route=\/wp\/v2\/posts"}],"about":[{"href":"https:\/\/blog.egophobia.ro\/index.php?rest_route=\/wp\/v2\/types\/post"}],"author":[{"embeddable":true,"href":"https:\/\/blog.egophobia.ro\/index.php?rest_route=\/wp\/v2\/users\/3"}],"replies":[{"embeddable":true,"href":"https:\/\/blog.egophobia.ro\/index.php?rest_route=%2Fwp%2Fv2%2Fcomments&post=1295"}],"version-history":[{"count":2,"href":"https:\/\/blog.egophobia.ro\/index.php?rest_route=\/wp\/v2\/posts\/1295\/revisions"}],"predecessor-version":[{"id":1302,"href":"https:\/\/blog.egophobia.ro\/index.php?rest_route=\/wp\/v2\/posts\/1295\/revisions\/1302"}],"wp:attachment":[{"href":"https:\/\/blog.egophobia.ro\/index.php?rest_route=%2Fwp%2Fv2%2Fmedia&parent=1295"}],"wp:term":[{"taxonomy":"category","embeddable":true,"href":"https:\/\/blog.egophobia.ro\/index.php?rest_route=%2Fwp%2Fv2%2Fcategories&post=1295"},{"taxonomy":"post_tag","embeddable":true,"href":"https:\/\/blog.egophobia.ro\/index.php?rest_route=%2Fwp%2Fv2%2Ftags&post=1295"}],"curies":[{"name":"wp","href":"https:\/\/api.w.org\/{rel}","templated":true}]}}