{"id":1311,"date":"2010-10-22T16:13:15","date_gmt":"2010-10-22T14:13:15","guid":{"rendered":"http:\/\/blog.egophobia.ro\/?p=1311"},"modified":"2010-10-22T16:13:15","modified_gmt":"2010-10-22T14:13:15","slug":"concert-ensemble-contempo-paris","status":"publish","type":"post","link":"https:\/\/blog.egophobia.ro\/?p=1311","title":{"rendered":"Concert ensemble contempo Paris"},"content":{"rendered":"<p>am primit la redactie<\/p>\n<blockquote>\n<p>COMUNICAT DE PRES\u0102<\/p>\n<p>\u00cen seara de 25 octombrie 2010, orele 20.00 Institutul Cultural Rom\u00e2n \u201eTitu Maiorescu\u201d organizeaz\u0103 \u00eempreun\u0103 cu Studio Niculescu \u015fi Societatea Rom\u00e2no-German\u0103 un concert de muzic\u0103 clasic\u0103 sus\u0163inut de ensemble contempo paris.<\/p>\n<p><!--more--><br \/>\nCvartetul compus din Mihaela Smolean (vioar\u0103), Alina Petrescu (vioar\u0103), Teodor Coman (viol\u0103), Radu Nagy (violoncel), Cristian Niculescu va avea loc la Fosta Fabric\u0103 de Ciocolat\u0103 din Oranienstra\u00dfe din Kreuzberg \u015fi va avea \u00een program Cvartetul op.47 pentru pian \u00een mi bemol major \u015fi Cvintetul op.44 pentru dou\u0103 viori, viol\u0103, violoncel \u015fi pian de Robert Schumann.<\/p>\n<p>\u00a0<\/p>\n<p>\u00centre 20 \u015fi 24 octombrie muzicienii particip\u0103 la Festivalul Schumann \u2013 Zilele Muzicii de Camer\u0103 de la Ahrenshoop, concertul din 25 octombrie de la Berlin fiind destinat at\u00e2t marc\u0103rii celor 200 de ani de la na\u015fterea compozitorului Robert Schumman, c\u00e2t \u015fi construirii bisericii ortodoxe din Berlin, pentru care vor fi donate fondurile ob\u0163inute.<\/p>\n<p>\u00a0<\/p>\n<p>Mihaela Smolean (Vioar\u0103): Studii la Liceul \u201eG. Enescu\u201c \u015fi Academia de Muzic\u0103 din Bucure\u015fti. \u00cen anul 1993 a devenit membru al Orchestrei Na\u0163ionale d&#8217;Ile de France. Din anul 1996 este violonist\u0103 \u00een Orchestre Philharmonique de Radio France. Premii na\u0163ionale \u015fi interna\u0163ionale. Concerte ca solist\u0103 in Fran\u0163a, Spania, Rom\u00e2nia. \u00cenregistr\u0103ri \u015fi turnee \u00een compania Orchestrei Na\u0163ionale Radio Bucure\u015fti.<\/p>\n<p>Alina Petrescu (vioar\u0103): n\u0103scut\u0103 \u00een 1989 la Bucure\u015fti. Numeroase premii interna\u0163ionale \u015fi na\u0163ionale, la concursuri<\/p>\n<p>precum: \u201eRemember Enescu\u201d, \u201eGarabet Avachian\u201d, \u201ePaul Constantinescu\u201d, &#8222;Cornelia Bronzetti&#8221;. A urmat cursuri de master cu Donald Weilerstein, Mintcho Minchev, Andreas R\u00f6hn,Cristoph Schickedanz, Server Ganiyev, Liviu Prunariu. Concerte ca solist\u0103 cu orchestra filarmonic\u0103 de stat \u201eBanatul\u201d din Timi\u015foara, \u201eGheorghe Dima\u201d din Bra\u015fov, Orchestra Filarmonic\u0103 din Ia\u015fi, Orchestra festivalului interna\u0163ional \u201eTinere Talente\u201d.<\/p>\n<p>Teodor Coman (Viol\u0103): Studii la Liceul \u201eG. Enescu\u201c \u015fi Academia de Muzic\u0103 din Bucure\u015fti. Premii na\u0163ionale \u015fi interna\u0163ionale. Tr\u0103ie\u015fte la Paris din anul 1990, c\u00e2nd a devenit solo-violist \u00een Orchestre National d&#8217;Ile de France. Din anul 1994 este solo-violist \u00een Orchestre National de France. A c\u00e2ntat ca solist \u00een numeroase orchestre din Rom\u00e2nia \u015fi Fran\u0163a \u015fi ca membru al forma\u0163iilor de camer\u0103 Trio \u00e0 Cordes de Paris \u015fi Arpeggione-Quartett.<\/p>\n<p>Radu Nagy (Cello): Studii la Liceul \u201eG. Enescu\u201c si Academia de Muzic\u0103 din Bucure\u015fti. Tr\u0103ie\u015fte din anul 2000 la Parma unde este solo-cellist la Orchestra Simfonica di Regio Emilia di Parma. \u00cen perioada 1995-2000 a fost membru al cvartetului de corzi Lipatti, cvartet afirmat in America \u015fi c\u00e2\u015ftig\u0103tor al unor concursuri interna\u0163ionale de renume, printre care de mentionat Dimitri \u015eostacovici String Quartet Competition, Sankt Petersburg \u015fi Fischoff Chamber Music Competition, South Bend Indiana.<\/p>\n<p>Cristian Niculescu (Pian): Studii la Liceul \u201eG. Enescu\u201c \u015fi Academia de Muzic\u0103 din Bucure\u015fti. Tr\u0103ie\u015fte din anul 1992 la Berlin \u015fi concerteaz\u0103 \u00een s\u0103li de concert renumite, ca de exemplu: Filarmonica din Berlin, M\u00fcnchen \u015fi Bucure\u015fti, Konzerthaus Berlin, casele de radio din Danemarca, Germania, Rom\u00e2nia, printre altele ca solist cu Orchestrele Cleveland Chamber Symphony, Orchestra Filarmonicii \u201eG.Enescu\u201c \u015fi Orchestra Na\u0163ional\u0103 Radio Bucure\u015fti.<\/p>\n<p>\u00a0<\/p>\n<p>Cu cele mai bune g\u00e2nduri,<\/p>\n<p>\u00a0<\/p>\n<p>Echipa ICR \u00abTitu Maiorescu\u00bb Berlin<\/p>\n<p>\u00a0Institutul Cultural Roman \u201cTitu Maiorescu\u201d-Berlin<\/p>\n<p>Tel. +49-30-890 61 987,- 890 91 232; Fax. +49-30-890 61 988<\/p>\n<p>e-mail: office@rki-berlin.de<\/p>\n<p>\u00a0<\/p><\/blockquote>\n","protected":false},"excerpt":{"rendered":"<p>am primit la redactie COMUNICAT DE PRES\u0102 \u00cen seara de 25 octombrie 2010, orele 20.00 Institutul Cultural Rom\u00e2n \u201eTitu Maiorescu\u201d organizeaz\u0103 \u00eempreun\u0103 cu Studio Niculescu \u015fi Societatea Rom\u00e2no-German\u0103 un concert de muzic\u0103 clasic\u0103 sus\u0163inut de ensemble contempo paris.<\/p>\n","protected":false},"author":2,"featured_media":0,"comment_status":"open","ping_status":"open","sticky":false,"template":"","format":"standard","meta":{"_jetpack_memberships_contains_paid_content":false,"footnotes":"","jetpack_publicize_message":"","jetpack_publicize_feature_enabled":true,"jetpack_social_post_already_shared":false,"jetpack_social_options":{"image_generator_settings":{"template":"highway","default_image_id":0,"font":"","enabled":false},"version":2}},"categories":[4],"tags":[84,468],"class_list":["post-1311","post","type-post","status-publish","format-standard","hentry","category-anunturi-culturale","tag-concert","tag-icr-berlin"],"jetpack_publicize_connections":[],"jetpack_featured_media_url":"","jetpack_sharing_enabled":true,"_links":{"self":[{"href":"https:\/\/blog.egophobia.ro\/index.php?rest_route=\/wp\/v2\/posts\/1311","targetHints":{"allow":["GET"]}}],"collection":[{"href":"https:\/\/blog.egophobia.ro\/index.php?rest_route=\/wp\/v2\/posts"}],"about":[{"href":"https:\/\/blog.egophobia.ro\/index.php?rest_route=\/wp\/v2\/types\/post"}],"author":[{"embeddable":true,"href":"https:\/\/blog.egophobia.ro\/index.php?rest_route=\/wp\/v2\/users\/2"}],"replies":[{"embeddable":true,"href":"https:\/\/blog.egophobia.ro\/index.php?rest_route=%2Fwp%2Fv2%2Fcomments&post=1311"}],"version-history":[{"count":1,"href":"https:\/\/blog.egophobia.ro\/index.php?rest_route=\/wp\/v2\/posts\/1311\/revisions"}],"predecessor-version":[{"id":1312,"href":"https:\/\/blog.egophobia.ro\/index.php?rest_route=\/wp\/v2\/posts\/1311\/revisions\/1312"}],"wp:attachment":[{"href":"https:\/\/blog.egophobia.ro\/index.php?rest_route=%2Fwp%2Fv2%2Fmedia&parent=1311"}],"wp:term":[{"taxonomy":"category","embeddable":true,"href":"https:\/\/blog.egophobia.ro\/index.php?rest_route=%2Fwp%2Fv2%2Fcategories&post=1311"},{"taxonomy":"post_tag","embeddable":true,"href":"https:\/\/blog.egophobia.ro\/index.php?rest_route=%2Fwp%2Fv2%2Ftags&post=1311"}],"curies":[{"name":"wp","href":"https:\/\/api.w.org\/{rel}","templated":true}]}}