{"id":1341,"date":"2010-11-19T10:26:39","date_gmt":"2010-11-19T08:26:39","guid":{"rendered":"http:\/\/blog.egophobia.ro\/?p=1341"},"modified":"2010-11-19T10:27:51","modified_gmt":"2010-11-19T08:27:51","slug":"primul-festival-de-literatura-din-partea-de-vest-a-tarii","status":"publish","type":"post","link":"https:\/\/blog.egophobia.ro\/?p=1341","title":{"rendered":"primul festival de literatur\u0103 din partea de vest a \u0163\u0103rii"},"content":{"rendered":"<blockquote><p>Timi\u015foara,<br \/>\n18 noiembrie 2010<\/p>\n<p>COMUNICAT DE PRES\u0102<\/p>\n<p>\u201eLiteratur\u0103 \u015fi vin\u201d<br \/>\nprimul festival de literatur\u0103 din partea de vest a \u0163\u0103rii se organizeaz\u0103 la Timi\u015foara<\/p>\n<p>\t\tLa 5 ani de existen\u0163\u0103 \u00een Timi\u015foara \u015fi Arad, 24-FUN organizeaz\u0103 \u201eLiteratur\u0103 \u015fi vin\u201d- primul festival de literatur\u0103 din vestul \u0163\u0103rii.<br \/>\n\t\t\u00centre 2 \u015fi 4 decembrie, decret\u0103m seri de lectur\u0103 \u00een urbe cu nume mari din literatura contemporan\u0103 na\u0163ional\u0103: Adriana Babe\u0163i, Adrian Bodnaru, Eugen Bunaru, Marius Chivu, Dan Mircea Cipariu, Tudor Cre\u0163u, \u015eerban Foar\u0163\u0103, Radu Pavel Gheo, Ioan Gro\u015fan, Florin Iaru, V. Leac, Mircea Mih\u0103ie\u015f, Andrei Mocu\u0163a, Ioan T. Morar, Liubi\u0163a Raichici, Costel Stancu, Robert \u015eerban, Cecilia \u015etef\u0103nescu, Marcel Tolcea, Cornel Ungureanu, Daniel Vighi.<br \/>\n\t\tPe parcursul celor trei zile, \u00een sala de spectacole a Cerculului Militar Timi\u015foara, \u00een cafenelele D&#8217;arc \u015fi Sc\u00e2r\u0163 loc lejer, \u201ecurio\u015fii\u201d sunt invita\u0163i s\u0103 \u201electureze\u201d momente menite s\u0103 captiveze publicul timp de trei zile, s\u0103 ne apropie de literatur\u0103 sau s\u0103 ne deschid\u0103 interesul, prin intermediul cuvintelor rostite sau nerostite, creionate sau schi\u0163ate, jucate sau mimate, gustate sau \u00eencercate.<br \/>\n\t\tAstfel, \u201ea\u015fternem\u201d pe h\u00e2rtie: lans\u0103ri de carte, tinere talente, expozi\u0163ii, caricaturi \u00eempreun\u0103 cu artistul Ion Barbu, dar \u015fi portrete \u015fi crochiuri ale studen\u0163ilor de la Facultatea de Arte, teatru, proiec\u0163ii, concerte etc. Toate le degust\u0103m la un pahar bun de vin, cum le \u015fade bine prietenilor.<br \/>\n\t\tEvenimentul \u00ee\u015fi dore\u015fte apropierea dintre scriitori \u015fi cititori prin intermediul cuvintelor, al ideilor \u015fi dialogurilor, al ipostastazelor \u015fi ipotezelor nemai\u00eent\u00e2lnite sau mai rar \u00eent\u00e2lnite, invit\u00e2ndu-i astfel pe timi\u015foreni (\u015fi nu numai) s\u0103 participe la prima s\u0103rb\u0103toare a literaturii din ora\u015f.<\/p>\n<p>Despre \u201electur\u0103\u201d &#8211; \u00een foarte pu\u0163ine cuvinte<br \/>\nLectura, ac\u0163iunea de a citi, \u00eendeletnicire realizat\u0103 cu ajutorul artei. Aceast\u0103 opera\u0163ie, odat\u0103 deprins\u0103, se face cu ochiul sau cu voce tare. Lectura serve\u015fte mai temeinic \u00een\u0163elegerii. Ceea ce ascul\u0163i trece repede, pe c\u00e2nd ceea ce cite\u015fti se diger\u0103 pe \u00eendelete. Nu te pronun\u0163i asupra valorii unei lucr\u0103ri pana nu o cite\u015fti, cum se spune, cu ochiul pe h\u00e2rtie. Citit\u0103 personal, lectura te ajut\u0103 s\u0103-i culegi \u00eentregul sens, \u00ee\u0163i orneaz\u0103 spiritul \u015fi \u00ee\u0163i formeaz\u0103 judecata. F\u0103ra ea, \u00eensu\u015firile cele mai frumoase se ve\u015ftejesc. Lectura a devenit un chin pentru cei mai mul\u0163i oameni. Neglij\u00e2nd-o \u00een tinere\u0163e, e\u015fti incapabil s-o \u00eendr\u0103ge\u015fti la maturitate. Mul\u0163i dintre noi ne servim de lectur\u0103 ca sclavii fugari, care se tem de st\u0103p\u00e2nii lor. <\/p>\n<p>Despre \u201evin\u201d &#8211; \u00een foarte pu\u0163ine cuvinte<br \/>\nVinul este, f\u0103r\u0103 \u00eendoial\u0103, un elixir c\u00e2ntat de poe\u0163i, venerat \u00een ritualuri, capabil s\u0103 ne desfete cu aromele lui incredibile. Indiscutabil, vinul a jucat un rol important \u00een \u00eentreaga evolu\u0163ie a culturii \u015fi civiliza\u0163iei din cele mai vechi timpuri \u015fi p\u00e2n\u0103 ast\u0103zi. Vinul este ca o poezie sau ca o simfonie. Vinul reprezint\u0103, f\u0103r\u0103 \u00eendoial\u0103, o adev\u0103rat\u0103 desf\u0103tare a spiritului.<br \/>\nGrecii \u00eel ridic\u0103 la statutul de b\u0103utur\u0103 a zeilor, francezii nu concep o cin\u0103 f\u0103r\u0103 el. \u00cen plus, poate fi b\u0103ut, f\u0103r\u0103 s\u0103 par\u0103 o vulgaritate, at\u00e2t de b\u0103rba\u0163i c\u00e2t \u015fi de femei.<br \/>\nFiind un organism viu, un lichid plin de informa\u0163ie, \u00eentre vin \u015fi cel care-l degust\u0103 se stabile\u015fte o comunicare extrem de rafinat\u0103. Vinul las\u0103 amintiri. Vinul tr\u0103ie\u015fte intens \u00een butoaiele din care-\u015fi extrage taninul \u015fi duce o via\u0163\u0103 molcom\u0103 \u00een sticl\u0103, \u00eens\u0103 r\u0103m\u00e2ne un organism viu p\u00e2n\u0103 \u00een momentul c\u00e2nd este consumat.<br \/>\nUnii oameni sunt cunosc\u0103tori, pot discuta un vin, pot discerne \u015fi argumenta diferen\u0163ele, iar al\u0163ii sunt amatori, dar pot ajunge s\u0103 treac\u0103 de faza \u00een care doar beau vinul, p\u00e2n\u0103 la cea \u00een care doresc un contact cu aceast\u0103 cultur\u0103, cu filozofia ce na\u015fte tr\u0103irile bahice, f\u0103r\u0103 a atrage repro\u015ful semenilor. Cel mai des este vorba despre oameni care g\u0103sesc \u00een vin un liant, o b\u0103utur\u0103 prietenoas\u0103 \u00een jurul c\u0103reia se a\u015feaz\u0103 la vorb\u0103. <\/p>\n<p>Despre 24-Fun Timi\u015foara \u015fi Arad<br \/>\nPrimul num\u0103r: 7 octombrie 2005<br \/>\nStructur\u0103 \u015fi echip\u0103 redac\u0163ional\u0103<br \/>\nEditorialele apar\u0163in unor personalit\u0103\u0163i recunoscute \u00een domeniile abordate:<br \/>\n&#8211; editoriale semnate de personalit\u0103\u0163i na\u0163ionale \u015fi locale: Mihai Dobrovolschi, Gianina Corondan, C\u0103t\u0103lin \u015etef\u0103nescu, Ioan T. Morar, Robert \u015eerban, Daniel Vighi, Diana Petru\u0163, Lucian Mircu, Corina S\u0103ftescu, Zoli Varga etc<br \/>\nInforma\u0163ii locale: teatre, cinematografe, expozi\u0163ii, concerte, evenimente, cluburi, baruri, cafenele, restaurante, frumusete \u015fi s\u0103n\u0103tate, turism, etc<\/p>\n<p>Evenimente \u015fi parteneriate media: Festivalul Plai 2006-2010, Festival de scurt metraj \u015fi fotografie MANYFEST, Romani Art Festival 2007-2010, StudentFest 2007-2010,  Noaptea Devoratorilor de Publicitate 2008, Festivalul Filmului European 2006-2010, Documfest, Shorts Up 2009-2010,  Concert Goran Bregovic 2007, Concert Jose Carreras 2008, Let&#8217;s do it Romania! 2010, Cupa Romaniei la Baschet 2010, etc.<\/p>\n<p>Pentru mai multe informa\u0163ii v\u0103 rug\u0103m contacta\u0163i:<\/p>\n<p>Atu Advertising<br \/>\nMihaela Purec<br \/>\nCoordonator proiect<br \/>\ntel\/fax: 0256 486 774<br \/>\nmobil: 0726 686 795<br \/>\ne-mail: mihaela@atu.ro<\/p>\n<p>Robert \u015eerban<br \/>\nDirector festival<br \/>\nmobil: 0744 570 932<br \/>\ne-mail: robiserban@yahoo.com\n<\/p><\/blockquote>\n<p><img decoding=\"async\" src=\"http:\/\/i158.photobucket.com\/albums\/t103\/egophobia\/blog\/machetafestival.jpg\" width=400><\/p>\n","protected":false},"excerpt":{"rendered":"<p>Timi\u015foara, 18 noiembrie 2010 COMUNICAT DE PRES\u0102 \u201eLiteratur\u0103 \u015fi vin\u201d primul festival de literatur\u0103 din partea de vest a \u0163\u0103rii se organizeaz\u0103 la Timi\u015foara La 5 ani de existen\u0163\u0103 \u00een Timi\u015foara \u015fi Arad, 24-FUN organizeaz\u0103 \u201eLiteratur\u0103 \u015fi vin\u201d- primul festival de literatur\u0103 din vestul \u0163\u0103rii. \u00centre 2 \u015fi 4 decembrie, decret\u0103m seri de lectur\u0103 \u00een [&hellip;]<\/p>\n","protected":false},"author":2,"featured_media":0,"comment_status":"open","ping_status":"open","sticky":false,"template":"","format":"standard","meta":{"_jetpack_memberships_contains_paid_content":false,"footnotes":"","jetpack_publicize_message":"","jetpack_publicize_feature_enabled":true,"jetpack_social_post_already_shared":false,"jetpack_social_options":{"image_generator_settings":{"template":"highway","default_image_id":0,"font":"","enabled":false},"version":2}},"categories":[4,22],"tags":[497,473,273,498],"class_list":["post-1341","post","type-post","status-publish","format-standard","hentry","category-anunturi-culturale","category-recomandari","tag-festival-literar","tag-robert-serban","tag-timisoara","tag-vin"],"jetpack_publicize_connections":[],"jetpack_featured_media_url":"","jetpack_sharing_enabled":true,"_links":{"self":[{"href":"https:\/\/blog.egophobia.ro\/index.php?rest_route=\/wp\/v2\/posts\/1341","targetHints":{"allow":["GET"]}}],"collection":[{"href":"https:\/\/blog.egophobia.ro\/index.php?rest_route=\/wp\/v2\/posts"}],"about":[{"href":"https:\/\/blog.egophobia.ro\/index.php?rest_route=\/wp\/v2\/types\/post"}],"author":[{"embeddable":true,"href":"https:\/\/blog.egophobia.ro\/index.php?rest_route=\/wp\/v2\/users\/2"}],"replies":[{"embeddable":true,"href":"https:\/\/blog.egophobia.ro\/index.php?rest_route=%2Fwp%2Fv2%2Fcomments&post=1341"}],"version-history":[{"count":3,"href":"https:\/\/blog.egophobia.ro\/index.php?rest_route=\/wp\/v2\/posts\/1341\/revisions"}],"predecessor-version":[{"id":1345,"href":"https:\/\/blog.egophobia.ro\/index.php?rest_route=\/wp\/v2\/posts\/1341\/revisions\/1345"}],"wp:attachment":[{"href":"https:\/\/blog.egophobia.ro\/index.php?rest_route=%2Fwp%2Fv2%2Fmedia&parent=1341"}],"wp:term":[{"taxonomy":"category","embeddable":true,"href":"https:\/\/blog.egophobia.ro\/index.php?rest_route=%2Fwp%2Fv2%2Fcategories&post=1341"},{"taxonomy":"post_tag","embeddable":true,"href":"https:\/\/blog.egophobia.ro\/index.php?rest_route=%2Fwp%2Fv2%2Ftags&post=1341"}],"curies":[{"name":"wp","href":"https:\/\/api.w.org\/{rel}","templated":true}]}}