{"id":1358,"date":"2010-11-23T15:05:00","date_gmt":"2010-11-23T13:05:00","guid":{"rendered":"http:\/\/blog.egophobia.ro\/?p=1358"},"modified":"2010-11-23T15:05:00","modified_gmt":"2010-11-23T13:05:00","slug":"dva-muzica-radiourilor-inexistente-in-doua-concerte-live-la-bucuresti","status":"publish","type":"post","link":"https:\/\/blog.egophobia.ro\/?p=1358","title":{"rendered":"DVA: muzica radiourilor inexistente \u00een dou\u0103 concerte live la Bucure\u015fti"},"content":{"rendered":"<p>am primit la redactie<\/p>\n<blockquote>\n<p>Centrul Ceh prezint\u0103 &#8221;HU Tour 2010&#8221;, o serie de concerte dedicate promov\u0103rii<br \/>\nalbumului &#8221;HU&#8221; al trupei DVA din Cehia. Materialul, care a f\u0103cut senza\u0163ie \u00een<br \/>\nRepublica Ceh\u0103 ajunge pentru prima dat\u0103 \u00een Rom\u00e2nia \u015fi va fi prezentat \u00een cadrul a<br \/>\ndou\u0103 concerte excep\u0163ionale. <!--more--><\/p>\n<p>Trupa va concerta mar\u0163i, 30 noiembrie, de la ora 20h00, la Green Hours \u015fi miercuri,<br \/>\n1 decembrie, de la ora 21h00 \u00een club Tago Mago. Fanii vor putea fredona \u00eempreun\u0103 cu<br \/>\nDVA piese precum \u201eNunovo Tango\u201d, \u201eHuhu\u201d, sau \u201eFrance Trance\u201d. Cele dou\u0103 concerte vor<br \/>\nfi diferite astfel c\u0103, la primul concert publicul va avea parte de o sear\u0103<br \/>\njazzy-ethno-world iar la cel de-al doilea concert de o atmosfer\u0103 electro. <\/p>\n<p>Trupa Dva (Doi \u00een rom\u00e2n\u0103) este format\u0103 din Jan Kratochv\u00edl (el), chitar\u0103, banjo,<br \/>\nlooping, kitchen beatbox, instrumente improvizate \u015fi voce, \u015fi B\u00e1ra<br \/>\nKratochv\u00edlov\u00e1 (ea), voce, clarinet, bass clarinet, saxofon, melodic\u0103, instrumente de<br \/>\nsuflat, \u201cmidi controler\u201d \u015fi alte juc\u0103rii. <\/p>\n<p>\u201cC\u00e2nt\u0103m \u00een limbi inexistente pentru radiouri inexistente\u201d, spune B\u00e1ra Kratochv\u00edlov\u00e1.<\/p>\n<p>Jurnali\u015ftii de muzic\u0103, au poreclit DVA, drept &#8221;Inclasificabilii&#8221;, fiind<br \/>\nconsidera\u0163i un adev\u0103rat fenomen pe scena alternativ\u0103 din Republica Ceh\u0103. <\/p>\n<p>\u00cenc\u0103 de la lansarea primului album, arti\u015ftii de origine ceh\u0103 se bucur\u0103, mul\u0163umit\u0103<br \/>\ncreativit\u0103\u0163ii lor, de aprecierea criticilor muzicali \u015fi a fanilor din \u00eentreaga lume.<br \/>\nCriticul de muzic\u0103 Charlie Gillett de la BBC a declarat albumul &#8221;Fon\u00f3k&#8221; drept unul<br \/>\ndintre cele mai bune albume ale anului 2009. Albumul &#8221;Fon\u00f3k&#8221; a fost nominalizat la<br \/>\npremiul muzical cehesc acordat anual &#8221;Angel&#8221;, iar videoclipul piesei Nunov\u00f3 Tang\u00f3<br \/>\na c\u00e2\u015ftigat premiul \u00eent\u00e2i la Festivalul Anifest.<\/p>\n<p>Dup\u0103 ce au lansat albumul &#8221;Fon\u00f3k&#8221;, Dva au sus\u0163inut concerte de succes \u00een \u0163\u0103rile<br \/>\ndin vestul Cehiei iar acum vin<br \/>\n\u015fi \u00een partea de est. \u00cen cadrul turneului &#8221;HU&#8221;, cei doi vor mai concerta \u00een<br \/>\nSlovacia, Ungaria, Austria, Slovenia, Bulgaria, Polonia \u015fi Ucraina. <\/p>\n<p>30 noiembrie \/ 20h00 \/ Green Hours \/ concert jazzy-ethno-world set \/ intrarea 15 ron<br \/>\n\/\/\/ 1 decembrie \/ 21h00 \/ Tago Mago \/ concert electro set \/ intrarea liber\u0103<\/p>\n<p>Eveniment organizat de Centrul Ceh  <\/p>\n<p>Pentru mai multe informa\u0163ii, interviuri cu trupa \u015fi imagini v\u0103 rug\u0103m s\u0103 o contacta\u0163i<br \/>\npe Veronica Angelescu de la Centrul Ceh. \/\/\/ tel: +40 724352927, email:<br \/>\nangelescu@czech.cz<\/p>\n<p>pentru a asculta DVA click aici:<br \/>\nhttp:\/\/www.youtube.com\/user\/CzechCentreBucharest?feature=mhum <\/p>\n<\/blockquote>\n","protected":false},"excerpt":{"rendered":"<p>am primit la redactie Centrul Ceh prezint\u0103 &#8221;HU Tour 2010&#8221;, o serie de concerte dedicate promov\u0103rii albumului &#8221;HU&#8221; al trupei DVA din Cehia. Materialul, care a f\u0103cut senza\u0163ie \u00een Republica Ceh\u0103 ajunge pentru prima dat\u0103 \u00een Rom\u00e2nia \u015fi va fi prezentat \u00een cadrul a dou\u0103 concerte excep\u0163ionale.<\/p>\n","protected":false},"author":2,"featured_media":0,"comment_status":"open","ping_status":"open","sticky":false,"template":"","format":"standard","meta":{"_jetpack_memberships_contains_paid_content":false,"footnotes":"","jetpack_publicize_message":"","jetpack_publicize_feature_enabled":true,"jetpack_social_post_already_shared":false,"jetpack_social_options":{"image_generator_settings":{"template":"highway","default_image_id":0,"font":"","enabled":false},"version":2}},"categories":[4],"tags":[507,506,508],"class_list":["post-1358","post","type-post","status-publish","format-standard","hentry","category-anunturi-culturale","tag-cehia","tag-concerte","tag-dva"],"jetpack_publicize_connections":[],"jetpack_featured_media_url":"","jetpack_sharing_enabled":true,"_links":{"self":[{"href":"https:\/\/blog.egophobia.ro\/index.php?rest_route=\/wp\/v2\/posts\/1358","targetHints":{"allow":["GET"]}}],"collection":[{"href":"https:\/\/blog.egophobia.ro\/index.php?rest_route=\/wp\/v2\/posts"}],"about":[{"href":"https:\/\/blog.egophobia.ro\/index.php?rest_route=\/wp\/v2\/types\/post"}],"author":[{"embeddable":true,"href":"https:\/\/blog.egophobia.ro\/index.php?rest_route=\/wp\/v2\/users\/2"}],"replies":[{"embeddable":true,"href":"https:\/\/blog.egophobia.ro\/index.php?rest_route=%2Fwp%2Fv2%2Fcomments&post=1358"}],"version-history":[{"count":2,"href":"https:\/\/blog.egophobia.ro\/index.php?rest_route=\/wp\/v2\/posts\/1358\/revisions"}],"predecessor-version":[{"id":1360,"href":"https:\/\/blog.egophobia.ro\/index.php?rest_route=\/wp\/v2\/posts\/1358\/revisions\/1360"}],"wp:attachment":[{"href":"https:\/\/blog.egophobia.ro\/index.php?rest_route=%2Fwp%2Fv2%2Fmedia&parent=1358"}],"wp:term":[{"taxonomy":"category","embeddable":true,"href":"https:\/\/blog.egophobia.ro\/index.php?rest_route=%2Fwp%2Fv2%2Fcategories&post=1358"},{"taxonomy":"post_tag","embeddable":true,"href":"https:\/\/blog.egophobia.ro\/index.php?rest_route=%2Fwp%2Fv2%2Ftags&post=1358"}],"curies":[{"name":"wp","href":"https:\/\/api.w.org\/{rel}","templated":true}]}}