{"id":1387,"date":"2011-01-11T13:25:45","date_gmt":"2011-01-11T11:25:45","guid":{"rendered":"http:\/\/blog.egophobia.ro\/?p=1387"},"modified":"2011-01-11T13:25:45","modified_gmt":"2011-01-11T11:25:45","slug":"patrick-calinescu-o-carte-mai-pu%c8%9bin-in-capul-meu","status":"publish","type":"post","link":"https:\/\/blog.egophobia.ro\/?p=1387","title":{"rendered":"Patrick C\u0103linescu &#8211; <i>O carte mai pu\u021bin \u00een capul meu<\/i>"},"content":{"rendered":"<p><strong>cel mai recent volum de proz\u0103 scurt\u0103 ap\u0103rut la Herg Benet<\/strong><\/p>\n<p>Editura Herg Benet are pl\u0103cerea de a anun\u021ba apari\u021bia volumului de proz\u0103 scurt\u0103 intitulat <em>O carte mai pu\u021bin \u00een capul meu<\/em>, semnat de Patrick C\u0103linescu.<\/p>\n<blockquote><p>\u201eInfinitatea de obiecte bombardeaz\u0103 orice gest uman. \u00cen momentul \u00een care ne credem st\u0103p\u00e2ni pe lucrurile din jurul nostru, suntem doar prin\u0219i \u00eentr-un mare joc al obiectelor, \u00een care semnificatul se joac\u0103 cu noi, aparen\u0163ii creatori ai semnificantului.<\/p>\n<p>Un posibil (la fel de posibil ca altele) mers al discursului este scuiparea din imprimant\u0103 \u0219i mestecarea cuvintelor prin ruperea lor \u00een molecule de glife cu o compozi\u021bie proprie dar recognoscibil\u0103 papilelor gustative ale creierului \u00eenv\u0103\u021bat ra\u021bional.<\/p>\n<p>Ce c\u00e2\u015ftig\u0103 cititorul? Pozi\u0163ia primordial\u0103, de \u00eentemeietor de lumi, prin care trebuie s\u0103 \u00ee\u015fi (auto)distrug\u0103 umanitatea pentru a se elibera de ceea ce nu este propriu sie\u015fi \u015fi pentru a na\u015fte noi sensuri doar pentru ceea ce conteaz\u0103. Este un katharsis ultramodern, v\u0103zut ca o c\u0103utare a autenticit\u0103\u0163ii \u00eentr-un curs continuu de reinventare.<\/p>\n<p>Ce aduce \u00een plus? Ironia nihilist\u0103 a cuvintelor rupte, jupuite de epiderma comun\u0103, c\u0103utarea dureroas\u0103 de sub cuvinte, r\u00e2c\u00e2irea cuvintelor cu \u00eentreaga fiin\u0163\u0103.\u201d (Alex Marten)\n<\/p><\/blockquote>\n<blockquote><p>Via\u0163a mea este un roman \u00een mai pu\u0163ine r\u00e2nduri \u015fi dec\u00e2t lunga sa prefa\u0163\u0103. \u015ei, \u00een mod necesar, mai amplu \u015fi dec\u00e2t o respira\u0163ie. Nu-l po\u0163i citi, a\u015fadar, dintr-un suflu, oric\u00e2t de umflat ar fi. Dar \u00eel po\u0163i termina la sf\u00e2r\u015fitul s\u0103u natural, s\u0103 sper, nu \u015fi cu al meu identic. S\u0103 fie a\u015fa, n-a\u015f mai avea timp nici s\u0103-mi trag ultima suflare, din lips\u0103 de spa\u0163iu.<br \/>\nM\u0103 gr\u0103besc, teribil, deci:<br \/>\nM-am n\u0103scut ca oricare om, la zero absolut ani, luni, s\u0103pt\u0103m\u00e2ni, zile, ore, minute \u015fi secunde. Nu intru \u015fi \u00een alte detalii de scar\u0103 temporal\u0103.<br \/>\nAm crescut, ca fiecare dintre noi, pornind de la propriul meu zero absolut, c\u0103ruia, clip\u0103 de clip\u0103, i-am ad\u0103ugat valoare cifric\u0103 prin adunarea cu el.<br \/>\nLa \u015fcoal\u0103 am mers mai mult dec\u00e2t a\u015f fi crezut. La un moment dat, spre sf\u00e2r\u015fitul ei, mi se acrise teribil. N-am vrut s\u0103 fiu niciodat\u0103 un \u00eenv\u0103\u0163at, dar \u015fcoala nu m-a \u00eenv\u0103\u0163at niciodat\u0103 contrariul.<br \/>\nAm iubit imens, pu\u0163in \u015fi variat. Femeile mi-au fost momente \u00een care via\u0163a mi s-a oprit pentru un scurt r\u0103gaz.<br \/>\nAm \u015fi p\u0103r\u0103sit, am \u015fi fost p\u0103r\u0103sit, dar niciodat\u0103 \u00een acela\u015fi timp. Dragostea este singurul sentiment uman profund ira\u0163ional, dar cu o disciplin\u0103 de fier.<br \/>\nMi s-a \u00eent\u00e2mplat s\u0103 \u015fi ur\u0103sc, dar irelevant. Ura este mult prea diafan\u0103 pentru a avea de-a face cu implica\u0163iile ei.<br \/>\nNu \u015ftiu \u00eenc\u0103, pe m\u0103sur\u0103 ce via\u0163a mi se desf\u0103\u015foar\u0103 \u00een linie for\u0163at\u0103, dac\u0103 voi muri \u00eentr-un fel sau altul. Important e s\u0103 mor numai \u00eentr-un fel, pe r\u00e2nd.<br \/>\nVia\u0163a mea \u00eenc\u0103 tr\u0103ie\u015fte. Romanul ei continu\u0103 \u00eenc\u0103.<br \/>\nEu am murit \u00een scris. (O carte mai pu\u021bin \u00een capul meu, Patrick C\u0103linescu, Herg Benet, 2010)<\/p><\/blockquote>\n<p><img decoding=\"async\" src=\"http:\/\/i158.photobucket.com\/albums\/t103\/egophobia\/blog\/Patrick-Calinescu-O-carte-mai-putin-in-capul-meu.jpg\" width=300 align=center><\/p>\n<p>Patrick C\u0103linescu s-a n\u0103scut pe 19 noiembrie 1976, \u00een Ia\u0219i.<br \/>\nA urmat studii de filologie \u0219i a publicat in revistele Tomis, Vatra, Convorbiri literare \u0219i \u00een e-revistele EgoPHobia, AgoraONLINE, Respiro, Liternet, Tiuk!.<br \/>\nPrima sa carte, <em>Textul dintre texte<\/em>, a ap\u0103rut \u00een 2003 la editura Aula din Bra\u015fov.<br \/>\nA doua carte, <em>Stele verzi<\/em>, este un experiment virtual intitulat \u00abroman online\u00bb, \u015fi a ap\u0103rut pe parcursul anului 2009, \u00een foileton, \u00een cadrul e-revistei EgoPHobia.<br \/>\nBlog personal: <a href=\"http:\/\/www.jurnaleidotomic.egophobia.ro\">www.jurnaleidotomic.egophobia.ro<\/a> (patronat de e-revista EgoPHobia).<\/p>\n<p>Volumul <em>O carte mai pu\u021bin \u00een capul meu<\/em> este recomandat de e-revista EgoPHobia.<br \/>\nCartea poate fi comandata online din <a href=\"http:\/\/www.libraria.hergbenet.ro\/?category=3&#038;product_id=6\">e-libr\u0103ria Herg Benet<\/a>, la pre\u021bul de 26 lei. <\/p>\n<p>Tot din <a href=\"http:\/\/www.libraria.hergbenet.ro\">e-libr\u0103ria Herg Benet<\/a> pute\u021bi achizi\u021biona \u0219i <em>SUROGAT<\/em> de Sorin-Mihai Grad \u0219i <em>S\u00e2nge satanic<\/em> de Cristina Nemerovschi.<\/p>\n","protected":false},"excerpt":{"rendered":"<p>cel mai recent volum de proz\u0103 scurt\u0103 ap\u0103rut la Herg Benet Editura Herg Benet are pl\u0103cerea de a anun\u021ba apari\u021bia volumului de proz\u0103 scurt\u0103 intitulat O carte mai pu\u021bin \u00een capul meu, semnat de Patrick C\u0103linescu. \u201eInfinitatea de obiecte bombardeaz\u0103 orice gest uman. \u00cen momentul \u00een care ne credem st\u0103p\u00e2ni pe lucrurile din jurul nostru, [&hellip;]<\/p>\n","protected":false},"author":2,"featured_media":0,"comment_status":"open","ping_status":"open","sticky":false,"template":"","format":"standard","meta":{"_jetpack_memberships_contains_paid_content":false,"footnotes":"","jetpack_publicize_message":"","jetpack_publicize_feature_enabled":true,"jetpack_social_post_already_shared":false,"jetpack_social_options":{"image_generator_settings":{"template":"highway","default_image_id":0,"font":"","enabled":false},"version":2}},"categories":[4,22],"tags":[445,160,196],"class_list":["post-1387","post","type-post","status-publish","format-standard","hentry","category-anunturi-culturale","category-recomandari","tag-herg-benet-publishers","tag-lansare","tag-patrick-calinescu"],"jetpack_publicize_connections":[],"jetpack_featured_media_url":"","jetpack_sharing_enabled":true,"_links":{"self":[{"href":"https:\/\/blog.egophobia.ro\/index.php?rest_route=\/wp\/v2\/posts\/1387","targetHints":{"allow":["GET"]}}],"collection":[{"href":"https:\/\/blog.egophobia.ro\/index.php?rest_route=\/wp\/v2\/posts"}],"about":[{"href":"https:\/\/blog.egophobia.ro\/index.php?rest_route=\/wp\/v2\/types\/post"}],"author":[{"embeddable":true,"href":"https:\/\/blog.egophobia.ro\/index.php?rest_route=\/wp\/v2\/users\/2"}],"replies":[{"embeddable":true,"href":"https:\/\/blog.egophobia.ro\/index.php?rest_route=%2Fwp%2Fv2%2Fcomments&post=1387"}],"version-history":[{"count":2,"href":"https:\/\/blog.egophobia.ro\/index.php?rest_route=\/wp\/v2\/posts\/1387\/revisions"}],"predecessor-version":[{"id":1389,"href":"https:\/\/blog.egophobia.ro\/index.php?rest_route=\/wp\/v2\/posts\/1387\/revisions\/1389"}],"wp:attachment":[{"href":"https:\/\/blog.egophobia.ro\/index.php?rest_route=%2Fwp%2Fv2%2Fmedia&parent=1387"}],"wp:term":[{"taxonomy":"category","embeddable":true,"href":"https:\/\/blog.egophobia.ro\/index.php?rest_route=%2Fwp%2Fv2%2Fcategories&post=1387"},{"taxonomy":"post_tag","embeddable":true,"href":"https:\/\/blog.egophobia.ro\/index.php?rest_route=%2Fwp%2Fv2%2Ftags&post=1387"}],"curies":[{"name":"wp","href":"https:\/\/api.w.org\/{rel}","templated":true}]}}