{"id":1463,"date":"2011-06-27T13:29:11","date_gmt":"2011-06-27T11:29:11","guid":{"rendered":"http:\/\/blog.egophobia.ro\/?p=1463"},"modified":"2011-06-27T13:29:11","modified_gmt":"2011-06-27T11:29:11","slug":"concurs-de-debut-max-blecher-%e2%80%93-herg-benet","status":"publish","type":"post","link":"https:\/\/blog.egophobia.ro\/?p=1463","title":{"rendered":"Concurs de debut Max Blecher \u2013 Herg Benet"},"content":{"rendered":"\n<p>Pe parcursul ultimului an, dou\u0103 edituri recent fondate \u2013 Casa de Editur\u0103 Max Blecher (<a href=\"http:\/\/maxblecher.ro\/\">http:\/\/maxblecher.ro<\/a>) \u015fi Editura Herg Benet (<a href=\"http:\/\/www.hergbenet.ro\/\">http:\/\/www.hergbenet.ro<\/a>) \u2013 au demonstrat, prin apari\u0163iile pe pia\u0163a de carte pe care le-au propus \u015fi promovat, c\u0103 se axeaz\u0103 pe cele mai noi discursuri literare contemporane. Miza acestor edituri a fost de la \u00eenceput reprezentat\u0103 de autorii originali \u015fi ne\u00eenregimenta\u0163i, a c\u0103ror literatur\u0103 poate deschide noi perspective \u015fi direc\u0163ii de expresivitate.<\/p>\n<p>Dezideratul comun al Casei de Editur\u0103 Max Blecher \u015fi al Editurii Herg Benet de a sprijini literatura t\u00e2n\u0103r\u0103 valoroas\u0103 a \u00eent\u00e2lnit necesitatea tot mai evident\u0103 de a lansa un concurs de debut \u00een care manuscrisele trimise chiar s\u0103 fie citite. Concursul de debut Max Blecher \u2013 Herg Benet li se adreseaz\u0103 celor \u00eencrez\u0103tori \u00een puterea literaturii \u015fi \u00een propriul talent, celor care s-au s\u0103turat de competi\u0163iile fictive ale c\u0103ror rezultate se cunosc cu c\u00e2teva luni \u00eenainte de final. Acest concurs e pentru to\u0163i cei ignora\u0163i de sistemul editorial pentru a nu tulbura cumva pasivitatea, lipsa de idei \u015fi ierarhiile \u201ebreslei\u201d. O \u015fans\u0103 pentru scriitorii nedebuta\u0163i \u00een volum de a-\u015fi face cunoscut numele \u2013 \u015fi, fire\u015fte, pentru editori, de a propune publicului c\u0103r\u0163i adev\u0103rate, actuale, greu de uitat.<\/p>\n<p><strong>Desf\u0103\u015furare:<br \/>\n<\/strong><br \/>\nConcursul va avea dou\u0103 sec\u0163iuni: Poezie \u015fi Proz\u0103.<\/p>\n<p>Condi\u0163ia principal\u0103 este ca participantul s\u0103 nu fi debutat p\u00e2n\u0103 acum \u00een volum, indiferent c\u0103 este vorba despre poezie sau proz\u0103. Nu exist\u0103 limit\u0103 de v\u00e2rst\u0103 pentru \u00eenscriere.<\/p>\n<p>Premiul const\u0103 \u00een publicarea a 4 manuscrise c\u0103\u015ftig\u0103toare, dou\u0103 de poezie \u015fi dou\u0103 de proz\u0103, Casa de Editur\u0103 Max Blecher \u015fi Editura Herg Benet urm\u00e2nd a publica c\u00e2te un manuscris din cele dou\u0103 genuri literare \u00een toamna anului 2011.<\/p>\n<p>Adresa de e-mail la care vor fi trimise manuscrisele este <a href=\"mailto:debutMBHB@gmail.com\">debutMBHB@gmail.com<\/a><\/p>\n<p>Data limit\u0103 p\u00e2n\u0103 la care pot fi \u00eenscrise manuscrisele \u00een concurs este 31 august 2011. Manuscrisele vor fi citite de c\u0103tre 7 scriitori \u015fi editori, iar decizia juriului va fi comunicat\u0103 p\u00e2n\u0103 la sf\u00e2r\u015fitul lunii septembrie a acestui an.<\/p>\n<p>Volumele c\u00e2\u015ftig\u0103toare vor fi lansate \u015fi promovate \u00een cadrul T\u00e2rgului de Carte Gaudeamus 2011.<\/p>\n<p><strong>Regulament:<\/p>\n<p><\/strong><br \/>\nPentru a se \u00eenscrie \u00een concurs, participantul \u00ee\u015fi va face o adres\u0103 de e-mail Yahoo!, cu numele manuscrisului pe care \u00eel propune juriului. De exemplu, un participant al c\u0103rui manuscris poart\u0103 titlul \u201ccea\u0163\u0103 verde\u201d va avea adresa de e-mail<a href=\"mailto:ceataverde@yahoo.com\">ceataverde@yahoo.com<\/a>. Numele partipantului NU va fi precizat \u00een e-mailul trimis juriului, ce va con\u0163ine manuscrisul, \u015fi nici \u00een interiorul manuscrisului. \u00cenc\u0103lcarea acestei reguli duce la descalificarea automat\u0103.<\/p>\n<p>Este obligatoriu ca fiecare manuscris, indiferent de genul literar, s\u0103 aib\u0103 o \u00eentindere suficient\u0103 pentru a constitui, de sine st\u0103t\u0103tor, un volum tip\u0103rit.<\/p>\n<p>La sec\u0163iunea Proz\u0103, participantul se poate \u00eenscrie at\u00e2t cu proz\u0103 scurt\u0103, c\u00e2t \u015fi cu roman.<\/p>\n<p><strong>JURIUL<\/strong> concursului este format din scriitorii: Ioan Es. Pop, Liviu Antonesei, Radu Vancu, Dan Coman, R\u0103zvan \u0162upa \u015fi editorii Claudiu Komartin \u015fi Alexandru Voicescu.<\/p>\n<p>Membrii juriului nu vor cunoa\u015fte identitatea concuren\u0163ilor, aceasta urm\u00e2nd a fi dezv\u0103luit\u0103 dup\u0103 desemnarea manuscriselor c\u00e2\u015ftig\u0103toare.<\/p>\n","protected":false},"excerpt":{"rendered":"<p>Pe parcursul ultimului an, dou\u0103 edituri recent fondate \u2013 Casa de Editur\u0103 Max Blecher (http:\/\/maxblecher.ro) \u015fi Editura Herg Benet (http:\/\/www.hergbenet.ro) \u2013 au demonstrat, prin apari\u0163iile pe pia\u0163a de carte pe care le-au propus \u015fi promovat, c\u0103 se axeaz\u0103 pe cele mai noi discursuri literare contemporane. Miza acestor edituri a fost de la \u00eenceput reprezentat\u0103 de [&hellip;]<\/p>\n","protected":false},"author":2,"featured_media":0,"comment_status":"open","ping_status":"open","sticky":false,"template":"","format":"standard","meta":{"_jetpack_memberships_contains_paid_content":false,"footnotes":"","jetpack_publicize_message":"","jetpack_publicize_feature_enabled":true,"jetpack_social_post_already_shared":false,"jetpack_social_options":{"image_generator_settings":{"template":"highway","default_image_id":0,"font":"","enabled":false},"version":2}},"categories":[4,22],"tags":[76,85,543,445,173],"class_list":["post-1463","post","type-post","status-publish","format-standard","hentry","category-anunturi-culturale","category-recomandari","tag-claudiu-komartin","tag-concurs","tag-debut","tag-herg-benet-publishers","tag-max-blecher"],"jetpack_publicize_connections":[],"jetpack_featured_media_url":"","jetpack_sharing_enabled":true,"_links":{"self":[{"href":"https:\/\/blog.egophobia.ro\/index.php?rest_route=\/wp\/v2\/posts\/1463","targetHints":{"allow":["GET"]}}],"collection":[{"href":"https:\/\/blog.egophobia.ro\/index.php?rest_route=\/wp\/v2\/posts"}],"about":[{"href":"https:\/\/blog.egophobia.ro\/index.php?rest_route=\/wp\/v2\/types\/post"}],"author":[{"embeddable":true,"href":"https:\/\/blog.egophobia.ro\/index.php?rest_route=\/wp\/v2\/users\/2"}],"replies":[{"embeddable":true,"href":"https:\/\/blog.egophobia.ro\/index.php?rest_route=%2Fwp%2Fv2%2Fcomments&post=1463"}],"version-history":[{"count":1,"href":"https:\/\/blog.egophobia.ro\/index.php?rest_route=\/wp\/v2\/posts\/1463\/revisions"}],"predecessor-version":[{"id":1464,"href":"https:\/\/blog.egophobia.ro\/index.php?rest_route=\/wp\/v2\/posts\/1463\/revisions\/1464"}],"wp:attachment":[{"href":"https:\/\/blog.egophobia.ro\/index.php?rest_route=%2Fwp%2Fv2%2Fmedia&parent=1463"}],"wp:term":[{"taxonomy":"category","embeddable":true,"href":"https:\/\/blog.egophobia.ro\/index.php?rest_route=%2Fwp%2Fv2%2Fcategories&post=1463"},{"taxonomy":"post_tag","embeddable":true,"href":"https:\/\/blog.egophobia.ro\/index.php?rest_route=%2Fwp%2Fv2%2Ftags&post=1463"}],"curies":[{"name":"wp","href":"https:\/\/api.w.org\/{rel}","templated":true}]}}