{"id":1496,"date":"2011-10-12T22:40:37","date_gmt":"2011-10-12T20:40:37","guid":{"rendered":"http:\/\/blog.egophobia.ro\/?p=1496"},"modified":"2011-10-12T22:41:24","modified_gmt":"2011-10-12T20:41:24","slug":"icr-berlin-sustine-filmul-romanesc-la-munchen-berlin-si-cottbus","status":"publish","type":"post","link":"https:\/\/blog.egophobia.ro\/?p=1496","title":{"rendered":"ICR Berlin sus\u0163ine filmul rom\u00e2nesc la M\u00fcnchen, Berlin \u015fi Cottbus"},"content":{"rendered":"<p>La un an de la succesul festivalului de film &#8222;Rekonstruktion.Filmland Rum\u00e4nien&#8221;, filmul rom\u00e2nesc este din nou \u00een prim plan \u00een Germania.<br \/>\nM\u00e2ine, 13 octombrie, are loc deschiderea Festivalului de Film Rom\u00e2nesc de la M\u00fcnchen cu filmul AURORA, de Cristi Puiu, \u00een prezen\u0163a regizorului \u015fi cu sprijinul ICR Berlin.<br \/>\nCu aceast\u0103 ocazie vor fi proiectate \u00een celebrul Filmmuseum din M\u00fcnchen o serie de filme de mare succes: LA DRUMUL MARE, regia Gabriel S\u00eerbu; EU C\u00c2ND VREAU S\u0102 FLUIER, FLUIER, regia Florin \u015eerban; MEGATRON, regia Marian Cri\u015fan; AMATORUL, regia Marian Cri\u015fan; LOVERBOY, regia C\u0103t\u0103lin Mitulescu; APARTAMENTUL, regia Constantin Popescu; INTERIOR. SCARA DE BLOC,  regia Ciprian Alexandrescu; DERBY, regia Paul Negoescu; COLIVIA, regia Adrian Sitaru; RENOVARE, regia Paul Negoescu; PORTRETUL LUPT\u0102TORULUI LA TINERE\u0162E, regia Constantin Popescu; BUCURE\u015eTI \u2013 BERLIN, regia Anca Miruna Lazarescu; O FOARTE SCURT\u0102 TRILOGIE DESPRE SINGUR\u0102TATE, regia Bogdan George Apetri; PERIFERIC, regia Bogdan George Apetri; APELE TAC, regia Anca Miruna Laz\u0103rescu; MORGEN, regia Marian Cri\u015fan; CANTON, regia Constantin Popescu; EUROPOLIS, regia Cornel Gheorghi\u0163\u0103; APA, regia Constantin Popescu; PRINCIPII DE VIA\u0162\u0102, regia Constantin Popescu.<!--more--><\/p>\n<p>ICR Berlin continu\u0103 seria de masterclass-uri de succes ini\u0163iat\u0103 \u00een 2011, \u201eFilm, re\u0163eta noastr\u0103 secret\u0103\u201d, \u015fi prezint\u0103 pe 20 octombrie, de la orele 17.30, \u00een cinematograful FSK din Berlin Kreuzberg, filmul \u201ePeriferic\u201d, \u00een regia lui Bogdan George Apetri. Debutul \u00een lungmetraj a lui Apetri a fost premiat la Locarno \u015fi s-a bucurat de numeroase selec\u0163ii la festivaluri interna\u0163ionale de film. Regizorul va fi prezent la eveniment pentru a purta o discu\u0163ie dup\u0103 proiec\u0163ie cu publicul \u015fi cu studen\u0163ii invita\u0163i de la \u015fcolile de film din Berlin \u015fi Potsdam.<br \/>\nTot \u00een aria de film, ICR Berlin sus\u0163ine participarea rom\u00e2neasc\u0103 la dou\u0103 festivaluri importante de film din Germania.<br \/>\nFestivalul Interna\u0163ional de Film de la Cottbus va avea loc \u00eentre 1 \u015fi 6 noiembrie 2011 \u00een ora\u015ful Cottbus. Festivalul a fost \u00eenfiin\u0163at \u00een 1991 cu inten\u0163ia de a prezenta filmer din Europa de Est pe pia\u0163a german\u0103 \u015fi de a urm\u0103ri cum reflect\u0103 regizorii din fostele \u0163\u0103ri socialiste schimb\u0103rile sociale \u015fi politice din statele lor de provenien\u0163\u0103. Anul acesta la competi\u0163ia de lungmetraj a fost selectat filmul &#8222;Crulic&#8221;, \u00een regia Anc\u0103i Damian. \u00cen cadrul competi\u0163iei de scurtmetraj particip\u0103 regizorul Mihai \u015eofronea cu \u201eA\u015ftept\u00e2nd zorile\u201d, iar \u00een cadrul sec\u0163iunii Fokus &#8211; Osteuropa der Regionen, a fost selec\u0163ionat\u0103 pelicula &#8222;Dac\u0103 bobu&#8217; nu moare&#8221; de Sinisa Dragin.<br \/>\nUn alt prestigios festival de film, Babylon 14 din Berlin, are loc \u00een cinematograful Babylon (Mitte). \u00cen anii trecu\u0163i au participat, cu sus\u0163inerea ICR Berlin, filmele \u201eMoartea domnului L\u0103z\u0103rescu\u201d de Cristi Puiu,  \u201eCalifornia dreamin\u2019 (nesf\u00e2r\u015fit)\u201d, de Cristian Nemescu, \u201eA fost sau n-a fost\u201d de Corneliu Porumboiu, \u201ePescuit sportiv\u201d de Adrian Sitaru \u015fi \u201eAutobiografia lui Nicolae Ceau\u015fescu\u201d a lui Andrei Ujic\u0103.<br \/>\nFestivalul, care are loc \u00eentre 25 noiembrie \u015fi 3 decembrie, a invitat filmul \u201eMorgen\u201d a lui Marian Cri\u015fan. Patronajul filmului va fi preluat de un regizor german sau de o personalitate german\u0103, al c\u0103rui nume va fi dat publict\u0103\u0163ii \u00een luna noiembrie. <\/p>\n<p>Anul 2011 se va \u00eencheia tot sub semnul filmului la ICR Berlin, c\u0103ci pentru prima dat\u0103 \u00een Berlin are loc un mini-festival dedicat filmelor de scurtmetraj din Rom\u00e2nia intitulat \u201eShorts UP!\u201d. Proiectul cuprinde dou\u0103 p\u0103r\u0163i: o lung\u0103 sear\u0103 a scurtmetrajului rom\u00e2nesc \u00een cinematograful FSK din Berlin Kreuzberg \u015fi o prezentare special\u0103 cu filme studen\u0163e\u015fti \u00een sala mare a Universit\u0103\u0163ii de Film \u015fi Televiziune HFF Konrad Wolf Potsdam.<br \/>\nPe 3 decembrie, de la orele 19.00, are loc proiec\u0163ia unei selec\u0163ii de circa 14 scurtmetraje recente \u015fi premiate pe plan interna\u0163ional, \u00een prezen\u0163a regizorilor. Ace\u015ftia vor participa la o discu\u0163ie despre produc\u0163ia scurtmetrajelor, despre pozi\u0163ia tinerilor regizori rom\u00e2ni \u00een industria cinematografic\u0103, masa\u0103 rotund\u0103 moderat\u0103 de un critic de film german. \u00cen cadrul acestei seri,  ICR Berlin aduce un omagiu lui Cristian Mungiu, prezent\u00e2nd \u00een premier\u0103 publicului german trei scurtmetraje ale sale: \u201eZapping\u201d, \u201eNici o \u00eent\u00e2mplare\u201d, \u201eCorul pompierilor\u201d.<br \/>\nProiec\u0163ia scurtmetrajelor studen\u0163e\u015fti va avea loc pe 5 decembrie la ora 17.00 la Universitatea de Film \u015fi Televiziune HFF Konrad Wolf din Potsdam. \u00cen cadrul evenimentului organizat special pentru studen\u0163ii HFF Potsdam vor fi prezen\u0163i tineri regizori, precum \u015fi un reprezentant al UNATC Bucure\u015fti, care vor discuta despre posibilit\u0103\u0163ile oferite \u00een cadrul studiului \u00een Germania \u015fi Rom\u00e2nia.<\/p>\n","protected":false},"excerpt":{"rendered":"<p>La un an de la succesul festivalului de film &#8222;Rekonstruktion.Filmland Rum\u00e4nien&#8221;, filmul rom\u00e2nesc este din nou \u00een prim plan \u00een Germania. M\u00e2ine, 13 octombrie, are loc deschiderea Festivalului de Film Rom\u00e2nesc de la M\u00fcnchen cu filmul AURORA, de Cristi Puiu, \u00een prezen\u0163a regizorului \u015fi cu sprijinul ICR Berlin. Cu aceast\u0103 ocazie vor fi proiectate \u00een [&hellip;]<\/p>\n","protected":false},"author":2,"featured_media":0,"comment_status":"open","ping_status":"open","sticky":false,"template":"","format":"standard","meta":{"_jetpack_memberships_contains_paid_content":false,"footnotes":"","jetpack_publicize_message":"","jetpack_publicize_feature_enabled":true,"jetpack_social_post_already_shared":false,"jetpack_social_options":{"image_generator_settings":{"template":"highway","default_image_id":0,"font":"","enabled":false},"version":2}},"categories":[4,22],"tags":[530,468,532],"class_list":["post-1496","post","type-post","status-publish","format-standard","hentry","category-anunturi-culturale","category-recomandari","tag-filme","tag-icr-berlin","tag-recomandare"],"jetpack_publicize_connections":[],"jetpack_featured_media_url":"","jetpack_sharing_enabled":true,"_links":{"self":[{"href":"https:\/\/blog.egophobia.ro\/index.php?rest_route=\/wp\/v2\/posts\/1496","targetHints":{"allow":["GET"]}}],"collection":[{"href":"https:\/\/blog.egophobia.ro\/index.php?rest_route=\/wp\/v2\/posts"}],"about":[{"href":"https:\/\/blog.egophobia.ro\/index.php?rest_route=\/wp\/v2\/types\/post"}],"author":[{"embeddable":true,"href":"https:\/\/blog.egophobia.ro\/index.php?rest_route=\/wp\/v2\/users\/2"}],"replies":[{"embeddable":true,"href":"https:\/\/blog.egophobia.ro\/index.php?rest_route=%2Fwp%2Fv2%2Fcomments&post=1496"}],"version-history":[{"count":2,"href":"https:\/\/blog.egophobia.ro\/index.php?rest_route=\/wp\/v2\/posts\/1496\/revisions"}],"predecessor-version":[{"id":1498,"href":"https:\/\/blog.egophobia.ro\/index.php?rest_route=\/wp\/v2\/posts\/1496\/revisions\/1498"}],"wp:attachment":[{"href":"https:\/\/blog.egophobia.ro\/index.php?rest_route=%2Fwp%2Fv2%2Fmedia&parent=1496"}],"wp:term":[{"taxonomy":"category","embeddable":true,"href":"https:\/\/blog.egophobia.ro\/index.php?rest_route=%2Fwp%2Fv2%2Fcategories&post=1496"},{"taxonomy":"post_tag","embeddable":true,"href":"https:\/\/blog.egophobia.ro\/index.php?rest_route=%2Fwp%2Fv2%2Ftags&post=1496"}],"curies":[{"name":"wp","href":"https:\/\/api.w.org\/{rel}","templated":true}]}}