{"id":1525,"date":"2011-11-09T22:53:01","date_gmt":"2011-11-09T20:53:01","guid":{"rendered":"http:\/\/blog.egophobia.ro\/?p=1525"},"modified":"2011-11-09T22:53:01","modified_gmt":"2011-11-09T20:53:01","slug":"castigatorii-concursului-de-debut-max-blecher-%e2%80%93-herg-benet","status":"publish","type":"post","link":"https:\/\/blog.egophobia.ro\/?p=1525","title":{"rendered":"C\u00e2\u0219tig\u0103torii concursului de debut Max Blecher \u2013 Herg Benet"},"content":{"rendered":"<blockquote>\n<p align=justify>Casa de editur\u0103 Max Blecher \u0219i editura Herg Benet anun\u021b\u0103 oficial c\u00e2\u0219tig\u0103torii concursului de debut, care s-a \u00eencheiat pe data de 1 noiembrie, cu decizia juriului format din Ioan Es. Pop, Liviu Antonesei, Dan Coman, Radu Vancu, R\u0103zvan \u021aupa, completat de editorii Claudiu Komartin \u0219i Alex Voicescu.<\/p>\n<p>La fiecare sec\u021biune \u2013 poezie \u0219i proz\u0103 \u2013 au fost desemna\u021bi doi c\u00e2\u0219tig\u0103tori. Tot la fiecare sec\u021biune, au fost acordate dou\u0103 men\u021biuni.<\/p>\n<p>Autorii \u0219i manuscrisele c\u00e2\u0219tig\u0103toare sunt:<\/p>\n<p>Poezie:<br \/>\n1.\tMatei Hutopila \u2013 <em>Copci<\/em><br \/>\n1.\tGeorge Serediuc \u2013 <em>Soarele mecanic<\/em><\/p>\n<p>Men\u021biuni:<br \/>\n3. Teodora Coman \u2013 <em>C\u00e2rti\u021ba de mansard\u0103<\/em><br \/>\n3. Cristina Stancu \u2013 <em>Copilul \u00een c\u0103ma\u0219a de sticl\u0103<\/em><\/p>\n<p>Proz\u0103:<br \/>\n1.\tGabriel Andronache \u2013 <em>Ich Bin Ein Berliner<\/em><br \/>\n1.\tCosmin C\u00eerciova \u2013 <em>Voia<\/em><\/p>\n<p>Men\u021biuni:<br \/>\n3. Cosmin Leucu\u0163a \u2013 <em>Laptele negru al mamei<\/em><br \/>\n3. Alexandru Ro\u015fu \u2013 <em>Sinuciga\u0219ii fumeaz\u0103 \u00eentotdeauna PM<\/em><\/p>\n<p>Cei patru c\u00e2\u0219tig\u0103tori vor fi invita\u021bii celei de-a 49-a edi\u021bii a Institutului Blecher, moderat de Claudiu Komartin, care va avea loc pe data de 13 noiembrie, la clubul El Primer Comandante, Strada Sf. \u0218tefan, nr. 13, de la ora 15.00.<\/p>\n<p>Cele patru manuscrise c\u00e2\u0219tig\u0103toare vor fi publicate de Casa de editur\u0103 Max Blecher \u0219i Herg Benet \u0219i vor avea lansarea \u00een cadrului T\u00e2rgului de carte Gaudeamus, 23-27 noiembrie 2011.<\/p>\n<p>Autorii manuscriselor care au primit men\u021biune din partea juriului vor avea \u0219ansa de a ob\u021bine feedback din partea cititorilor prin publicarea \u00een revistele Poesis Interna\u021bional \u0219i EgoPHobia.<\/p>\n<p>La concursul organizat de Casa de editur\u0103 Max Blecher \u0219i Editura Herg Benet s-au \u00eenscris peste 200 de manuscrise. Identitatea autorilor a r\u0103mas necunoscut\u0103 juriului, p\u00e2n\u0103 \u00een momentul anun\u021b\u0103rii titlurilor manuscriselor c\u00e2\u0219tig\u0103toare. Juriul s-a ar\u0103tat impresionat de calitatea manuscriselor oferite spre evaluare.<\/p>\n<p>Organizatorii felicit\u0103 membrii juriului, pentru r\u0103bdare, promptitudine \u0219i obiectivitate, felicit\u0103 de asemenea tot\u021bi participan\u021bii \u0219i, \u00eenc\u0103 o dat\u0103, c\u00e2\u0219tig\u0103torii. V\u0103 a\u0219tept\u0103m s\u0103 \u00eei cunoa\u0219te\u021bi mai bine la cea de-a 49-a edi\u021bie a Institutului Blecher, pe 13 noiembrie.<\/p><\/blockquote>\n<p><a href=\"http:\/\/i158.photobucket.com\/albums\/t103\/egophobia\/blog\/afisblecher49.jpg\" target=\"_blank\"><img decoding=\"async\" src=\"http:\/\/i158.photobucket.com\/albums\/t103\/egophobia\/blog\/afisblecher49.jpg\" width=400><\/a><\/p>\n","protected":false},"excerpt":{"rendered":"<p>Casa de editur\u0103 Max Blecher \u0219i editura Herg Benet anun\u021b\u0103 oficial c\u00e2\u0219tig\u0103torii concursului de debut, care s-a \u00eencheiat pe data de 1 noiembrie, cu decizia juriului format din Ioan Es. Pop, Liviu Antonesei, Dan Coman, Radu Vancu, R\u0103zvan \u021aupa, completat de editorii Claudiu Komartin \u0219i Alex Voicescu. La fiecare sec\u021biune \u2013 poezie \u0219i proz\u0103 \u2013 [&hellip;]<\/p>\n","protected":false},"author":2,"featured_media":0,"comment_status":"open","ping_status":"open","sticky":false,"template":"","format":"standard","meta":{"_jetpack_memberships_contains_paid_content":false,"footnotes":"","jetpack_publicize_message":"","jetpack_publicize_feature_enabled":true,"jetpack_social_post_already_shared":false,"jetpack_social_options":{"image_generator_settings":{"template":"highway","default_image_id":0,"font":"","enabled":false},"version":2}},"categories":[4,22],"tags":[85,445,173],"class_list":["post-1525","post","type-post","status-publish","format-standard","hentry","category-anunturi-culturale","category-recomandari","tag-concurs","tag-herg-benet-publishers","tag-max-blecher"],"jetpack_publicize_connections":[],"jetpack_featured_media_url":"","jetpack_sharing_enabled":true,"_links":{"self":[{"href":"https:\/\/blog.egophobia.ro\/index.php?rest_route=\/wp\/v2\/posts\/1525","targetHints":{"allow":["GET"]}}],"collection":[{"href":"https:\/\/blog.egophobia.ro\/index.php?rest_route=\/wp\/v2\/posts"}],"about":[{"href":"https:\/\/blog.egophobia.ro\/index.php?rest_route=\/wp\/v2\/types\/post"}],"author":[{"embeddable":true,"href":"https:\/\/blog.egophobia.ro\/index.php?rest_route=\/wp\/v2\/users\/2"}],"replies":[{"embeddable":true,"href":"https:\/\/blog.egophobia.ro\/index.php?rest_route=%2Fwp%2Fv2%2Fcomments&post=1525"}],"version-history":[{"count":3,"href":"https:\/\/blog.egophobia.ro\/index.php?rest_route=\/wp\/v2\/posts\/1525\/revisions"}],"predecessor-version":[{"id":1528,"href":"https:\/\/blog.egophobia.ro\/index.php?rest_route=\/wp\/v2\/posts\/1525\/revisions\/1528"}],"wp:attachment":[{"href":"https:\/\/blog.egophobia.ro\/index.php?rest_route=%2Fwp%2Fv2%2Fmedia&parent=1525"}],"wp:term":[{"taxonomy":"category","embeddable":true,"href":"https:\/\/blog.egophobia.ro\/index.php?rest_route=%2Fwp%2Fv2%2Fcategories&post=1525"},{"taxonomy":"post_tag","embeddable":true,"href":"https:\/\/blog.egophobia.ro\/index.php?rest_route=%2Fwp%2Fv2%2Ftags&post=1525"}],"curies":[{"name":"wp","href":"https:\/\/api.w.org\/{rel}","templated":true}]}}