{"id":1726,"date":"2012-06-28T08:48:17","date_gmt":"2012-06-28T06:48:17","guid":{"rendered":"http:\/\/blog.egophobia.ro\/?p=1726"},"modified":"2012-06-28T08:48:40","modified_gmt":"2012-06-28T06:48:40","slug":"concursul-de-debut-max-blecher-herg-benet-editia-a-ii-a","status":"publish","type":"post","link":"https:\/\/blog.egophobia.ro\/?p=1726","title":{"rendered":"Concursul de debut Max Blecher \u2013 Herg Benet, edi\u021bia a II-a"},"content":{"rendered":"<p>Casa de editur\u0103 Max Blecher (www.maxblecher.ro) \u0219i Editura Herg Benet (www.hergbenet.ro) organizeaz\u0103 edi\u021bia a II-a a concursului anual de debut, continu\u00e2nd ini\u021biativa pornit\u0103 \u00een 2011, al c\u0103rei scop este descoperirea \u0219i publicarea unor autori valoro\u0219i \u00eenc\u0103 nedebuta\u021bi \u00een volum. Un concurs deschis poe\u021bilor \u0219i prozatorilor preg\u0103ti\u021bi s\u0103 propun\u0103 publicului c\u0103r\u021bi puternice \u0219i originale pe care cele dou\u0103 edituri le vor publica \u0219i promova \u00een maniera \u00een care au f\u0103cut-o cu volumele c\u00e2\u0219tig\u0103toare ale primei edi\u021bii.<\/p>\n<p>Desf\u0103\u0219urare:<br \/>\nConcursul va avea dou\u0103 sec\u021biuni: Poezie \u0219i Proz\u0103.<br \/>\nCondi\u021bia principal\u0103 este ca participantul s\u0103 nu fi debutat p\u00e2n\u0103 acum \u00een volum. Nu exist\u0103 limit\u0103 de v\u00e2rst\u0103 pentru \u00eenscriere.<br \/>\nPremiul const\u0103 \u00een publicarea a dou\u0103 manuscrise c\u00e2\u0219tig\u0103toare, astfel: la Casa de editur\u0103 Max Blecher va ap\u0103rea volumul de poezie, iar la Editura Herg Benet volumul de proz\u0103 care au \u00eentrunit cele mai mari punctaje \u00een urma juriz\u0103rii.<br \/>\nAdresa de e-mail la care pot fi \u00eenscrise manuscrisele este debutMBHB@gmail.com<\/p>\n<p>Data limit\u0103 p\u00e2n\u0103 la care pot fi \u00eenscrise \u00een concurs manuscrisele este 15 septembrie 2012.<\/p>\n<p>Juriul concursului de debut pentru poezie este alc\u0103tuit din: Svetlana C\u00e2rstean, Claudiu Komartin, Iulia Militaru, R\u0103zvan \u021aupa \u0219i Radu Vancu.<\/p>\n<p>Juriul concursului de debut pentru proz\u0103 este compus din: Dan Coman, Cristina Nemerovschi, Felix Nicolau, Octavian Soviany \u0219i Alexandru Voicescu.<\/p>\n<p>Cele dou\u0103 c\u0103r\u021bi vor fi lansate \u0219i promovate \u00een cadrul t\u00e2rgului de carte Gaudeamus 2012.<\/p>\n<p><img decoding=\"async\" src=\"http:\/\/www.hergbenet.ro\/wp-content\/uploads\/2012\/06\/concurs-de-debut-MBHB-editia-a-II-a-420x593.jpg\"><\/p>\n","protected":false},"excerpt":{"rendered":"<p>Casa de editur\u0103 Max Blecher (www.maxblecher.ro) \u0219i Editura Herg Benet (www.hergbenet.ro) organizeaz\u0103 edi\u021bia a II-a a concursului anual de debut, continu\u00e2nd ini\u021biativa pornit\u0103 \u00een 2011, al c\u0103rei scop este descoperirea \u0219i publicarea unor autori valoro\u0219i \u00eenc\u0103 nedebuta\u021bi \u00een volum. Un concurs deschis poe\u021bilor \u0219i prozatorilor preg\u0103ti\u021bi s\u0103 propun\u0103 publicului c\u0103r\u021bi puternice \u0219i originale pe care [&hellip;]<\/p>\n","protected":false},"author":2,"featured_media":0,"comment_status":"open","ping_status":"open","sticky":false,"template":"","format":"standard","meta":{"_jetpack_memberships_contains_paid_content":false,"footnotes":"","jetpack_publicize_message":"","jetpack_publicize_feature_enabled":true,"jetpack_social_post_already_shared":false,"jetpack_social_options":{"image_generator_settings":{"template":"highway","default_image_id":0,"font":"","enabled":false},"version":2}},"categories":[4,22],"tags":[302,445,173],"class_list":["post-1726","post","type-post","status-publish","format-standard","hentry","category-anunturi-culturale","category-recomandari","tag-concurs-literar","tag-herg-benet-publishers","tag-max-blecher"],"jetpack_publicize_connections":[],"jetpack_featured_media_url":"","jetpack_sharing_enabled":true,"_links":{"self":[{"href":"https:\/\/blog.egophobia.ro\/index.php?rest_route=\/wp\/v2\/posts\/1726","targetHints":{"allow":["GET"]}}],"collection":[{"href":"https:\/\/blog.egophobia.ro\/index.php?rest_route=\/wp\/v2\/posts"}],"about":[{"href":"https:\/\/blog.egophobia.ro\/index.php?rest_route=\/wp\/v2\/types\/post"}],"author":[{"embeddable":true,"href":"https:\/\/blog.egophobia.ro\/index.php?rest_route=\/wp\/v2\/users\/2"}],"replies":[{"embeddable":true,"href":"https:\/\/blog.egophobia.ro\/index.php?rest_route=%2Fwp%2Fv2%2Fcomments&post=1726"}],"version-history":[{"count":2,"href":"https:\/\/blog.egophobia.ro\/index.php?rest_route=\/wp\/v2\/posts\/1726\/revisions"}],"predecessor-version":[{"id":1728,"href":"https:\/\/blog.egophobia.ro\/index.php?rest_route=\/wp\/v2\/posts\/1726\/revisions\/1728"}],"wp:attachment":[{"href":"https:\/\/blog.egophobia.ro\/index.php?rest_route=%2Fwp%2Fv2%2Fmedia&parent=1726"}],"wp:term":[{"taxonomy":"category","embeddable":true,"href":"https:\/\/blog.egophobia.ro\/index.php?rest_route=%2Fwp%2Fv2%2Fcategories&post=1726"},{"taxonomy":"post_tag","embeddable":true,"href":"https:\/\/blog.egophobia.ro\/index.php?rest_route=%2Fwp%2Fv2%2Ftags&post=1726"}],"curies":[{"name":"wp","href":"https:\/\/api.w.org\/{rel}","templated":true}]}}