{"id":1762,"date":"2012-10-02T16:28:13","date_gmt":"2012-10-02T14:28:13","guid":{"rendered":"http:\/\/blog.egophobia.ro\/?p=1762"},"modified":"2012-10-12T16:33:48","modified_gmt":"2012-10-12T14:33:48","slug":"a-treia-editie-a-concursului-literar-pentru-amatori-incubatorul-de-condeie","status":"publish","type":"post","link":"https:\/\/blog.egophobia.ro\/?p=1762","title":{"rendered":"A treia edi\u0163ie a concursului literar pentru amatori \u201cIncubatorul de condeie\u201d"},"content":{"rendered":"<p>AdLittera a lansat luni, 1 Oct. a.c., o nou\u0103 edi\u0163ie a concursului literar na\u0163ional \u201cIncubatorul de condeie\u201d, ce se va desf\u0103\u015fura \u00een mediul online \u00een perioada 1 Oct.- 24 Nov. a.c., competi\u0163ie anual\u0103 adresat\u0103 amatorilor de crea\u0163ie literar\u0103.<\/p>\n<p>&nbsp;<\/p>\n<p>Concursul aflat la a III-a edi\u021bie este structurat pe dou\u0103 sec\u0163iuni \u2013 Poezie \u015fi Proz\u0103 scurt\u0103.<\/p>\n<p>&nbsp;<\/p>\n<p>\u00censcrierile au loc \u00een intervalul 1 Oct. \u2013 11 Nov. 2012 la adresa: www.IDC.AdLittera.com<\/p>\n<p>Jurizarea va avea loc \u00een perioada 12 \u2013 18 Nov. 2012.<\/p>\n<p>Vor fi premiate \u00een data de 24 noiembrie a.c., cele mai creative, originale \u015fi inovative lucr\u0103ri.<\/p>\n<p><a href=\"http:\/\/idc.adlittera.com\/juriu\/\">Juriul<\/a> este compus din scriitori cu experien\u021b\u0103, dar \u015fi dintre \u201econdeiele\u201d care s-au f\u0103cut remarcate la edi\u0163ia anterioar\u0103 a concursului.<\/p>\n<p>&nbsp;<\/p>\n<p>Crea\u0163iile premiate vor fi publicate \u00een <strong>Antologia IDC<\/strong> \u00een edi\u021bie hard-copy \u0219i \u00een format digital.<\/p>\n<p>&nbsp;<\/p>\n<p>\u00cen paralel cu desf\u0103\u015furarea concursului, scriitorii amatori \u00eenscri\u0219i \u00een concurs vor putea participa \u00een fiecare s\u00e2mb\u0103t\u0103, \u00een perioada 1 octombrie-12 noiembrie a.c., la Bucure\u015fti, la o serie de <strong>ateliere de crea\u0163ie literar\u0103<\/strong>, coordoonate de poetul R\u0103zvan \u021aupa.<\/p>\n<p>&nbsp;<\/p>\n<p>De asemenea, \u00een paralel, vor fi organizate \u015fi concursuri literare pe re\u0163elele de socializare <a href=\"http:\/\/www.facebook.com\/pages\/AdLittera-Project\/146207075393967\"><strong>Facebook<\/strong><\/a> precum si pe <a href=\"https:\/\/plus.google.com\/106064964559194977967\/posts\"><strong>Google+<\/strong><\/a> pentru c\u00e2\u015ftigarea particip\u0103rii la aceste atelierele creative.<\/p>\n<p><strong>\u00a0<\/strong><\/p>\n<p><strong>AdLittera<\/strong> este un proiect amplu, \u00eendeplinind totodat\u0103 \u0219i func\u021biile unei agen\u021bii culturale, toate programele sale av\u00e2nd componente de educare prin cultur\u0103 \u0219i art\u0103. Proiectul promoveaz\u0103 \u0219i dezvolt\u0103 campanii de cultur\u0103 literar\u0103 \u0219i c\u0103ut\u0103 surse de finan\u021bare pentru proiecte editoriale.<\/p>\n<p>&nbsp;<\/p>\n<p>Conceptul, planificarea ac\u021biunilor \u0219i comunicarea public\u0103 sunt gestionate de c\u0103tre <a href=\"http:\/\/d-avid.ro\/\">d\u2019Avid Boutique<\/a>, atelier de branding si comunicare vizual\u0103. <a href=\"http:\/\/www.facebook.com\/pages\/Fundatia-Danubius\/188317731239625\">Funda\u021bia pentru Tineret DANUBIUS<\/a> este organiza\u021bia care a pus la dispozi\u021bie platforma desf\u0103\u0219ur\u0103rii competi\u0163iei.<\/p>\n<p>&nbsp;<\/p>\n<p>Mai multe informatii despre concurs pot fi accesate pe website-ul dedicat Concursului IDC, la adresa<strong> <\/strong><a href=\"http:\/\/idc.adlittera.com\/\">http:\/\/idc.adlittera.com<\/a> .<\/p>\n<p>&nbsp;<\/p>\n<p>&nbsp;<\/p>\n<p><strong>CIPRIAN BURCOVSCHI<\/strong><\/p>\n<p>Fondator\/ Business Manager, AdLittera Project<\/p>\n<p>Tel.: +40 748 221 027<\/p>\n<p>E-mail: <a href=\"mailto:ciprian@adlittera.com\">ciprian@adlittera.com<\/a><\/p>\n<p><img decoding=\"async\" src=\"http:\/\/i158.photobucket.com\/albums\/t103\/egophobia\/blog\/image001-2.jpg\"><\/p>\n","protected":false},"excerpt":{"rendered":"<p>AdLittera a lansat luni, 1 Oct. a.c., o nou\u0103 edi\u0163ie a concursului literar na\u0163ional \u201cIncubatorul de condeie\u201d, ce se va desf\u0103\u015fura \u00een mediul online \u00een perioada 1 Oct.- 24 Nov. a.c., competi\u0163ie anual\u0103 adresat\u0103 amatorilor de crea\u0163ie literar\u0103. &nbsp; Concursul aflat la a III-a edi\u021bie este structurat pe dou\u0103 sec\u0163iuni \u2013 Poezie \u015fi Proz\u0103 scurt\u0103. [&hellip;]<\/p>\n","protected":false},"author":2,"featured_media":0,"comment_status":"open","ping_status":"open","sticky":false,"template":"","format":"standard","meta":{"_jetpack_memberships_contains_paid_content":false,"footnotes":"","jetpack_publicize_message":"","jetpack_publicize_feature_enabled":true,"jetpack_social_post_already_shared":false,"jetpack_social_options":{"image_generator_settings":{"template":"highway","default_image_id":0,"font":"","enabled":false},"version":2}},"categories":[4,22],"tags":[621,622],"class_list":["post-1762","post","type-post","status-publish","format-standard","hentry","category-anunturi-culturale","category-recomandari","tag-concursuri-literare","tag-incubatorul-de-condeie"],"jetpack_publicize_connections":[],"jetpack_featured_media_url":"","jetpack_sharing_enabled":true,"_links":{"self":[{"href":"https:\/\/blog.egophobia.ro\/index.php?rest_route=\/wp\/v2\/posts\/1762","targetHints":{"allow":["GET"]}}],"collection":[{"href":"https:\/\/blog.egophobia.ro\/index.php?rest_route=\/wp\/v2\/posts"}],"about":[{"href":"https:\/\/blog.egophobia.ro\/index.php?rest_route=\/wp\/v2\/types\/post"}],"author":[{"embeddable":true,"href":"https:\/\/blog.egophobia.ro\/index.php?rest_route=\/wp\/v2\/users\/2"}],"replies":[{"embeddable":true,"href":"https:\/\/blog.egophobia.ro\/index.php?rest_route=%2Fwp%2Fv2%2Fcomments&post=1762"}],"version-history":[{"count":2,"href":"https:\/\/blog.egophobia.ro\/index.php?rest_route=\/wp\/v2\/posts\/1762\/revisions"}],"predecessor-version":[{"id":1764,"href":"https:\/\/blog.egophobia.ro\/index.php?rest_route=\/wp\/v2\/posts\/1762\/revisions\/1764"}],"wp:attachment":[{"href":"https:\/\/blog.egophobia.ro\/index.php?rest_route=%2Fwp%2Fv2%2Fmedia&parent=1762"}],"wp:term":[{"taxonomy":"category","embeddable":true,"href":"https:\/\/blog.egophobia.ro\/index.php?rest_route=%2Fwp%2Fv2%2Fcategories&post=1762"},{"taxonomy":"post_tag","embeddable":true,"href":"https:\/\/blog.egophobia.ro\/index.php?rest_route=%2Fwp%2Fv2%2Ftags&post=1762"}],"curies":[{"name":"wp","href":"https:\/\/api.w.org\/{rel}","templated":true}]}}