{"id":1787,"date":"2012-11-22T19:25:45","date_gmt":"2012-11-22T17:25:45","guid":{"rendered":"http:\/\/blog.egophobia.ro\/?p=1787"},"modified":"2012-11-22T19:26:54","modified_gmt":"2012-11-22T17:26:54","slug":"declaratia-colocviului-de-transdisciplinaritate","status":"publish","type":"post","link":"https:\/\/blog.egophobia.ro\/?p=1787","title":{"rendered":"Declara\u021bia Colocviului de Transdisciplinaritate"},"content":{"rendered":"<blockquote><p>\nDECLARA\u0162IA PARTICIPAN\u0162ILOR LA PRIMUL COLOCVIU DEDICAT EDUCA\u0162IEI TRANSDISCIPLINARE<br \/>\n\u00ceN \u00ceNV\u0102\u0162\u0102M\u00c2NTUL PREUNIVERSITAR DIN ROM\u00c2NIA<br \/>\nARAD, 15 NOIEMBRIE 2012<\/p>\n<p align=justify>\n\u00cen 15 noiembrie 2012, a avut loc la Arad, prima edi\u0163ie a Colocviului Interna\u0163ional<br \/>\n\u201eEduca\u0163ia transdisciplinar\u0103 \u00een \u00eenv\u0103\u0163\u0103m\u00e2ntul preuniversitar\u201d, la care au participat peste 200<br \/>\nde cadre didactice din \u00eenv\u0103\u0163\u0103m\u00e2ntul universitar \u015fi preuniversitar rom\u00e2nesc, teoreticieni de marc\u0103<br \/>\nai transdisciplinarit\u0103\u0163ii, speciali\u015fti \u00een \u015ftiin\u0163ele educa\u0163iei, reprezentan\u0163i ai societ\u0103\u0163ii civile, ai<br \/>\npartidelor politice \u015fi ai asocia\u0163iilor de p\u0103rin\u0163i. Colocviul s-a desf\u0103\u015furat sub patronajul \u015ftiin\u0163ific al<br \/>\nacademicianului Basarab Nicolescu, pre\u015fedintele fondator al CIRET (\u201eCentrul Interna\u0163ional de<br \/>\nCercet\u0103ri \u015fi Studii Transdisciplinare\u201d, cu sediul la Paris).<br \/>\n\u00cen urma lucr\u0103rilor prezentate \u00een cadrul colocviului \u015fi a dezbaterilor din plenul s\u0103u,<br \/>\nparticipa\u0163ii au decis, \u00een unanimitate, s\u0103 adopte urm\u0103toarea Declara\u0163ie:<!--more--><br \/>\n1. Exist\u0103 azi, \u00een Rom\u00e2nia o comunitate semnificativ\u0103, direct interesat\u0103 de aplicarea<br \/>\nmetodologiei transdisciplinare \u00een educa\u0163ie, a\u015fa cum a fost ea definit\u0103 conceptual \u015fi<br \/>\nconsacrat\u0103 pe plan interna\u0163ional de c\u0103tre CIRET. Aceast\u0103 comunitate este format\u0103 din<br \/>\nteoreticieni ai transdisciplinarit\u0103\u0163ii, speciali\u015fti \u00een \u015ftiin\u0163ele educa\u0163iei, conceptori de<br \/>\ncurriculum, profesori practicieni, p\u0103rin\u0163i \u015fi elevi.<br \/>\n2. \u00cen ultimii ani, s-au derulat \u00een universit\u0103\u0163ile \u015fi \u015fcolile din Rom\u00e2nia numeroase proiecte \u015fi<br \/>\nexperimente didactice transdisciplinare, cu puternic impact \u015ftiin\u0163ific \u015fi social, care ar<br \/>\nputea constitui oric\u00e2nd consistente exemple de bun\u0103 practic\u0103 ale aplic\u0103rii metodologiei<br \/>\ntransdisciplinare \u00een educa\u0163ie. A se vedea programele desf\u0103\u015furate la Universitatea<br \/>\n\u201eBabe\u015f-Bolyai\u201d din Cluj-Napoca (\u015fcoala doctoral\u0103 \u201eParadigma european\u0103\u201d, prin cursurile<br \/>\ndoctorale \u015fi doctoratele \u00een transdisciplinaritate conduse de Acad. Prof. Basarab<br \/>\nNicolescu) \u015fi la Universitatea Tehnic\u0103 din Cluj (platforma de mecatronic\u0103),<br \/>\nexperimentele didactice de la Colegiul Na\u0163ional \u201eMoise Nicoar\u0103\u201d din Arad, apari\u0163ia unei<br \/>\nreviste bilingve (rom\u00e2n\u0103-englez\u0103), on-line, de educa\u0163ie transdisciplinar\u0103 pentru<br \/>\n\u00eenv\u0103\u0163\u0103m\u00e2ntul preuniversitar &#8211; \u201eRevista T\u201d, apari\u0163ia unor numeroase c\u0103r\u0163i cu tematic\u0103<br \/>\ntransdisciplinar\u0103 \u00een cadrul colec\u0163iilor \u201eAnanta\u201d (Editura \u201eJunimea\u201d, Ia\u015fi) \u015fi \u201e\u015etiin\u0163\u0103 \u015fi<br \/>\nReligie\u201d \u015fi \u201e\u015etiin\u0163\u0103, Spiritualitate, Societate\u201d (Editura \u201eCurtea Veche\u201d, Bucure\u015fti).<br \/>\n3. S-au \u00eenfiin\u0163at \u00een Rom\u00e2nia numeroase institu\u0163ii \u015fi centre de aplica\u0163ii ale<br \/>\ntransdisciplinarit\u0103\u0163ii, de un \u00eenalt standard \u015ftiin\u0163ific, care promoveaz\u0103 metodologia<br \/>\ntransdisciplinarit\u0103\u0163ii, consacrat\u0103 de CIRET: Institutul de Studii Transdisciplinare \u00een<br \/>\n\u015etiin\u0163\u0103, Spiritualitate \u015fi Societate (IT4S) din Bucure\u015fti, Centrul de Studii<br \/>\nTransdisciplinare (CST) al Universit\u0103\u0163ii \u201eAlexandru Ioan Cuza\u201d din Ia\u015fi, Centrul de<br \/>\nInterven\u0163ie Psihologic\u0103 \u015fi Transdisciplinar\u0103 al Universit\u0103\u0163ii de Vest \u201eVasile Goldi\u015f\u201d din<br \/>\nArad, Centrul \u201eEconomy, Transdisciplinarity, Cognition\u201d (ETC) al Universit\u0103\u0163ii \u201eGeorge<br \/>\nBacovia\u201d din Bac\u0103u, Institutul de Studii Pluri-, Inter- \u015fi Transdisciplinare (IPITS) din<br \/>\nSibiu \u015fi Centrul de Aplica\u0163ii Transdisciplinare \u00een Educa\u0163ie de la Colegiul Na\u0163ional<br \/>\n\u201eMoise Nicoar\u0103\u201d din Arad. Acestea ar putea oferi o consistent\u0103 expertiz\u0103 pentru o<br \/>\nviitoare construc\u0163ie curricular\u0103 \u00een \u00eenv\u0103\u0163\u0103m\u00e2ntul preuniversitar, dac\u0103 experien\u0163a lor \u00een<br \/>\ndomeniu ar fi eficient valorificat\u0103.<br \/>\nAv\u00e2nd \u00een vedere prezen\u0163a activ\u0103 \u00een educa\u0163ie a tuturor acestor resurse institu\u0163ionale \u015fi umane,<br \/>\nprecum \u015fi existen\u0163a unei atitudini pozitive fa\u0163\u0103 de metodologia transdisciplinar\u0103, \u00een\u0163eleas\u0103 ca o<br \/>\nsolu\u0163ie sustenabil\u0103 pentru educa\u0163ia secolului XXI, participan\u0163ii la Colocviul Interna\u0163ional<br \/>\n\u201eEduca\u0163ia transdisciplinar\u0103 \u00een \u00eenv\u0103\u0163\u0103m\u00e2ntul preuniversitar\u201d, aduc la cuno\u015ftin\u0163a MECTS \u015fi a<br \/>\ntuturor celor interesa\u0163i urm\u0103toarele propuneri:<br \/>\n1. Constituirea unui parteneriat institu\u0163ional \u00eentre MECTS, I\u015eE, CIRET, IT4S \u015fi Colegiul<br \/>\nNa\u0163ional \u201eMoise Nicoar\u0103\u201d din Arad, care s\u0103 faciliteze aplicarea metodologiei<br \/>\ntransdisciplinare \u00een educa\u0163ie \u015fi s\u0103 asigure cadru legal al implement\u0103rii<br \/>\ntransdisciplinarit\u0103\u0163ii \u00een \u00eenv\u0103\u0163\u0103m\u00e2ntul rom\u00e2nesc.<br \/>\n2. Constituirea unui grup de lucru (echipe), la nivel na\u0163ional, format din teoreticieni ai<br \/>\ntransdisciplinarit\u0103\u0163ii, speciali\u015fti \u00een \u015ftiin\u0163ele educa\u0163iei, psihologi, profesori practicieni, care<br \/>\ns\u0103 elaboreze o strategie a implement\u0103rii transdisciplinarit\u0103\u0163ii \u00een \u00eenv\u0103\u0163\u0103m\u00e2ntul rom\u00e2nesc,<br \/>\ns\u0103 elaboreze un program de formare a profesorilor pentru o predare-\u00eenv\u0103\u0163are<br \/>\ntransdisciplinar\u0103, un curriculum transdisciplinar, instrumente \u015fi mijloace de evaluare<br \/>\nspecifice transdisciplinarit\u0103\u0163ii, spre a putea fi introduse c\u00e2t mai cur\u00e2nd, \u00een mod riguros \u015fi<br \/>\ncorect, \u00een practica \u015fcolar\u0103.<br \/>\n3. Accesarea unor fonduri europene, prin programe de tip POSDRU, la nivel na\u0163ional,<br \/>\npentru a putea derula programele de formare a profesorilor, de elaborare a curriculumului<br \/>\n\u015fi evalu\u0103rii transdisciplinare, a manualelor \u015fi auxiliarelor didactice.<br \/>\n4. Constituirea unei re\u0163ele na\u0163ionale de transdisciplinaritate care s\u0103 cuprind\u0103 toate<br \/>\npersoanele competente \u00een domeniu, \u00een scopul de a valorifica \u00eentreaga resurs\u0103 uman\u0103<br \/>\nexistent\u0103 \u00een Rom\u00e2nia.<br \/>\nParticipan\u0163ii la Colocviul Interna\u0163ional \u201eEduca\u0163ia transdisciplinar\u0103 \u00een \u00eenv\u0103\u0163\u0103m\u00e2ntul<br \/>\npreuniversitar\u201d cer Comitetului de Organizare s\u0103 transmit\u0103 MECTS \u015fi mass-mediei prezenta<br \/>\nDeclara\u0163ie.<br \/>\nArad, 15 noiembrie 2012<br \/>\n\u00cen numele Comitetului de Organizare,<br \/>\nProf. Mirela Mure\u015fan<\/p><\/blockquote>\n","protected":false},"excerpt":{"rendered":"<p>DECLARA\u0162IA PARTICIPAN\u0162ILOR LA PRIMUL COLOCVIU DEDICAT EDUCA\u0162IEI TRANSDISCIPLINARE \u00ceN \u00ceNV\u0102\u0162\u0102M\u00c2NTUL PREUNIVERSITAR DIN ROM\u00c2NIA ARAD, 15 NOIEMBRIE 2012 \u00cen 15 noiembrie 2012, a avut loc la Arad, prima edi\u0163ie a Colocviului Interna\u0163ional \u201eEduca\u0163ia transdisciplinar\u0103 \u00een \u00eenv\u0103\u0163\u0103m\u00e2ntul preuniversitar\u201d, la care au participat peste 200 de cadre didactice din \u00eenv\u0103\u0163\u0103m\u00e2ntul universitar \u015fi preuniversitar rom\u00e2nesc, teoreticieni de marc\u0103 ai [&hellip;]<\/p>\n","protected":false},"author":1,"featured_media":0,"comment_status":"open","ping_status":"open","sticky":false,"template":"","format":"standard","meta":{"_jetpack_memberships_contains_paid_content":false,"footnotes":"","jetpack_publicize_message":"","jetpack_publicize_feature_enabled":true,"jetpack_social_post_already_shared":false,"jetpack_social_options":{"image_generator_settings":{"template":"highway","default_image_id":0,"font":"","enabled":false},"version":2}},"categories":[4],"tags":[628,278],"class_list":["post-1787","post","type-post","status-publish","format-standard","hentry","category-anunturi-culturale","tag-basarab-nicolescu","tag-transdisciplinaritate"],"jetpack_publicize_connections":[],"jetpack_featured_media_url":"","jetpack_sharing_enabled":true,"_links":{"self":[{"href":"https:\/\/blog.egophobia.ro\/index.php?rest_route=\/wp\/v2\/posts\/1787","targetHints":{"allow":["GET"]}}],"collection":[{"href":"https:\/\/blog.egophobia.ro\/index.php?rest_route=\/wp\/v2\/posts"}],"about":[{"href":"https:\/\/blog.egophobia.ro\/index.php?rest_route=\/wp\/v2\/types\/post"}],"author":[{"embeddable":true,"href":"https:\/\/blog.egophobia.ro\/index.php?rest_route=\/wp\/v2\/users\/1"}],"replies":[{"embeddable":true,"href":"https:\/\/blog.egophobia.ro\/index.php?rest_route=%2Fwp%2Fv2%2Fcomments&post=1787"}],"version-history":[{"count":3,"href":"https:\/\/blog.egophobia.ro\/index.php?rest_route=\/wp\/v2\/posts\/1787\/revisions"}],"predecessor-version":[{"id":1789,"href":"https:\/\/blog.egophobia.ro\/index.php?rest_route=\/wp\/v2\/posts\/1787\/revisions\/1789"}],"wp:attachment":[{"href":"https:\/\/blog.egophobia.ro\/index.php?rest_route=%2Fwp%2Fv2%2Fmedia&parent=1787"}],"wp:term":[{"taxonomy":"category","embeddable":true,"href":"https:\/\/blog.egophobia.ro\/index.php?rest_route=%2Fwp%2Fv2%2Fcategories&post=1787"},{"taxonomy":"post_tag","embeddable":true,"href":"https:\/\/blog.egophobia.ro\/index.php?rest_route=%2Fwp%2Fv2%2Ftags&post=1787"}],"curies":[{"name":"wp","href":"https:\/\/api.w.org\/{rel}","templated":true}]}}