{"id":1875,"date":"2013-03-13T22:09:17","date_gmt":"2013-03-13T20:09:17","guid":{"rendered":"http:\/\/blog.egophobia.ro\/?p=1875"},"modified":"2013-03-13T22:09:17","modified_gmt":"2013-03-13T20:09:17","slug":"expozitia-colectiva-de-arte-plastice-si-origami-anotimpurile-copacilor-cu-povesti-2","status":"publish","type":"post","link":"https:\/\/blog.egophobia.ro\/?p=1875","title":{"rendered":"Expozi\u0163ia colectiv\u0103 de arte plastice \u015fi origami Anotimpurile copacilor cu pove\u015fti"},"content":{"rendered":"<blockquote>\n<p align=\"center\">\n<b><\/b><\/p>\n<p align=\"center\">Curator: <b>Laura Lucia Mihalca<\/b><\/p>\n<p align=\"center\">Organizator: <b>Art Out<\/b><\/p>\n<p align=\"center\">Gazda: <b>Muzeul Dun\u0103rii de Jos C\u0103l\u0103ra\u015fi<\/b><\/p>\n<p align=\"center\">Str. Progresului, nr. 4, C\u0102L\u0102RA\u0218I<\/p>\n<p align=\"center\">\n<p>\u00a0\u00a0\u00a0\u00a0\u00a0\u00a0\u00a0\u00a0\u00a0\u00a0\u00a0 Luni, 11 martie 2013 a avut loc deschiderea expozi\u0163iei colective Anotimpurile copacilor cu pove\u015fti. Expozi\u0163ia este g\u0103zduit\u0103 de Muzeul Dun\u0103rii de Jos C\u0103l\u0103ra\u015fi \u015fi poate fi vizitat\u0103 pan\u0103 pe 29 martie inclusiv (programul de vizitare al muzeului: de luni p\u00e2n\u0103 duminic\u0103, orele 10.00-18.00).<\/p>\n<p>Proiectul prezint\u0103 o invita\u0163ie continu\u0103 la (re)descoperirea naturii, \u00eenceputul acesta de prim\u0103var\u0103 fiind doar punctul de plecare. Lucr\u0103rile reprezint\u0103 un dialog ambivalent cu sinele confruntat mereu cu necesitatea unui r\u0103spuns cu privire la interoga\u0163iile interioare situate pe axa timpului, \u00eentre trecut \u015fi prezent.<!--more--><\/p>\n<p><strong>Expun\u00a0: <\/strong><b>Alexandru G\u0103van, Alexandra Ni\u0163\u0103, Ana Gheorghe, Anca Eleni Oprescu, Br\u00e2ndu\u015fa Stanciu, Corina Chiril\u0103, Elena Lupu, Emanuela Popa, Iuliana Barbu, Laura Lucia Mihalca, Nicolae Macovei Makovei, Maia \u015etefana Oprea, Teodora V\u0103rzaru.<\/b><\/p>\n<p>Expozi\u0163ia \u00ee\u015fi propune s\u0103 fie o ie\u015fire din cotidianul monoton \u015fi pe alocuri absurd \u00een care tr\u0103im \u015fi o chemare la medita\u0163ie \u00een fata profunzimii naturii.<\/p>\n<p>Imagini din expozi\u0163ie pot fi v\u0103zute pe pagina de facebook a organizatorului:<\/p>\n<p><a href=\"http:\/\/www.facebook.com\/media\/set\/?set=a.501824726549613.1073741825.138590419539714&amp;type=1\">http:\/\/www.facebook.com\/media\/set\/?set=a.501824726549613.1073741825.138590419539714&amp;type=1<\/a>.<\/p>\n<p align=\"right\"><b>Laura Lucia Mihalca &amp; Andrei Papadache<\/b><\/p>\n<p align=\"right\">\n<p align=\"right\">Echipa curatorial\u0103<\/p>\n<p align=\"right\">\n<p align=\"right\">\n<p><strong><span style=\"text-decoration: underline;\">Sponsor<\/span><\/strong><strong>\u00a0: Cofet\u0103ria Alice<\/strong><\/p>\n<p><span style=\"text-decoration: underline;\">Parteneri: <\/span><\/p>\n<p>Asocia\u0163ia Dialog \u015fi Ac\u0163iune, Asocia\u0163ia Femeilor Universitare, Asocia\u0163ia Omnimind, Civicus Rom\u00e2nia, Clubul Nautic Rom\u00e2n, Direc\u0163ia Jude\u0163ean\u0103 Pentru Cultur\u0103 \u015fi Patrimoniu Na\u0163ional C\u0103l\u0103ra\u015fi,\u00a0 Funda\u0163ia Ileana Mustatza, Liga Studen\u0163ilor Romani din Str\u0103in\u0103tate, Muzeul Dun\u0103rii De Jos C\u0103l\u0103ra\u015fi, Prim\u0103ria Municipiului C\u0103l\u0103ra\u015fi.<\/p>\n<p><span style=\"text-decoration: underline;\">Parteneri media<\/span>: Academiclink, Arhitext, ArtClue, Arte \u015fi Meserii, Bucure\u015ftii Vechi \u015fi Noi, Cea\u015fca de cultur\u0103,\u00a0 e-alarasi.eu, Eco Magazin, Ed-web.com, EgoPhobia, Express de C\u0103l\u0103ra\u015fi, Jurnalul de C\u0103l\u0103ra\u015fi, Modernism, Ora\u015ful lui Bucur, Ora\u015ful Meu, P(i)lot, Port.ro, PRWave, Radio Rom\u00e2nia Cultural, Radio Voces Campi C\u0103l\u0103ra\u015fi, Senso TV, TV C\u0103l\u0103ra\u015fi, Vernisaje.com.<\/p>\n<p align=\"right\">\n<p align=\"right\">\n<p align=\"center\">\n<p>&nbsp;<\/p><\/blockquote>\n<p><img decoding=\"async\" src=\"http:\/\/i158.photobucket.com\/albums\/t103\/egophobia\/blog\/P1200100_zps97a85a9f.jpg\" width=600><\/p>\n","protected":false},"excerpt":{"rendered":"<p>Curator: Laura Lucia Mihalca Organizator: Art Out Gazda: Muzeul Dun\u0103rii de Jos C\u0103l\u0103ra\u015fi Str. Progresului, nr. 4, C\u0102L\u0102RA\u0218I \u00a0\u00a0\u00a0\u00a0\u00a0\u00a0\u00a0\u00a0\u00a0\u00a0\u00a0 Luni, 11 martie 2013 a avut loc deschiderea expozi\u0163iei colective Anotimpurile copacilor cu pove\u015fti. Expozi\u0163ia este g\u0103zduit\u0103 de Muzeul Dun\u0103rii de Jos C\u0103l\u0103ra\u015fi \u015fi poate fi vizitat\u0103 pan\u0103 pe 29 martie inclusiv (programul de vizitare al [&hellip;]<\/p>\n","protected":false},"author":2,"featured_media":0,"comment_status":"open","ping_status":"open","sticky":false,"template":"","format":"standard","meta":{"_jetpack_memberships_contains_paid_content":false,"footnotes":"","jetpack_publicize_message":"","jetpack_publicize_feature_enabled":true,"jetpack_social_post_already_shared":false,"jetpack_social_options":{"image_generator_settings":{"template":"highway","default_image_id":0,"font":"","enabled":false},"version":2}},"categories":[4,22],"tags":[647,648],"class_list":["post-1875","post","type-post","status-publish","format-standard","hentry","category-anunturi-culturale","category-recomandari","tag-artout","tag-expozitii"],"jetpack_publicize_connections":[],"jetpack_featured_media_url":"","jetpack_sharing_enabled":true,"_links":{"self":[{"href":"https:\/\/blog.egophobia.ro\/index.php?rest_route=\/wp\/v2\/posts\/1875","targetHints":{"allow":["GET"]}}],"collection":[{"href":"https:\/\/blog.egophobia.ro\/index.php?rest_route=\/wp\/v2\/posts"}],"about":[{"href":"https:\/\/blog.egophobia.ro\/index.php?rest_route=\/wp\/v2\/types\/post"}],"author":[{"embeddable":true,"href":"https:\/\/blog.egophobia.ro\/index.php?rest_route=\/wp\/v2\/users\/2"}],"replies":[{"embeddable":true,"href":"https:\/\/blog.egophobia.ro\/index.php?rest_route=%2Fwp%2Fv2%2Fcomments&post=1875"}],"version-history":[{"count":2,"href":"https:\/\/blog.egophobia.ro\/index.php?rest_route=\/wp\/v2\/posts\/1875\/revisions"}],"predecessor-version":[{"id":1877,"href":"https:\/\/blog.egophobia.ro\/index.php?rest_route=\/wp\/v2\/posts\/1875\/revisions\/1877"}],"wp:attachment":[{"href":"https:\/\/blog.egophobia.ro\/index.php?rest_route=%2Fwp%2Fv2%2Fmedia&parent=1875"}],"wp:term":[{"taxonomy":"category","embeddable":true,"href":"https:\/\/blog.egophobia.ro\/index.php?rest_route=%2Fwp%2Fv2%2Fcategories&post=1875"},{"taxonomy":"post_tag","embeddable":true,"href":"https:\/\/blog.egophobia.ro\/index.php?rest_route=%2Fwp%2Fv2%2Ftags&post=1875"}],"curies":[{"name":"wp","href":"https:\/\/api.w.org\/{rel}","templated":true}]}}