{"id":1919,"date":"2013-04-17T19:28:06","date_gmt":"2013-04-17T17:28:06","guid":{"rendered":"http:\/\/blog.egophobia.ro\/?p=1919"},"modified":"2013-04-17T19:28:06","modified_gmt":"2013-04-17T17:28:06","slug":"europafest-2013-sarbatoreste-20-de-ani-de-muzica-buna","status":"publish","type":"post","link":"https:\/\/blog.egophobia.ro\/?p=1919","title":{"rendered":"EUROPAfest 2013 s\u0103rb\u0103tore\u015fte 20 de ani de muzic\u0103 bun\u0103"},"content":{"rendered":"<blockquote>\n<p align=\"center\"><b>It\u2019s all about live quality music\u00a0!<\/b><\/p>\n<p>&nbsp;<\/p>\n<p>&nbsp;<\/p>\n<p>Anul acesta s\u0103rb\u0103torim 20 de ani de EUROPAfest.<\/p>\n<p>20 de ani \u00een care jmEvents a oferit publicului larg un festival care se remarc\u0103 prin muzic\u0103 live, profesionalism \u015fi elegan\u0163\u0103. Din anul 2005 EUROPAfest se desf\u0103\u015foar\u0103 <b>sub \u00cenaltul Patronaj al Alte\u0163elor Lor Regale Principesa Margareta \u015fi Principele Radu.<\/b><\/p>\n<p>&nbsp;<\/p>\n<p>Directorul festivalului, dl. Luigi Gageos declara: \u201dAm creat EUROPAfest cu pasiune \u015fi credin\u0163a c\u0103 putem reu\u015fi. \u00cenc\u0103 de acum 20 de ani am realizat performan\u0163\u0103.\u00a0 Am g\u00e2ndit tot ceea ce am f\u0103cut ca \u015fi cum ne-am fi aflat pe oricare dintre marile scene ale lumii. Chiar dac\u0103 a fost greu, \u00eentr-o societate \u00een continu\u0103 schimbare, era singurul lucru pe care \u00eel puteam face. Rezultatele n-au \u00eent\u00e2rziat s\u0103 apar\u0103, EUROPAfest devenind unul dintre cele mai apreciate festivaluri, at\u00e2t \u00een \u0163ar\u0103, c\u00e2t \u015fi pe plan european. Un lucru este cert, EUROPAfest a creat o imagine pozitiv\u0103 Rom\u00e2niei.\u201d<br \/>\n<!--more--><br \/>\n&nbsp;<\/p>\n<p>Sub sloganul <b>&#8222;It&#8217;s all about live quality music!&#8221;<\/b> festivalul reune\u015fte 4 genuri muzicale <b>jazz<\/b>, <b>blues<\/b>, <b>pop \u015fi muzic\u0103 clasic\u0103.<\/b><\/p>\n<p>&nbsp;<\/p>\n<p>\u00cen 2013, la edi\u0163ia aniversar\u0103 de 20 de ani, EUROPAfest a preg\u0103tit fanilor multe surprize \u2013 17 zile de armonie, bucurie \u015fi emo\u0163ie cu arti\u015fti \u015fi muzic\u0103 de calitate din toat\u0103 lumea, fiind a\u015ftepta\u0163i <b>peste 300 de invita\u0163i din 52 de \u0163\u0103ri<\/b> <b>\u015fi 4 continente. <\/b><\/p>\n<p>&nbsp;<\/p>\n<p>Festivalul va da startul maratonului de evenimente marca EUROPAfest pe data de <b>9 mai<\/b> cu <b>Opening Concert &#8211; Ziua Europei<\/b>, organizat \u00een parteneriat cu Reprezentan\u0163a Comisiei Europene \u00een Rom\u00e2nia \u015fi se va \u00eencheia pe data de <b>25 mai<\/b> cu <b>Gala EUROPAfest<\/b>, \u00een care\u00a0 evolueaz\u0103 cei mai buni arti\u015fti. Cele dou\u0103 concerte se desf\u0103\u015foar\u0103 la Teatrul Odeon.<\/p>\n<p>&nbsp;<\/p>\n<p>Agenda EUROPAfest mai include o serie de evenimente atractive, \u00een care muzica live e singura care conteaz\u0103. Fideli muzicii adev\u0103rate, organizatorii pun accentul pe calitate \u015fi mai pu\u0163in pe comercial, l\u0103s\u00e2nd ca sunetele de pian, contrabas, chitar\u0103, vioar\u0103 sau prezen\u0163a arti\u015ftilor s\u0103 fie cele care captiveaz\u0103 audien\u0163a. Fiecare concert e o lec\u0163ie de via\u0163\u0103, o tr\u0103ire cu momente de magie \u015fi atmosfer\u0103 special\u0103, pe care le iei cu tine dincolo de sala de concerte.<\/p>\n<p>Oferta e bogat\u0103, seri de concerte care se \u00eembin\u0103 \u00eentr-un mod armonios cu jam sessions, caffe festival, workshop-uri \u015fi master-classes.<\/p>\n<p>&nbsp;<\/p>\n<p>&nbsp;<\/p>\n<p>Informa\u0163ii suplimentare \u015fi fotografii:<\/p>\n<p>Facebook EUROPAfest: <a href=\"http:\/\/www.facebook.com\/EUROPAfest.Bucharest\">www.facebook.com\/EUROPAfest.Bucharest<\/a><\/p>\n<p align=\"right\">\n<p align=\"right\">\n<p>&nbsp;<\/p>\n<p><b><span style=\"text-decoration: underline;\">Agenda <\/span><\/b><\/p>\n<p><b>\u00a0\u00a0\u00a0\u00a0 <\/b><\/p>\n<p><b>\u00a0\u00a0 EUROPAfest 2013<\/b><\/p>\n<p>Bucure\u015fti, 9 \u2013 25 mai<\/p>\n<p>&nbsp;<\/p>\n<p><b>9 mai | Concertul de deschidere &#8211; Ziua Europei<\/b><\/p>\n<p>Zilele de muzic\u0103 bun\u0103 \u00eencep cu armonie, fast, exuberan\u0163\u0103 \u015fi atmosfer\u0103 electrizant\u0103. Seara promite momente de jazz, blues, pop \u015fi muzic\u0103 clasic\u0103 sus\u0163inute de numele de afi\u015f ale evenimentului, interpret\u0103ri inedite \u015fi originale, invita\u0163i speciali, proiec\u0163ii \u015fi prezent\u0103ri atractive.<\/p>\n<p>&nbsp;<\/p>\n<p><b>9 &#8211; 18 mai | Concerte &#8211; Jazz, Blues, Pop<\/b><\/p>\n<p>\u00cen serile urm\u0103toare, jmEvents propune concerte de jazz, blues \u015fi pop sus\u0163inute de trupe consacrate din Suedia, Belgia, UK, Sco\u0163ia, Bulgaria \u015fi Italia.<\/p>\n<p>&nbsp;<\/p>\n<p><b>9 &#8211; 24 mai | Caffe Festival &amp; Jam Sessions<\/b><\/p>\n<p>Printre cele mai iubite p\u0103r\u0163i ale EUROPAfest se num\u0103r\u0103 \u015fi Caffe Festival &#8211; concerte spectaculoase \u00een cluburi \u015fi cafenele. Prezen\u0163e muzicale deja consacrate, dar \u015fi din noua genera\u0163ie,\u00a0vor sus\u0163ine concerte de jazz, blues &amp; pop \u015fi jam sessions \u00een mijlocul publicului.<\/p>\n<p>&nbsp;<\/p>\n<p><b>18 &#8211; 25 mai | Concerte &#8211; Bucharest International Jazz Competition<\/b><\/p>\n<p>Cotat \u00eentre <b>primele 3 concursuri de jazz din Europa<\/b>, <strong>evenimentul<\/strong> este o manifestare singular\u0103 \u00een peisajul jazz-ului profesionist din Rom\u00e2nia, afl\u00e2ndu-se \u00een 2013 la cea de-a<b> 7-a edi\u0163ie<\/b>. Se adreseaz\u0103 trupelor \u015fi vocali\u015ftilor, av\u00e2nd ca scop recunoa\u015fterea noilor valori ale jazz-ului interna\u0163ional. \u015ei-au anun\u0163at participarea <b>27 de trupe<\/b> din 22 de \u0163\u0103ri. Noua genera\u0163ie a jazz-ului va aduce 8 zile de muzic\u0103 intens\u0103, <b>100% jazz and more<\/b>.<\/p>\n<p><b>\u00a0<\/b><\/p>\n<p><b>18 &#8211; 25 mai | Jeunesses International Music Competition \u2013 pian<\/b><\/p>\n<p>Al doilea concurs desf\u0103\u015furat sub umbrela EUROPAfest este <b>Jeunesses International Music Competition<\/b>, competi\u0163ie binecunoscut\u0103 \u00een domeniul muzicii clasice, at\u00e2t \u00een \u0163ar\u0103 c\u00e2t \u015fi la nivel interna\u0163ional. Evenimentul ofer\u0103 arti\u015ftilor vizibilitate \u015fi suport \u00eentr-un moment \u00een care a alege muzica clasic\u0103 reprezint\u0103 o provocare. Ace\u015ftia vor evolua \u00een fa\u0163a unui juriu interna\u0163ional. \u00cen 2013, concursul a \u00eenregistrat <b>144 de piani\u015fti din 41 de \u0163\u0103ri<\/b>, num\u0103r record, dublu fa\u0163\u0103 de orice concurs interna\u0163ional de pian derulat \u00een Rom\u00e2nia. At\u00e2t cei deja \u00eendr\u0103gosti\u0163i de muzica clasic\u0103, c\u00e2t \u015fi cei care decid s\u0103 o descopere prin EUROPAfest, \u00eei pot cunoa\u015fte pe viitorii mari clasici interna\u0163ionali.<\/p>\n<p>&nbsp;<\/p>\n<p><b>20 &#8211; 24 mai | Workshopuri <\/b><\/p>\n<p>Ateliere de jazz, pian, dar \u015fi workshopul \u201cRepeti\u0163ie general\u0103\u201d, condus de apreciata Margareta P\u00e2slaru.<\/p>\n<p>&nbsp;<\/p>\n<p><b>25 mai | Gala EUROPAfest<\/b><\/p>\n<p>Un eveniment de \u0163inut\u0103, o sear\u0103 \u00een care publicul are ocazia s\u0103 reg\u0103seasc\u0103 cele mai apreciate acorduri \u015fi cele mai impresionante prezen\u0163e. Cu aceast\u0103 ocazie are loc \u015fi <b>decernarea Diplomei de excelen\u0163\u0103<\/b> pentru sus\u0163inerea culturii, acordat\u0103 de Casa Regal\u0103.<\/p><\/blockquote>\n<p><img decoding=\"async\" src=\"http:\/\/i158.photobucket.com\/albums\/t103\/egophobia\/blog\/Europafest_2014_A4landscape_zps0e165cd6.jpg\" width=600><\/p>\n","protected":false},"excerpt":{"rendered":"<p>It\u2019s all about live quality music\u00a0! &nbsp; &nbsp; Anul acesta s\u0103rb\u0103torim 20 de ani de EUROPAfest. 20 de ani \u00een care jmEvents a oferit publicului larg un festival care se remarc\u0103 prin muzic\u0103 live, profesionalism \u015fi elegan\u0163\u0103. Din anul 2005 EUROPAfest se desf\u0103\u015foar\u0103 sub \u00cenaltul Patronaj al Alte\u0163elor Lor Regale Principesa Margareta \u015fi Principele Radu. [&hellip;]<\/p>\n","protected":false},"author":1,"featured_media":0,"comment_status":"open","ping_status":"open","sticky":false,"template":"","format":"standard","meta":{"_jetpack_memberships_contains_paid_content":false,"footnotes":"","jetpack_publicize_message":"","jetpack_publicize_feature_enabled":true,"jetpack_social_post_already_shared":false,"jetpack_social_options":{"image_generator_settings":{"template":"highway","default_image_id":0,"font":"","enabled":false},"version":2}},"categories":[4],"tags":[657,123],"class_list":["post-1919","post","type-post","status-publish","format-standard","hentry","category-anunturi-culturale","tag-europafest","tag-festival"],"jetpack_publicize_connections":[],"jetpack_featured_media_url":"","jetpack_sharing_enabled":true,"_links":{"self":[{"href":"https:\/\/blog.egophobia.ro\/index.php?rest_route=\/wp\/v2\/posts\/1919","targetHints":{"allow":["GET"]}}],"collection":[{"href":"https:\/\/blog.egophobia.ro\/index.php?rest_route=\/wp\/v2\/posts"}],"about":[{"href":"https:\/\/blog.egophobia.ro\/index.php?rest_route=\/wp\/v2\/types\/post"}],"author":[{"embeddable":true,"href":"https:\/\/blog.egophobia.ro\/index.php?rest_route=\/wp\/v2\/users\/1"}],"replies":[{"embeddable":true,"href":"https:\/\/blog.egophobia.ro\/index.php?rest_route=%2Fwp%2Fv2%2Fcomments&post=1919"}],"version-history":[{"count":2,"href":"https:\/\/blog.egophobia.ro\/index.php?rest_route=\/wp\/v2\/posts\/1919\/revisions"}],"predecessor-version":[{"id":1921,"href":"https:\/\/blog.egophobia.ro\/index.php?rest_route=\/wp\/v2\/posts\/1919\/revisions\/1921"}],"wp:attachment":[{"href":"https:\/\/blog.egophobia.ro\/index.php?rest_route=%2Fwp%2Fv2%2Fmedia&parent=1919"}],"wp:term":[{"taxonomy":"category","embeddable":true,"href":"https:\/\/blog.egophobia.ro\/index.php?rest_route=%2Fwp%2Fv2%2Fcategories&post=1919"},{"taxonomy":"post_tag","embeddable":true,"href":"https:\/\/blog.egophobia.ro\/index.php?rest_route=%2Fwp%2Fv2%2Ftags&post=1919"}],"curies":[{"name":"wp","href":"https:\/\/api.w.org\/{rel}","templated":true}]}}