{"id":1925,"date":"2013-04-22T16:12:52","date_gmt":"2013-04-22T14:12:52","guid":{"rendered":"http:\/\/blog.egophobia.ro\/?p=1925"},"modified":"2013-04-22T16:12:52","modified_gmt":"2013-04-22T14:12:52","slug":"alexandra-nechita-educatia-este-cea-mai-importanta-unealta-pentru-schimbare","status":"publish","type":"post","link":"https:\/\/blog.egophobia.ro\/?p=1925","title":{"rendered":"Alexandra Nechita: \u00a0\u201eEduca\u0163ia este cea mai important\u0103 unealt\u0103 pentru schimbare\u201d"},"content":{"rendered":"<blockquote>\n<p align=\"center\"><b>wwww.romanipentruolume.ro<\/b><\/p>\n<p align=\"justify\">&nbsp;<br \/>\nSupranumit\u0103 \u00een copil\u0103rie \u201e<i>Micu\u0163a Picasso<\/i>&#8221; sau \u201e<i>Mozart cu o pensul\u0103 de pictat<\/i>&#8222;, autoare a unei c\u0103r\u0163i despre arta sa (\u201e<i>M\u00e2ini \u015fi porumbei<\/i>&#8222;, ap\u0103rut\u0103 \u00een 2005) \u015fi a unui monument al P\u0103cii \u00een Singapore (din bronz, de aproape 4 m \u00een\u0103l\u0163ime) \u015fi cu o aprobare de la Regina Elizabeth a II-a a Marii Britanii, pentru o lucrare special\u0103, Alexandra Nechita, una dintre vocile campaniei \u201eRom\u00e2ni pentru o lume\u201d, \u00ee\u015fi folose\u015fte talentul artistic \u00eentr-o misiune deosebit\u0103, acela de a schimba lumea.<\/p>\n<p>&nbsp;<\/p>\n<p>Alexandra Nechita s-a n\u0103scut \u00een Rom\u00e2nia, pe 27 august 1985, la Vaslui (ora\u015f \u00een care \u015ecoala General\u0103 Nr. 8\u00a0 \u00eei poart\u0103 numele) \u015fi a \u00eenceput s\u0103 deseneze la v\u00e2rsta de doi ani. La \u015fapte ani picta \u00een ulei \u015fi vopsea acrilic\u0103, iar la opt ani a avut prima ei expozi\u0163ie ce a fost, practic, un spectacol sus\u0163inut de ea, la biblioteca ora\u015fului Los Angeles. Talentul Alexandrei a fost recunoscut instantaneu \u015fi mul\u0163i oameni au venit s\u0103-i vad\u0103 minunatele \u015fi, de multe ori, fenomenalele picturi. A atras aten\u0163ia criticilor de art\u0103 \u015fi a mass-mediei, iar ace\u015ftia au \u00eenceput s\u0103 spun\u0103 lumii despre acest copil ie\u015fit din comun \u2013 o artist\u0103 ce a deprins desenul \u015fi culoarea, o artist\u0103 ce a creat un limbaj vizual propriu, \u00eentr-o manier\u0103 unic\u0103, liric\u0103, figurativ\u0103 \u015fi abstract\u0103.<\/p>\n<p>&nbsp;<br \/>\n<!--more--><br \/>\nPrin vocea sa, Alexandra Nechita treze\u015fte speran\u021ba, motiveaz\u0103 \u0219i inspir\u0103 genera\u021biile viitoare \u00een a-\u0219i urma visul!<\/p>\n<p>&nbsp;<\/p>\n<p><b>De ce a\u0163i ales s\u0103 v\u0103 al\u0103tura\u0163i campaniei \u201eRom\u00e2ni pentru o lume\u201d?<\/b><\/p>\n<p>Am ales s\u0103 m\u0103 al\u0103tur campaniei \u201eRom\u00e2ni pentru o lume\u201d ini\u0163iat\u0103 de Funda\u0163ia Sergiu Celibidache pentru c\u0103 eu cred \u00een perpetuarea inform\u0103rii asupra valorilor culturale, con\u015ftiin\u0163ei sociale \u015fi cred foarte mult \u00een implementarea sistemelor pentru a dinamiza rom\u00e2nii, \u00een special pe cei tineri, spre \u00een\u0163elegerea importan\u0163ei recunoa\u015fterii trecutului \u015fi r\u0103d\u0103cinilor noastre pentru a \u00eenainta \u015fi a manifesta schimbarea pe care o vis\u0103m. Am fost foarte norocoas\u0103 \u015fi binecuv\u00e2ntat\u0103 s\u0103-mi pot descoperi pasiunea at\u00e2t de t\u00e2n\u0103r\u0103 \u015fi s\u0103 continui s\u0103 lupt pentru visele mele de at\u00e2ta timp. Visez ca aceast\u0103 oportunitate s\u0103 existe pentru fiecare t\u00e2n\u0103r.<\/p>\n<p>&nbsp;<\/p>\n<p><b>Prin \u201evocea\u201d dvs, \u00een aceast\u0103 campanie, se dore\u015fte \u00eencurajarea rom\u00e2nilor s\u0103 \u00ee\u015fi urmeze visul \u00een segmentul cultural \u00een care activeaz\u0103. Ce sfaturi ave\u0163i pentru cei care doresc s\u0103 v\u0103 calce pe urme?<\/b><\/p>\n<p>Sfatul meu pentru oricine vrea s\u0103 m\u0103 urmeze este un cli\u015feu, totu\u015fi din experien\u0163a mea, singura modalitate prin care po\u0163i s\u0103 faci o schimbare \u015fi s\u0103 ai succes este s\u0103 nu renun\u0163i niciodat\u0103. Vor fi perioade de triumf fantastic \u015fi vor fi momente de \u00eenfr\u00e2ngere absolut\u0103 \u015fi, totu\u015fi, \u00een\u0103untrul tuturor acestora, se poate g\u0103si pacea \u015fi credin\u0163a \u00een propriul me\u015fte\u015fug \u015fi contribu\u0163ia ta c\u0103tre lume ca fiind prea important\u0103 ca s\u0103 renun\u0163i. Odat\u0103 ce \u00ee\u0163i g\u0103se\u015fti scopul, \u015fi da, acest scop evolueaz\u0103 \u00een timp, \u00een lucruri pe care \u0163i le-ai imaginat, dar odat\u0103 ce g\u0103se\u015fti nucleul scopului \u015fi pasiunii tale, trebuie s\u0103-l po\u0163i folosi ca o unealt\u0103 nu numai pentru succesul t\u0103u personal, dar \u015fi pentru succesul comunit\u0103\u0163ii tale cu care to\u0163i \u00eemp\u0103rt\u0103\u015fim aceast\u0103 lume.<\/p>\n<p><b>\u00a0<\/b><\/p>\n<p><b>Care considera\u0163i c\u0103 vor fi criteriile care \u00eei vor diferen\u0163ia, dintre cei \u00eenscri\u015fi, pe cei care vor trece de preselec\u0163iile concursului din ultima etap\u0103 a campaniei?<\/b><\/p>\n<p>Cred c\u0103 acel criteriul care va diferen\u0163ia pe cei \u00eenscri\u015fi, de la preselec\u0163ie la etapa final\u0103, va fi faptul c\u0103 opera \u015fi autorul acesteia trebuie s\u0103 exemplifice \u00eentr-adev\u0103r ceea ce aceast\u0103 campanie reprezint\u0103. \u00centr-adev\u0103r, opera \u00een sine, fie c\u0103 este o pictur\u0103 sau o poezie, aceasta trebuie s\u0103 fie un exemplu excelent de talent \u015fi m\u0103iestrie, dar mai departe de aceast\u0103 lucrare, oricare ar fi mediu ales, acesta trebuie s\u0103 aib\u0103 o voce, trebuie s\u0103 spun\u0103 ceva \u015fi s\u0103 ofere o p\u0103rere.<\/p>\n<p>&nbsp;<\/p>\n<p><b>\u00cen ultimii ani, educa\u0163ia pare s\u0103 aib\u0103 un rol tot mai secundar \u00een formarea unui individ. Pe cine g\u0103si\u0163i dvs. r\u0103spunz\u0103tor \u015fi ce solu\u0163ii vedeti pentru combaterea acestei situa\u0163ii? <\/b><\/p>\n<p>Educa\u0163ia este, foarte posibil, cea mai important\u0103 unealt\u0103 pentru schimbare. Mie nu mi s-a dat posibilitatea alegerii dac\u0103 vreau s\u0103 \u00eenv\u0103\u0163 sau nu. P\u0103rin\u0163ii mei m-au cople\u015fit cu informa\u0163ii, informa\u0163ii bune, informa\u0163ii rele \u015fi materiale complet subiective menite s\u0103-mi fac mintea s\u0103 g\u00e2ndeasc\u0103 \u015fi curioas\u0103, de la o v\u00e2rst\u0103 fraged\u0103. Cred cu siguran\u0163\u0103 c\u0103 a fi imersat \u00een infoma\u0163ie de la o v\u00e2rst\u0103 fraged\u0103 este o modalitate grozav\u0103 de a asigura con\u015ftiin\u0163a de sine \u015fi dezvoltarea. C\u00e2nd m\u0103 g\u00e2ndesc la educa\u0163ie, nu m\u0103 g\u00e2ndesc exclusiv la mediul academic, ci \u015fi la accesul la informa\u0163ie, la oportunitatea de a avea un dialog \u015fi de a contesta numeroase idei cu modalit\u0103\u0163i inovative de g\u00e2ndire. M\u0103 \u00eentristeaz\u0103 teribil s\u0103 v\u0103d c\u0103 \u00een multe locuri din lume, incluz\u00e2nd Statele Unite \u015fi Rom\u00e2nia, educa\u0163ia este plasat\u0103 pe un loc secundar. Presupun c\u0103 se poate veni cu numeroase argumente pentru a sprijini acest fapt. P\u0103rerea mea este c\u0103 nu ar trebui s\u0103 conteze de ce aceste schimb\u0103ri au loc. Lumea \u015fi societatea se afl\u0103 \u00eentr-o continu\u0103 stare de flux \u015fi \u00een multe arii este necesar\u0103 schimbarea pentru a se putea dezvolta. Ar trebui s\u0103 ne concentr\u0103m energia mai degrab\u0103 pe solu\u0163ii \u015fi moduri de a implementa educa\u0163ia \u015fi accesul la informa\u0163ie, \u00een mod egal, pentru toat\u0103 lumea.<\/p>\n<p><b>\u00a0<\/b><\/p>\n<p>Pentru astfel de rom\u00e2ni ca <b>Alexandra Nechita<\/b> a luat na\u015ftere \u201e<b><i>Rom\u00e2ni pentru o lume<\/i><\/b>\u201d, campania na\u0163ional\u0103 de responsabilitate social\u0103 ini\u0163iat\u0103 de Funda\u0163ia Sergiu Celibidache.<\/p>\n<p>&nbsp;<\/p>\n<p><b>E r\u00e2ndul t\u0103u s\u0103 pui Rom\u00e2nia pe hart\u0103!\u00a0 <\/b><\/p>\n<p>Mai multe detalii pe <a href=\"http:\/\/www.romanipentruolume.ro\">www.romanipentruolume.ro<\/a> \u015fi pagina oficial\u0103 de Facebook a campaniei <a href=\"http:\/\/www.facebook.com\/RomaniPentruOLume\">http:\/\/www.facebook.com\/RomaniPentruOLume<\/a><\/p>\n<p><b>\u00a0<\/b><\/p>\n<p><b>\u00a0<\/b><\/p>\n<p align=\"center\"><b>******<\/b><\/p>\n<p><b>Despre campanie<\/b><\/p>\n<p><b>\u00a0<\/b><\/p>\n<p align=\"center\"><b>Prim\u0103ria Sectorului 1 s-a al\u0103turat campaniei \u201eRom\u00e2ni pentru o lume\u201d, ini\u0163iat\u0103 de<\/b><\/p>\n<p align=\"center\"><b>\u00a0Funda\u0163ia Sergiu Celibidache.<\/b><\/p>\n<p><b>\u00a0<\/b><\/p>\n<p>\u201e<b><i>Rom\u00e2ni pentru o lume<\/i><\/b>\u201d reprezint\u0103 un omagiu adus marilor personalit\u0103\u0163i rom\u00e2ne\u015fti ce au adus m\u00e2ndrie \u015fi glorie Rom\u00e2niei, peste tot \u00een lume \u015fi aduce \u00een aten\u0163ia fiec\u0103ruia dintre noi pe co-na\u0163ionalii no\u015ftri care, prin activitatea lor, r\u0103m\u00e2n nemuritori. Finalitatea acestei campanii o constituie organizarea unui concurs na\u0163ional online (pe <a href=\"http:\/\/www.romanipentruolume.ro\">www.romanipentruolume.ro<\/a>\u00a0 \u015fi pe pagina de Facebook <a href=\"http:\/\/www.facebook.com\/RomaniPentruOLume\">http:\/\/www.facebook.com\/RomaniPentruOLume<\/a>) de tribut adus culturii sau unei personalit\u0103\u0163i anume, prin care oameni din domenii diferite ale culturii se vor putea \u00eenscrie astfel \u00eenc\u00e2t s\u0103 dedice o pictur\u0103, o compozi\u0163ie, o sculptur\u0103, un poem, etc. \u00cen urma unui vot de specialitate \u015fi prin votul sponsorilor, cei selecta\u0163i vor merge \u00een final\u0103, unde vor fi juriza\u0163i de c\u0103tre un juriu de specialitate \u015fi de c\u0103tre public. C\u00e2\u015ftig\u0103torii vor primi burse de studiu \u00een Rom\u00e2nia \u015fi \u00een str\u0103in\u0103tate.<\/p>\n<p><b>\u00a0<\/b><\/p>\n<p>Campania se desf\u0103\u015foar\u0103 online, la adresa <a href=\"http:\/\/www.romanipentruolume.ro\">www.romanipentruolume.ro<\/a> \u015fi pe pagina de Facebook http:\/\/www.facebook.com\/RomaniPentruOLume, unde pute\u0163i g\u0103si mai multe detalii despre acest nou proiect cultural al Funda\u0163iei Sergiu Celibidache.<\/p>\n<p><b>\u00a0<\/b><\/p>\n<p><b>Parteneri principali:<\/b> Prim\u0103ria Sectorului 1 Bucure\u015fti<\/p>\n<p><b>\u00a0<\/b><\/p>\n<p><b>Parteneri<\/b>: Muzeul Memorial Nicolae Grigorescu, Muzeul Na\u0163ional al Literaturii Rom\u00e2ne, Muzeul Na\u0163ional George Enescu<\/p>\n<p><b>\u00a0<\/b><\/p>\n<p><b>Sponsori: <\/b>Amgen; Asirom; Aristocrat Events Hall; BASF; Birou de Arhitectur\u0103 Pintilie; Casa Anke; Gilescu, V\u0103leanu \u015fi Partenerii; IBIS Hotels; DB Schenker; Intesa Sanpaolo Bank; RIFIL; Sense; \u0162uca Zb\u00e2rcea &amp; Asocia\u0163ii; DSV SOLUTIONS<\/p>\n<p><b>\u00a0<\/b><\/p>\n<p><b>Parteneri media:<\/b> Radio Rom\u00e2nia Muzical, Radio Rom\u00e2nia Cultural, Radio Rom\u00e2nia Actualit\u0103\u0163i, Radio Rom\u00e2nia Interna\u0163ional, Money TV, Spectacular TV, Getica OOH, Grand Cinema Digiplex din B\u0103neasa Shopping City, Cocor, Rebus, Observatorul Cultural, Q Magazine, Ziarul Ring, Revista Centrul Vechi, Deutsche Zeitung, \u015eapte Seri, Academia Ca\u0163avencu, Rom\u00e2nia Liber\u0103, eva.ro, cinefan.ro, stirifeldefel.ro, egophobia.ro, avocatnet.ro, lsrs.ro, Book Mag, Art Act Magazin, Calendar Evenimente<\/p><\/blockquote>\n<p><img decoding=\"async\" src=\"http:\/\/i158.photobucket.com\/albums\/t103\/egophobia\/blog\/AlexandraNechitafotoarhivapersonala_zps345fd19f.jpg\" width=500><\/p>\n","protected":false},"excerpt":{"rendered":"<p>wwww.romanipentruolume.ro &nbsp; Supranumit\u0103 \u00een copil\u0103rie \u201eMicu\u0163a Picasso&#8221; sau \u201eMozart cu o pensul\u0103 de pictat&#8222;, autoare a unei c\u0103r\u0163i despre arta sa (\u201eM\u00e2ini \u015fi porumbei&#8222;, ap\u0103rut\u0103 \u00een 2005) \u015fi a unui monument al P\u0103cii \u00een Singapore (din bronz, de aproape 4 m \u00een\u0103l\u0163ime) \u015fi cu o aprobare de la Regina Elizabeth a II-a a Marii Britanii, [&hellip;]<\/p>\n","protected":false},"author":2,"featured_media":0,"comment_status":"open","ping_status":"open","sticky":false,"template":"","format":"standard","meta":{"_jetpack_memberships_contains_paid_content":false,"footnotes":"","jetpack_publicize_message":"","jetpack_publicize_feature_enabled":true,"jetpack_social_post_already_shared":false,"jetpack_social_options":{"image_generator_settings":{"template":"highway","default_image_id":0,"font":"","enabled":false},"version":2}},"categories":[4],"tags":[658,634],"class_list":["post-1925","post","type-post","status-publish","format-standard","hentry","category-anunturi-culturale","tag-alexandra-nechita","tag-romani-pentru-lume"],"jetpack_publicize_connections":[],"jetpack_featured_media_url":"","jetpack_sharing_enabled":true,"_links":{"self":[{"href":"https:\/\/blog.egophobia.ro\/index.php?rest_route=\/wp\/v2\/posts\/1925","targetHints":{"allow":["GET"]}}],"collection":[{"href":"https:\/\/blog.egophobia.ro\/index.php?rest_route=\/wp\/v2\/posts"}],"about":[{"href":"https:\/\/blog.egophobia.ro\/index.php?rest_route=\/wp\/v2\/types\/post"}],"author":[{"embeddable":true,"href":"https:\/\/blog.egophobia.ro\/index.php?rest_route=\/wp\/v2\/users\/2"}],"replies":[{"embeddable":true,"href":"https:\/\/blog.egophobia.ro\/index.php?rest_route=%2Fwp%2Fv2%2Fcomments&post=1925"}],"version-history":[{"count":1,"href":"https:\/\/blog.egophobia.ro\/index.php?rest_route=\/wp\/v2\/posts\/1925\/revisions"}],"predecessor-version":[{"id":1926,"href":"https:\/\/blog.egophobia.ro\/index.php?rest_route=\/wp\/v2\/posts\/1925\/revisions\/1926"}],"wp:attachment":[{"href":"https:\/\/blog.egophobia.ro\/index.php?rest_route=%2Fwp%2Fv2%2Fmedia&parent=1925"}],"wp:term":[{"taxonomy":"category","embeddable":true,"href":"https:\/\/blog.egophobia.ro\/index.php?rest_route=%2Fwp%2Fv2%2Fcategories&post=1925"},{"taxonomy":"post_tag","embeddable":true,"href":"https:\/\/blog.egophobia.ro\/index.php?rest_route=%2Fwp%2Fv2%2Ftags&post=1925"}],"curies":[{"name":"wp","href":"https:\/\/api.w.org\/{rel}","templated":true}]}}