{"id":1931,"date":"2013-04-24T15:51:48","date_gmt":"2013-04-24T13:51:48","guid":{"rendered":"http:\/\/blog.egophobia.ro\/?p=1931"},"modified":"2013-04-24T15:51:48","modified_gmt":"2013-04-24T13:51:48","slug":"interviu-alexandra-nechita","status":"publish","type":"post","link":"https:\/\/blog.egophobia.ro\/?p=1931","title":{"rendered":"Interviu Alexandra Nechita"},"content":{"rendered":"<blockquote>\n<p align=\"center\"><b>wwww.romanipentruolume.ro<\/b><\/p>\n<p><\/p>\n<p align=\"center\"><i>\u201e<\/i>Inima mea a dorit pictura de prima dat\u0103 c\u00e2nd m-am cufundat \u00een vopselurile seduc\u0103toare ce mi-au permis s\u0103 m\u0103 exprim<i>\u201d <\/i><\/p>\n<p align=\"justify\">\n\u00cenc\u0103 de la v\u00e2rsta de 12 ani, Alexandra Nechita a expus peste tot \u00een lume, din America p\u00e2n\u0103 \u00een Rom\u00e2nia, Singapore, Japonia sau Noua Zeeland\u0103, iar picturile sale se g\u0103sesc \u00een diferite muzee ale lumii (cum ar fi Colec\u0163ia Vaticanului, din Roma, sau The Rock&amp;Roll Hall of Fame, din Cleveland) ori \u00een colec\u0163iile private ale celebrit\u0103\u0163ilor precum Celine Dion, Woopi Goldberg, Charlize Theron, Stephen Baldwin, Catherine Deneuve, David Letterman, Rosie O&#8217;Donnell, Phil Collins, Calvin Klein, Oprah Winfrey, Larry King (care i-a prefa\u0163at cartea pe care Alexandra a scris-o) sau Lionel Ritchie. De-a lungul timpului, a avut apari\u0163ii televizate la CNN, The Oprah Winfrey Show, The Rosie O&#8217;Donnell Show, CBS Sunday Morning sau NBC&#8217;s Today.<\/p>\n<p>De\u015fi locuie\u015fte \u00een America, de la v\u00e2rsta de doi ani, Alexandra vorbe\u015fte doar rom\u00e2ne\u015fte acas\u0103 \u015fi \u00eempreun\u0103 cu familia sa practic\u0103 toate tradi\u0163iile cu aceea\u015fi regularitate ca \u015fi cum ar tr\u0103i \u00een Rom\u00e2nia, pentru c\u0103 \u201e<i>\u015ftie la prima m\u00e2n\u0103 c\u00e2t de valoros este pentru cultura \u015fi r\u0103d\u0103cinile cuiva faptul c\u0103 acestea s\u0103 fie prezente activ \u00een via\u0163a lor<\/i>\u201d.<!--more--><\/p>\n<p>&nbsp;<\/p>\n<p><b>Pe cine admira\u0163i, \u00een mod special, dintre toate emblemele istorice ale culturii rom\u00e2ne?<\/b><\/p>\n<p>Sunt o mare fan\u0103 a lui Constantin Br\u00e2ncu\u015fi. Ar trebui s\u0103 men\u0163ionez c\u0103 se afl\u0103 printre multitudinea de arti\u015fti rom\u00e2ni pe care am admirat-o dintotdeauna. Motivele mele vin dintr-o perspectiv\u0103 vizual\u0103. Munca sa a avut capacitatea de a dura \u00een timp \u015fi de a aprinde emo\u0163ii. \u00cei consider munca at\u00e2t de puternic\u0103 \u015fi intuitiv\u0103, acestea fiind cele dou\u0103 atribute pe care m-am str\u0103duit s\u0103 le ating \u00een munca mea de zi cu zi.<\/p>\n<p>&nbsp;<\/p>\n<p><b>Dar din cultura mondial\u0103? <\/b><\/p>\n<p>Lista este imens\u0103. \u015ei, de\u015fi mi-ar pl\u0103cea s\u0103 indic o personalitate renumit\u0103 la nivel mondial pentru a putea discuta, \u00eemi dau seama c\u0103 cei pe care admir cel mai mult sunt oamenii care \u00eemi influen\u0163eaz\u0103 via\u0163a \u00een mod regulat, de la familie, la prieteni \u015fi la cei care se afl\u0103 \u00een sfera mea de lucru. \u00cemi dau seama c\u0103, de\u015fi \u00eenc\u0103 visez la lucruri mari \u015fi aspir la titluri complexe \u015fi glorie, ceea ce m\u0103 preocup\u0103 mai mult este dorin\u0163a de a fi o fiin\u0163\u0103 uman\u0103 bun\u0103. \u015etiu c\u0103 sun\u0103 banal, dar este \u00eentr-adev\u0103r o misiune zilnic\u0103 s\u0103 faci \u00een mod con\u015ftient alegerile corecte, nu doar pentru binele meu, dar \u015fi pentru al celor din jurul meu. Cu adev\u0103rat, lucrurile care conteaz\u0103 cel mai mult \u00een final sunt cele mici.<\/p>\n<p>&nbsp;<\/p>\n<p><b><i>\u201eChiar \u015fi ast\u0103zi, vorbim doar rom\u00e2ne\u015fte \u015fi practic\u0103m toate tradi\u0163iile cu aceea\u015fi regularitate ca \u015fi cum am tr\u0103i \u00een Rom\u00e2nia\u201d<\/i><\/b><\/p>\n<p><b>\u00a0<\/b><\/p>\n<p><b>\u00a0<\/b><\/p>\n<p><b>Din punctul dvs de vedere, sunt rom\u00e2nii patrio\u0163i?<\/b><\/p>\n<p>Rom\u00e2nii sunt cu siguran\u0163\u0103 patrio\u0163i. Ei bine, cel pu\u0163in cei din familia mea. Av\u00e2nd \u00een vedere faptul c\u0103 p\u0103rin\u0163ii mei au trecut prin tulbur\u0103ri politice \u015fi sociale severe, nu am sim\u0163it niciodat\u0103 c\u0103 ar fi dorit s\u0103-\u015fi ascund\u0103 trecutul, cu toate c\u0103 \u015ftiu c\u00e2t de dificil \u015fi \u00eempov\u0103r\u0103tor a fost pentru ei. \u00cen schimb, l-au folosit ca s\u0103 ne \u00eenve\u0163e pe mine \u015fi pe fratele meu, care este n\u0103scut \u00een America, s\u0103 ne p\u0103str\u0103m identitatea rom\u00e2neasc\u0103. Chiar \u015fi ast\u0103zi, vorbim doar rom\u00e2ne\u015fte \u015fi practic\u0103m toate tradi\u0163iile cu aceea\u015fi regularitate ca \u015fi cum am tr\u0103i \u00een Rom\u00e2nia. \u015etiu la prima m\u00e2n\u0103 c\u00e2t de valoros este pentru cultura \u015fi r\u0103d\u0103cinile cuiva faptul c\u0103 acestea s\u0103 fie prezente activ \u00een via\u0163a lor. Mi-a\u015f dori s\u0103 pot spune c\u0103 to\u0163i rom\u00e2nii care tr\u0103iesc \u00een str\u0103in\u0103tate au \u00een continuare aceast\u0103 dragoste \u015fi admira\u0163ie pentru \u0163ara lor a\u015fa cum o au p\u0103rin\u0163ii mei \u015fi a\u015fa cum m-au \u00eenv\u0103\u0163at pe mine s\u0103 o am, dar realitatea trist\u0103 este c\u0103 mul\u0163i uit\u0103 \u015fi, \u00eenainte s\u0103-\u015fi dea seama, sunt doar de origine rom\u00e2n\u0103.<\/p>\n<p>&nbsp;<\/p>\n<p><b>Dac\u0103 ar fi s\u0103 facem o paralel\u0103 \u00eentre Rom\u00e2nia \u015fi alte \u0163\u0103ri, care e profilul cultural al Rom\u00e2niei, din punctul dvs. de vedere?<\/b><\/p>\n<p>Nu m\u0103 consider calificat\u0103 s\u0103 r\u0103spund corect la aceast\u0103 \u00eentrebare. Realitatea este c\u0103 am tr\u0103it \u00een Statele Unite de c\u00e2nd aveam doi ani. Cu toate acestea, v\u0103d c\u0103 Rom\u00e2nia lucreaz\u0103 \u00eentr-adev\u0103r spre cre\u015fterea culturii \u015fi a patrimoniului. V\u0103d aceasta prin intermediul multitudinii de organiza\u0163ii \u015fi a numero\u015filor rom\u00e2ni cu care m-am asociat. Se pare c\u0103 to\u0163i \u00eemp\u0103r\u0163im o pasiune comun\u0103 pentru \u0163ara noastr\u0103 \u015fi personalitatea sa cultural\u0103 \u015fi ceea ce \u00eenseamn\u0103 aceasta pentru noi.<\/p>\n<p>&nbsp;<\/p>\n<p><b>Cum crede\u0163i c\u0103 va evolua cultura \u00een Rom\u00e2nia, \u00een urm\u0103torii ani?<\/b><\/p>\n<p>Aceast\u0103 \u00eentrebare este at\u00e2t de subiectiv\u0103. Nu putem prezice evolu\u0163ia politic\u0103, social\u0103 sau economic\u0103 a Rom\u00e2niei. Tot ceea ce putem face este s\u0103 \u00eencerc\u0103m s\u0103 o ghid\u0103m \u00een direc\u0163ia pe care noi o vis\u0103m. Nu putem fi bloca\u0163i \u00een metodele \u015fi ideologiile din trecut, dar \u00een acela\u015fi timp nu putem abandona istoria \u015fi tradi\u0163ia cu totul. Este important\u0103 expunerea continu\u0103, s\u0103 continu\u0103m s\u0103 descoperim noi metode \u015fi cu aceasta progresul va fi f\u0103cut.<\/p>\n<p>&nbsp;<\/p>\n<p><b>Profesional vorbind, care a fost prima dvs iubire?<\/b><\/p>\n<p>Din punct de vedere profesional, prima mea dragoste au fost c\u0103l\u0103toriile ce au venit odat\u0103 cu pictura mea.<\/p>\n<p>&nbsp;<\/p>\n<p><b>Cum a\u0163i descoperit pasiunea pentru pictur\u0103?<\/b><\/p>\n<p>Mi-am descoperit pasiunea pentru pictur\u0103 c\u00e2nd eram foarte mic\u0103. Eram consumat\u0103 de dragostea mea pentru culori \u015fi m\u0103 sim\u0163eam cel mai bine c\u00e2nd puteam participa \u00een orice fel de marcare, de la pere\u0163i la podele la zeci \u015fi zeci de c\u0103r\u0163i de colorat pe care le umpleam \u00een fiecare s\u0103pt\u0103m\u00e2n\u0103. P\u0103rin\u0163ii mei nu au fost niciodat\u0103 uimi\u0163i de \u201etalentul\u201d meu, ci mai degrab\u0103 erau \u00eengrijora\u0163i c\u0103 au un copil introvertit care va cre\u015fte f\u0103r\u0103 nicio abilitate social\u0103. M\u0103 \u00eencurajau s\u0103 continui s\u0103 desenez \u015fi s\u0103 pictez, dar \u00een acela\u015fi timp m\u0103 \u00eempingeau s\u0103 iau parte \u00een a\u015fa-zisele jocuri de copii normale. Ar\u0103tam prea pu\u0163in interes \u00een a m\u0103 juca afar\u0103 cu p\u0103pu\u015file sau \u00een a-mi face prieteni noi. Tot ceea ce \u00eemi doream era s\u0103 fac desene cu creioanele, cu acuarelele. La acea v\u00e2rst\u0103 nu aveam o concep\u0163ie asupra a ceea era un artist sau ce ar \u00eensemna o carier\u0103 \u00een art\u0103, tot ceea ce \u00eemi doream era s\u0103 pictez mereu. Pot spune cu siguran\u0163\u0103 c\u0103 inima mea a dorit pictura de prima dat\u0103 c\u00e2nd m-am cufundat \u00een vopselurile seduc\u0103toare ce mi-au permis s\u0103 m\u0103 exprim.<\/p>\n<p>&nbsp;<\/p>\n<p><b>Fiecare amintire a unei meserii f\u0103cute cu pasiune este, cu siguran\u0163\u0103, important\u0103. \u00cens\u0103, dintre toate una, mai mereu, se eviden\u0163iaz\u0103 mai mult. Care ar fi aceasta, \u00een cazul dvs.?<\/b><\/p>\n<p>P\u0103strez foarte multe picturi \u00een propria mea colec\u0163ie privat\u0103. E un arsenal al muncii pe care \u00eel p\u0103strez pentru o varietate de motive. Ar fi u\u015for s\u0103 zic c\u0103 acelea sunt piesele mele cele mai memorabile sau \u201efavorite\u201d, dar nu acesta este motivul pentru care \u0163in o colec\u0163ie privat\u0103. M\u0103 consider o artist\u0103 foarte prolific\u0103. Constant fac ceva. C\u00e2teodat\u0103 bun, c\u00e2teodat\u0103 r\u0103u. A indica cu precizie o anume lucrare memorabil\u0103 de-a mea este dificil, nu pentru c\u0103 ar fi memorabile toate, ci pentru c\u0103 fiecare pies\u0103 reprezint\u0103 vocea mea, logica mea, intui\u0163ia mea, \u00eenfr\u00e2ngerea mea, viziunea mea \u015fi aspira\u0163iile mele. Fiecare pictur\u0103 sau sculptur\u0103 reprezint\u0103 o experien\u0163\u0103 care mi-a l\u0103sat sentimente ce nu le-am mai avut \u00eenainte. Sunt \u00eencremenit\u0103 \u00een acel moment, cu monumentalele mele statui de bronz, par\u0163ial \u015fi din cauza capacit\u0103\u0163ii lor de a revitaliza un spa\u0163iu geografic. Sunt o mare adept\u0103 a artei publice \u015fi a conexiunii dintre comunitate \u015fi geografie. Toate aceste sunt idei pe care le explorez prin intermediul marilor mele sculpturi pentru exterior.<\/p>\n<p>&nbsp;<\/p>\n<p><b>C\u00e2nd a\u0163i sim\u0163it c\u0103 sunte\u0163i cea mai m\u00e2ndr\u0103 de dvs, de-a lungul profesiei?<\/b><\/p>\n<p>M\u0103 simt cel mai m\u00e2ndr\u0103 de mine \u00eens\u0103mi atunci c\u00e2nd v\u0103d cu ochii mei interac\u0163iunile dintre lucr\u0103rile mele \u015fi privitor.<\/p>\n<p>&nbsp;<\/p>\n<p><b>Care sunt cele mai valoroase lucruri pentru dvs., ca individ?<\/b><\/p>\n<p>Posesiunile mele cele mai valoroase sunt mintea \u015fi spiritul meu, pe care le datorez p\u0103rin\u0163ilor mei. \u00cens\u0103 familia mea este cel mai important dar. Mama \u015fi tat\u0103l meu de neegalat, fratele meu, care este prietenul meu cel mai bun, \u015fi bunica mea incredibil\u0103 care m-a crescut.<\/p>\n<p>&nbsp;<\/p>\n<p>Pentru astfel de rom\u00e2ni ca <b>Alexandra Nechita<\/b> a luat na\u015ftere \u201e<b><i>Rom\u00e2ni pentru o lume<\/i><\/b>\u201d, campania na\u0163ional\u0103 de responsabilitate social\u0103 ini\u0163iat\u0103 de Funda\u0163ia Sergiu Celibidache.<\/p>\n<p>&nbsp;<\/p>\n<p><b>E r\u00e2ndul t\u0103u s\u0103 pui Rom\u00e2nia pe hart\u0103!\u00a0 <\/b><\/p>\n<p>Mai multe detalii pe <a href=\"http:\/\/www.romanipentruolume.ro\">www.romanipentruolume.ro<\/a> \u015fi pagina oficial\u0103 de Facebook a campaniei <a href=\"http:\/\/www.facebook.com\/RomaniPentruOLume\">http:\/\/www.facebook.com\/RomaniPentruOLume<\/a><\/p>\n<p><b>\u00a0<\/b><\/p>\n<p><b>\u00a0<\/b><\/p>\n<p align=\"center\"><b>******<\/b><\/p>\n<p><b>Despre campanie<\/b><\/p>\n<p><b>\u00a0<\/b><\/p>\n<p align=\"center\"><b>Prim\u0103ria Sectorului 1 s-a al\u0103turat campaniei \u201eRom\u00e2ni pentru o lume\u201d, ini\u0163iat\u0103 de<\/b><\/p>\n<p align=\"center\"><b>\u00a0Funda\u0163ia Sergiu Celibidache.<\/b><\/p>\n<p><b>\u00a0<\/b><\/p>\n<p>\u201e<b><i>Rom\u00e2ni pentru o lume<\/i><\/b>\u201d reprezint\u0103 un omagiu adus marilor personalit\u0103\u0163i rom\u00e2ne\u015fti ce au adus m\u00e2ndrie \u015fi glorie Rom\u00e2niei, peste tot \u00een lume \u015fi aduce \u00een aten\u0163ia fiec\u0103ruia dintre noi pe co-na\u0163ionalii no\u015ftri care, prin activitatea lor, r\u0103m\u00e2n nemuritori. Finalitatea acestei campanii o constituie organizarea unui concurs na\u0163ional online (pe <a href=\"http:\/\/www.romanipentruolume.ro\">www.romanipentruolume.ro<\/a>\u00a0 \u015fi pe pagina de Facebook <a href=\"http:\/\/www.facebook.com\/RomaniPentruOLume\">http:\/\/www.facebook.com\/RomaniPentruOLume<\/a>) de tribut adus culturii sau unei personalit\u0103\u0163i anume, prin care oameni din domenii diferite ale culturii se vor putea \u00eenscrie astfel \u00eenc\u00e2t s\u0103 dedice o pictur\u0103, o compozi\u0163ie, o sculptur\u0103, un poem, etc. \u00cen urma unui vot de specialitate \u015fi prin votul sponsorilor, cei selecta\u0163i vor merge \u00een final\u0103, unde vor fi juriza\u0163i de c\u0103tre un juriu de specialitate \u015fi de c\u0103tre public. C\u00e2\u015ftig\u0103torii vor primi burse de studiu \u00een Rom\u00e2nia \u015fi \u00een str\u0103in\u0103tate.<\/p>\n<p><b>\u00a0<\/b><\/p>\n<p>Campania se desf\u0103\u015foar\u0103 online, la adresa <a href=\"http:\/\/www.romanipentruolume.ro\">www.romanipentruolume.ro<\/a> \u015fi pe pagina de Facebook http:\/\/www.facebook.com\/RomaniPentruOLume, unde pute\u0163i g\u0103si mai multe detalii despre acest nou proiect cultural al Funda\u0163iei Sergiu Celibidache.<\/p>\n<p><b>\u00a0<\/b><\/p>\n<p><b>Parteneri principali:<\/b> Prim\u0103ria Sectorului 1 Bucure\u015fti<\/p>\n<p><b>\u00a0<\/b><\/p>\n<p><b>Parteneri<\/b>: Muzeul Memorial Nicolae Grigorescu, Muzeul Na\u0163ional al Literaturii Rom\u00e2ne, Muzeul Na\u0163ional George Enescu<\/p>\n<p><b>\u00a0<\/b><\/p>\n<p><b>Sponsori: <\/b>Amgen; Asirom; Aristocrat Events Hall; BASF; Birou de Arhitectur\u0103 Pintilie; Casa Anke; Gilescu, V\u0103leanu \u015fi Partenerii; IBIS Hotels; DB Schenker; Intesa Sanpaolo Bank; RIFIL; Sense; \u0162uca Zb\u00e2rcea &amp; Asocia\u0163ii; DSV SOLUTIONS<\/p>\n<p><b>\u00a0<\/b><\/p>\n<p><b>Parteneri media:<\/b> Radio Rom\u00e2nia Muzical, Radio Rom\u00e2nia Cultural, Radio Rom\u00e2nia Actualit\u0103\u0163i, Radio Rom\u00e2nia Interna\u0163ional, Money TV, Spectacular TV, Getica OOH, Grand Cinema Digiplex din B\u0103neasa Shopping City, Cocor, Rebus, Observatorul Cultural, Q Magazine, Ziarul Ring, Revista Centrul Vechi, Deutsche Zeitung, \u015eapte Seri, Academia Ca\u0163avencu, Rom\u00e2nia Liber\u0103, eva.ro, cinefan.ro, stirifeldefel.ro, egophobia.ro, avocatnet.ro, lsrs.ro, Book Mag, Art Act Magazin, Calendar Evenimente<br \/>\n<img decoding=\"async\" src=\"http:\/\/i158.photobucket.com\/albums\/t103\/egophobia\/blog\/NechitaAlexandrafotografiearhivapersonala_zps59d97e05.jpg\" width=500>\n<\/p><\/blockquote>\n","protected":false},"excerpt":{"rendered":"<p>wwww.romanipentruolume.ro \u201eInima mea a dorit pictura de prima dat\u0103 c\u00e2nd m-am cufundat \u00een vopselurile seduc\u0103toare ce mi-au permis s\u0103 m\u0103 exprim\u201d \u00cenc\u0103 de la v\u00e2rsta de 12 ani, Alexandra Nechita a expus peste tot \u00een lume, din America p\u00e2n\u0103 \u00een Rom\u00e2nia, Singapore, Japonia sau Noua Zeeland\u0103, iar picturile sale se g\u0103sesc \u00een diferite muzee ale [&hellip;]<\/p>\n","protected":false},"author":2,"featured_media":0,"comment_status":"open","ping_status":"open","sticky":false,"template":"","format":"standard","meta":{"_jetpack_memberships_contains_paid_content":false,"footnotes":"","jetpack_publicize_message":"","jetpack_publicize_feature_enabled":true,"jetpack_social_post_already_shared":false,"jetpack_social_options":{"image_generator_settings":{"template":"highway","default_image_id":0,"font":"","enabled":false},"version":2}},"categories":[4],"tags":[658,634],"class_list":["post-1931","post","type-post","status-publish","format-standard","hentry","category-anunturi-culturale","tag-alexandra-nechita","tag-romani-pentru-lume"],"jetpack_publicize_connections":[],"jetpack_featured_media_url":"","jetpack_sharing_enabled":true,"_links":{"self":[{"href":"https:\/\/blog.egophobia.ro\/index.php?rest_route=\/wp\/v2\/posts\/1931","targetHints":{"allow":["GET"]}}],"collection":[{"href":"https:\/\/blog.egophobia.ro\/index.php?rest_route=\/wp\/v2\/posts"}],"about":[{"href":"https:\/\/blog.egophobia.ro\/index.php?rest_route=\/wp\/v2\/types\/post"}],"author":[{"embeddable":true,"href":"https:\/\/blog.egophobia.ro\/index.php?rest_route=\/wp\/v2\/users\/2"}],"replies":[{"embeddable":true,"href":"https:\/\/blog.egophobia.ro\/index.php?rest_route=%2Fwp%2Fv2%2Fcomments&post=1931"}],"version-history":[{"count":1,"href":"https:\/\/blog.egophobia.ro\/index.php?rest_route=\/wp\/v2\/posts\/1931\/revisions"}],"predecessor-version":[{"id":1932,"href":"https:\/\/blog.egophobia.ro\/index.php?rest_route=\/wp\/v2\/posts\/1931\/revisions\/1932"}],"wp:attachment":[{"href":"https:\/\/blog.egophobia.ro\/index.php?rest_route=%2Fwp%2Fv2%2Fmedia&parent=1931"}],"wp:term":[{"taxonomy":"category","embeddable":true,"href":"https:\/\/blog.egophobia.ro\/index.php?rest_route=%2Fwp%2Fv2%2Fcategories&post=1931"},{"taxonomy":"post_tag","embeddable":true,"href":"https:\/\/blog.egophobia.ro\/index.php?rest_route=%2Fwp%2Fv2%2Ftags&post=1931"}],"curies":[{"name":"wp","href":"https:\/\/api.w.org\/{rel}","templated":true}]}}