{"id":1953,"date":"2013-05-02T15:35:13","date_gmt":"2013-05-02T13:35:13","guid":{"rendered":"http:\/\/blog.egophobia.ro\/?p=1953"},"modified":"2013-05-02T15:37:31","modified_gmt":"2013-05-02T13:37:31","slug":"a-avut-loc-vernisajul-expozitiei-colective-de-arte-plastice-arte-decorative-si-origami-catre-tara-soarelui-rasare","status":"publish","type":"post","link":"https:\/\/blog.egophobia.ro\/?p=1953","title":{"rendered":"A avut loc vernisajul expozi\u021biei colective de arte plastice, arte decorative \u0219i origami C\u0103tre \u0162ara Soarelui R\u0103sare"},"content":{"rendered":"<blockquote>\n<p align=\"center\">Comunicat de pres\u0103<\/p>\n<p align=\"center\">\u00a0Curator: <b>Laura Lucia Mihalca<\/b><\/p>\n<p align=\"center\">\u00a0Organizator: <b>Art Out<\/b><\/p>\n<p align=\"center\">\u00a0Gazda: <b>Muzeul de Etnografie Universal\u0103 \u201cFranz Binder\u201d din Sibiu<\/b>,<\/p>\n<p align=\"center\">\u00a0din cadrul Complexului Na\u021bional Muzeal ASTRA<\/p>\n<p align=\"center\">\u00a0 \u00a0(Sibiu, Piata Mica, nr. 11)<\/p>\n<p align=\"center\">\n<p>\u00a0\u00a0\u00a0\u00a0\u00a0\u00a0\u00a0\u00a0\u00a0\u00a0\u00a0 <b>Vineri, 26 aprilie<\/b><b> 2013<\/b>, avut loc vernisajul expozi\u0163iei colective <b>C\u0103tre \u0162ara Soarelui R\u0103sare <\/b>la sediul <b>muzeului <\/b><b>de Etnografie Universal\u0103 \u201cFranz Binder\u201d din Sibiu, <\/b>din cadrul Complexului Na\u0163ional Muzeal ASTRA.<\/p>\n<p>Expozi\u0163ia este g\u0103zduit\u0103 de Muzeul \u201cFranz Binder\u201d in perioada <b>26 aprilie \u2013 20 mai 2013<\/b> \u015fi va putea fi vizitat\u0103 \u00een data de 18 mai, \u00een cadrul Nop\u0163ii muzeelor, program derulat la nivel na\u0163ional.<!--more--><\/p>\n<p>Complexul Na\u0163ional Muzeal ASTRA din Sibiu aniverseaz\u0103, \u00een acest an, 50 de ani de la \u00eenfiin\u0163area Muzeului \u00een aer liber, 20 de ani de la inaugurarea Muzeului de Etnografie Universal\u0103 \u201cFranz Binder\u201d \u015fi 20 de ani de la prima edi\u0163ie a Festivalului de Film Documentar Astra Film.<\/p>\n<p>\u00cen acest context, muzeul g\u0103zduie\u0219te expozi\u0163ia <b>C\u0103tre \u0162ara Soarelui R\u0103sare<\/b>, \u00een cadrul unui program expozi\u021bional dedicat culturii japoneze, a\u0219a cum puncta \u00een discursul de deschidere a expozi\u021biei\u00a0 doamna Mirela Cre\u021bu, Director al muzeului ASTRA Sibiu<b>.<\/b><\/p>\n<p>Tot doamna Cre\u0163u a ad\u0103ugat: \u201cC\u0103l\u0103toria noastr\u0103 c\u0103tre Japonia a \u00eenceput prin vernisarea expozi\u0163iei de fotografie \u201cMatsuri\u201d \u015fi \u201cKagura\u201d, s\u0103rb\u0103tori \u015fi dansuri sacre \u00een Japonia, expozi\u0163ie de fotografii semnate de Angela Hondru.<\/p>\n<p>Tema expozi\u0163iei este c\u0103l\u0103toria, \u00een\u0163eleas\u0103 ca un drum cu \u00eenc\u0103rc\u0103tur\u0103 simbolic\u0103, ca un plan\u00a0 ini\u0163iatic.<\/p>\n<p>Proiectul expozi\u0163ional, intitulat sugestiv <b>C\u0103tre \u0162ara Soarelui R\u0103sare, <\/b>cuprinde<b> <\/b>piese inspirate din lumea japonez\u0103a sau piese prin care doar cu g\u00e2ndul putem c\u0103l\u0103tori c\u0103tre spa\u0163iul extrem-oriental. Sunt prezentate publicului at\u00e2t lucr\u0103ri de arte plastice (pictur\u0103, grafic\u0103, sculptur\u0103, fotografie, proiect video), c\u00e2t \u015fi lucr\u0103ri de arte decorative (textile &#8211; <i>haute lisse<\/i>, minitapiserie, serigrafie, lucr\u0103ri de <i>patchwork<\/i>, ceramic\u0103) \u015fi origami.<\/p>\n<p>Expun-invita\u0163i Art Out\u00a0: <b><i>Daniela Frumu\u015feanu, Lisandru Neam\u0163u<\/i> <\/b>\u015fi studen\u0163i ai Universit\u0103\u0163ii Bucure\u015fti din cadrul catedrei de Limb\u0103 \u015fi Literatur\u0103 Japonez\u0103 (<b><i>Cristina Dinc\u0163, Flavia Stanciu,Victoria P\u0103curaru<\/i><\/b><i>)<\/i> \u015fi: <b>Ticheaua Annemary, Raluca Anghel, Ciprian Ariciu, Iuliana Barbu, Dreya Bendis, Aida Birghil\u0103, Maria Bornikoel, Ana Andronic BUZU, Corina Chiril\u0103, Daniel Cr\u0103ciun, Hermine Csata, Alexandra Diaconu, Voicu \u2013 Dan Dragomir, Ileana Victoria Dragomirescu, Ciprian Dumitrache, Mihai Eremia, Alexandra Filotti, Alexandru G\u0103van, Petre Emanuel Ghergu, Dan Geleletu, Lumini\u0163a Gliga, Andreea Gabriela Ionescu, Elena Lupu, Nicolae Macovei Makovei, Alina Manole, Cosmin Matei, Laura Lucia Mihalca, Mihai Moldovanu, Eleni Anca Oprescu, Carmina Plosceanu, Emanuela Popa, Alexandrina Popescu, Mugurel Popescu, Cristiana Maria Purdescu, Izabela M\u0103d\u0103lina Purdescu, Ruxandra Mermeze Sibil, Br\u00e2ndu\u015fa Stanciu, Matei Ulmeanu.<\/b><\/p>\n<p>&nbsp;<\/p>\n<p>\u00cen deschiderea expozi\u0163iei, artistul <b>Alexandru G\u0103van<\/b> a sus\u0163inut un workshop de origami, \u00een cadrul c\u0103ruia copii de v\u00e2rste diferite au putut s\u0103 se ini\u0163ieze \u00een tainele acestei arte tradi\u0163ionale japoneze.<\/p>\n<p>&nbsp;<\/p>\n<p>Prima care a luat cuv\u00e2ntul a fost d-na director al C.N.M. Astra, <b>Mirela Cre\u0163u<\/b>,\u00a0 care a remarcat valoarea emo\u0163ional\u0103 a acestei expozi\u0163ii, care se \u00eenscrie at\u00e2t de bine \u00een programul expozi\u0163ional general al muzeului \u201cFranz Binder\u201d, \u00een contextul \u00een care este pentru prima dat\u0103, din 2007 p\u00e2n\u0103 acum, c\u00e2nd sala de expozi\u0163ii a fost redat\u0103 publicului cu acest scop.<\/p>\n<p>D-l <b>Ion T\u0103m\u00e2ian<\/b>, \u00een calitatea sa de pre\u0219edinte a Uniunii Arti\u0219tilor Plastici din Sibiu, a punctat frumoasa colaborare dintre Muzeul ASTRA \u0219i UAP de-a lungul timpului, accentu\u00e2nd valoarea \u0219i importan\u021ba acestei expozi\u021bii, valoare conferit\u0103 de experien\u021ba arti\u0219tilor profesioni\u0219ti care au ales s\u0103 expun\u0103 \u0219i de expresivitatea lucr\u0103rilor. Totodat\u0103, a \u021binut s\u0103 sublinieze importan\u021ba rela\u021biei rom\u00e2no-japoneze, \u00a0\u201co rela\u0163ie cultivat\u0103 \u00een timp, care trebuie men\u0163inut\u0103 \u015fi \u00een viitor, prin cultur\u0103, sub toate formele ei. \u201c<\/p>\n<p>Un discurs emo\u021bionant a avut \u0219i <b>R\u0103zvan Pop<\/b>, director executiv al Direc\u021biei Jude\u021bene pentru Cultur\u0103 \u0219i Patrimoniu Na\u021bional Sibiu, care a povestit modul \u00een care s-a apropiat de colec\u021biile\u00a0 muzeului \u201cFranz Binder\u201d \u0219i emo\u021bia pe care o resimte de fiecare dat\u0103 c\u00e2nd revine \u00een spa\u021biile muzeului ASTRA, pe care \u00eel consider\u0103 un\u00a0 \u201cmonument al Sibiului\u201d.<\/p>\n<p>D-na <b>Iulia Mesea<\/b>, muzeograf, \u0219ef de sec\u021bie la Galeria de Art\u0103 Rom\u00e2neasc\u0103 \u00een cadrul Muzeului Na\u021bional Brukenthal, \u00een calitatea sa de critic de art\u0103, a accentuat valoarea lucr\u0103rilor, v\u0103zute ca o c\u0103l\u0103torie pentru artist \u00eenspre sine, o descoperire, o introspec\u021bie, \u00een cadrul c\u0103reia \u00eent\u00e2lnim un num\u0103r mare de lucr\u0103ri \u00een care recunoa\u0219tem elemente stilistice \u00eemprumutate din arta japonez\u0103 sau raport\u0103ri la arta japonez\u0103. \u00a0\u201cSunt lucr\u0103ri spectaculoase, care \u00eembin\u0103 tehnici diferite &#8211; colaje de \u021bes\u0103turi, de broderii, obiecte de ceramic\u0103 lucrate dup\u0103 tehnic\u0103 japonez\u0103 (raku), obiecte \u0219i instala\u021bii realizate din materiale tradi\u021bionale, acesta fiind un element esen\u021bial al artei \u0219i culturii japoneze.\u201d, a punctat d-na Mesea.<\/p>\n<p>Raportarea la spa\u021biul extrem-oriental a putut fi observat\u0103 \u00een istoria artei europene \u00eenc\u0103 din secolul al XIX-lea, \u00eens\u0103 ceea ce individualizeaz\u0103 aceast\u0103 expozi\u021bie, a\u0219a cum sublinia \u0219i d-na Iulia Mesea, este felul \u00een care \u201cartistii au \u00eencercat s\u0103 se raporteze la cultura japonez\u0103, nu prin prelu\u0103ri automate, nu prin \u00eemprumuturi lipsite de profunzime, ci printr-o apropiere venit\u0103 cumva din interior, \u00eentocmai unui drum de ini\u021biere.\u201d<\/p>\n<p>Curatorul expozitiei, <b>Laura Lucia Mihalca<\/b>, a m\u0103rturisit pl\u0103cuta surprindere cu care a constatat entuziasmul arti\u0219tilor care au ales s\u0103 expun\u0103, propun\u00e2nd abord\u0103ri contemporane, proprii fiec\u0103ruia dintre ei \u0219i a accentuat faptul c\u0103 a dorit s\u0103 acopere c\u00e2t mai multe genuri ale artei, pentru a avea o palet\u0103 complet\u0103 de \u00een\u021belegere \u0219i pentru a vedea raportarea diferit\u0103 a fiec\u0103rui creator la tema aleas\u0103, c\u0103l\u0103toria.<\/p>\n<p>Nu in ultimul rand, d-\u015foara <b>Maria Bozan<\/b>, \u0219eful sec\u021biei muzeului de etnografie \u201cFranz Binder\u201d, a remarcat importan\u021ba acestei expozi\u021bii, \u00een contextul celebr\u0103rii a 20 de ani de la \u00eenfiin\u021barea muzeului \u201cFranz Binder\u201d \u0219i a redeschiderii pentru public a s\u0103lii de expozi\u021bii.<\/p>\n<p>Al\u0103turi de gazdele evenimentului, printre personalit\u0103\u021bile prezente la vernisajul de vineri s-au num\u0103rat \u0219i d-na Liliana Pargu, pre\u0219edinta Asocia\u021biei Femeilor din Rom\u00e2nia \u0219i d-na Camelia Repede, Secretar Executiv Filiala Jude\u021bean\u0103 Sibiu a Uniunii Arhitec\u0163ilor din Rom\u00e2nia.<\/p>\n<p>&nbsp;<\/p>\n<p><b>Imagini de la vernisaj<\/b> pot fi v\u0103zute pe pagina de facebook a organizatorului:<\/p>\n<p><a href=\"https:\/\/www.facebook.com\/media\/set\/?set=a.523750457690373.1073741827.138590419539714&amp;type=1\">https:\/\/www.facebook.com\/media\/set\/?set=a.523750457690373.1073741827.138590419539714&amp;type=1<\/a>.<\/p>\n<p>La ini\u0163iativa prezentatoarei TV Alexandra Blejan, vineri, 26 aprilie, organizatorii au fost invita\u0163i \u00een platoul Antena 1 Sibiu, unde au prezentat expozi\u0163ia <b>C\u0103tre \u0162ara Soarelui R\u0103sare<\/b>. Aici pute\u0163i vedea \u00eenregistrarea: <a href=\"http:\/\/www.youtube.com\/watch?v=qQ5yrOLOOqI&amp;feature=youtu.be\" target=\"_blank\">http:\/\/www.youtube.com\/watch?v=qQ5yrOLOOqI&amp;feature=youtu.be<\/a>.<\/p>\n<p align=\"right\"><b>Laura Lucia Mihalca <\/b><\/p>\n<p align=\"right\">\n<p align=\"right\">Curatorul expozi\u0163iei <b>C\u0103tre \u0162ara Soarelui R\u0103sare<\/b><\/p>\n<p align=\"right\">\n<p><img decoding=\"async\" src=\"http:\/\/i158.photobucket.com\/albums\/t103\/egophobia\/blog\/DSCF3783_zpsd99c0b5d.jpg\" width=500><br \/>\n<img decoding=\"async\" src=\"http:\/\/i158.photobucket.com\/albums\/t103\/egophobia\/blog\/DSCF3774_zps73675c45.jpg\" width=500><br \/>\n<img decoding=\"async\" src=\"http:\/\/i158.photobucket.com\/albums\/t103\/egophobia\/blog\/DSCF3783_zpsd99c0b5d.jpg\" width=500><br \/>\n<img decoding=\"async\" src=\"http:\/\/i158.photobucket.com\/albums\/t103\/egophobia\/blog\/DSCF3783_zpsd99c0b5d.jpg\" width=500><\/p>\n<p align=\"right\">\n<p><b>Sponsor<\/b>\u00a0: Cofet\u0103ria Alice<\/p>\n<p><b>Parteneri oficiali<\/b>\u00a0:\u00a0Consiliul Jude\u0163ean Sibiu,\u00a0 Direc\u0163ia Jude\u0163ean\u0103 pentru Tineret \u015fi Sport Sibiu.<\/p>\n<p><b>Parteneri\u00a0:<\/b>\u00a0AEGEE, Asocia\u0163ia Dialog \u015fi Ac\u0163iune, Asocia\u0163ia Femeilor din Rom\u00e2nia, Asocia\u0163ia Femeilor Universitare, Asocia\u0163ia General\u0103 a Inginerilor din Rom\u00e2nia (AGIR), Asocia\u0163ia Maghiarilor din Sibiu HID, Asocia\u0163ia Omnimind, Asocia\u0163ia Studen\u0163ilor arhitec\u0163i Spiru Haret (ASASH), Asocia\u0163ia Studen\u0163ilor la Limbi Str\u0103ine Bucure\u015fti (ASLS), Asocia\u0163ia Tineri pentru Europa de M\u00e2ine, Casa de Cultur\u0103 a municipiului Sibiu, Cercul de Societate \u015fi Cultur\u0103 &#8211; Facultatea de Istorie Universitatea Bucure\u015fti\u00a0; Ed4lead, Editura Herald, Editura Litera,\u00a0Uniunea Arhitec\u0163ilor din Rom\u00e2nia &#8211; Filiala Sibiu,Forumul Democrat al Germanilor din Rom\u00e2nia (FDGR), Forumul Democrat al Germanilor din Rom\u00e2nia, organiza\u0163ia Sibiu, Funda\u0163ia Ileana Mustatza, Liceul de Art\u0103 Sibiu, Liga Studen\u0163ilor din Bucure\u015fti, Sibiu Jazz Festival, Universitatea Bucure\u015fti \u2013 Catedra de Limb\u0103 \u015fi Literatur\u0103 Japonez\u0103, Universitatea Lucian Blaga Sibiu, Universitatea Rom\u00e2no-German\u0103 din Sibiu, Wagner Arte.<\/p>\n<p><b>Parteneri media<\/b>: 04art.wordpress.com, ADEP, Arhimania, Arhitext, Art Act magazine, Artclue, Avocatura.com, Calendar de evenimente, Cea\u015fca de cultur\u0103, Compania d\u2019arte, Cooperativa urban\u0103,Descopera.net, Designist,Edunews.ro,Egophobia, Hermannnst\u00e4dter Zeitung, Hipmag, Hotcity, Ideal Decor, Media\u015f info, New York magazin, Observator Cultural, Oglinda literar\u0103, Ora\u015ful meu, Port.ro, PR Wave, Radio Itsy Bitsy, Radio RFI,Radio Rom\u00e2nia Cultural, Radio Trinitas, Revista Profil Cultural, Roarhitect, Rom\u00e2nia pitoreasc\u0103,Rom\u00e2nia pozitiv\u0103, RoMedia Grecia, Senso TV, \u015etia\u0163i c\u0103, Teen press, Vreauarta.ro<\/p><\/blockquote>\n","protected":false},"excerpt":{"rendered":"<p>Comunicat de pres\u0103 \u00a0Curator: Laura Lucia Mihalca \u00a0Organizator: Art Out \u00a0Gazda: Muzeul de Etnografie Universal\u0103 \u201cFranz Binder\u201d din Sibiu, \u00a0din cadrul Complexului Na\u021bional Muzeal ASTRA \u00a0 \u00a0(Sibiu, Piata Mica, nr. 11) \u00a0\u00a0\u00a0\u00a0\u00a0\u00a0\u00a0\u00a0\u00a0\u00a0\u00a0 Vineri, 26 aprilie 2013, avut loc vernisajul expozi\u0163iei colective C\u0103tre \u0162ara Soarelui R\u0103sare la sediul muzeului de Etnografie Universal\u0103 \u201cFranz Binder\u201d din Sibiu, [&hellip;]<\/p>\n","protected":false},"author":2,"featured_media":0,"comment_status":"open","ping_status":"open","sticky":false,"template":"","format":"standard","meta":{"_jetpack_memberships_contains_paid_content":false,"footnotes":"","jetpack_publicize_message":"","jetpack_publicize_feature_enabled":true,"jetpack_social_post_already_shared":false,"jetpack_social_options":{"image_generator_settings":{"template":"highway","default_image_id":0,"font":"","enabled":false},"version":2}},"categories":[4],"tags":[121,666],"class_list":["post-1953","post","type-post","status-publish","format-standard","hentry","category-anunturi-culturale","tag-expozitie","tag-sta"],"jetpack_publicize_connections":[],"jetpack_featured_media_url":"","jetpack_sharing_enabled":true,"_links":{"self":[{"href":"https:\/\/blog.egophobia.ro\/index.php?rest_route=\/wp\/v2\/posts\/1953","targetHints":{"allow":["GET"]}}],"collection":[{"href":"https:\/\/blog.egophobia.ro\/index.php?rest_route=\/wp\/v2\/posts"}],"about":[{"href":"https:\/\/blog.egophobia.ro\/index.php?rest_route=\/wp\/v2\/types\/post"}],"author":[{"embeddable":true,"href":"https:\/\/blog.egophobia.ro\/index.php?rest_route=\/wp\/v2\/users\/2"}],"replies":[{"embeddable":true,"href":"https:\/\/blog.egophobia.ro\/index.php?rest_route=%2Fwp%2Fv2%2Fcomments&post=1953"}],"version-history":[{"count":3,"href":"https:\/\/blog.egophobia.ro\/index.php?rest_route=\/wp\/v2\/posts\/1953\/revisions"}],"predecessor-version":[{"id":1955,"href":"https:\/\/blog.egophobia.ro\/index.php?rest_route=\/wp\/v2\/posts\/1953\/revisions\/1955"}],"wp:attachment":[{"href":"https:\/\/blog.egophobia.ro\/index.php?rest_route=%2Fwp%2Fv2%2Fmedia&parent=1953"}],"wp:term":[{"taxonomy":"category","embeddable":true,"href":"https:\/\/blog.egophobia.ro\/index.php?rest_route=%2Fwp%2Fv2%2Fcategories&post=1953"},{"taxonomy":"post_tag","embeddable":true,"href":"https:\/\/blog.egophobia.ro\/index.php?rest_route=%2Fwp%2Fv2%2Ftags&post=1953"}],"curies":[{"name":"wp","href":"https:\/\/api.w.org\/{rel}","templated":true}]}}