{"id":1985,"date":"2013-05-15T12:17:35","date_gmt":"2013-05-15T10:17:35","guid":{"rendered":"http:\/\/blog.egophobia.ro\/?p=1985"},"modified":"2013-05-15T12:17:35","modified_gmt":"2013-05-15T10:17:35","slug":"cinema-tek-icr-berlin-cu-filantropica-lui-nae-caranfil","status":"publish","type":"post","link":"https:\/\/blog.egophobia.ro\/?p=1985","title":{"rendered":"Cinema-TEK ICR Berlin cu \u201eFilantropica\u201d lui Nae Caranfil"},"content":{"rendered":"<blockquote>\n<p align=justify>\nICR Berlin a ini\u0163iat seria de 10 proiec\u0163ii de film la sediu, program permanent, care prezint\u0103 cele mai importante crea\u0163ii rom\u00e2ne\u015fti de gen din toate timpurile, pentru publicul larg dar \u015fi pentru diaspora din Berlin. Acest program de film rom\u00e2nesc are ca scop prezentarea unor crea\u0163ii cinematografice de fic\u0163iune sau documentare de dinainte de revolu\u0163ie ale unor mari regizori precum Tatos, Pintilie, S\u0103ucan, Gulea, Danieliuc sau Pi\u0163a, dar \u015fi al unor documentare, care prezint\u0103 personalit\u0103\u0163i ale vie\u0163ii culturale din Rom\u00e2nia.<\/p>\n<p>\u00cen cadrul seriei au fost proiectate deja cele mai recente dou\u0103 documentare regizate de Radu Gabrea,\u00a0 filmul \u201dMorome\u021bii\u201d, \u00een regia lui Stere Gulea \u0219i \u201eSecven\u021be\u201c, \u00een regia lui Alexandru Tatos.<br \/>\n<!--more--><br \/>\nPe 15 \u0219i 16 mai, ICR Berlin prezint\u0103 pelicula \u201eFilantropica\u201c a regizorului Nae Caranfil la cinematograful Schaub\u00fchne din Leipzig \u00een colaborare cu Lectoratul de Limb\u0103 Rom\u00e2n\u0103 al Institutului de Romanistic\u0103 din cadrul Universit\u0103\u021bii Leipzig \u0219i mai apoi la sediul institutului din capitala german\u0103.<\/p>\n<p>\u201eFilantropica\u201c: \u00een Bucure\u0219tiul secolului XXI, a ie\u0219i \u00een ora\u0219 s\u00e2mb\u0103t\u0103 seara la bra\u021bul unei femei frumoase e o investi\u021bie financiar\u0103 riscant\u0103. Ovidiu (Mircea Diaconu), modest profesor de liceu, nu \u0219i-ar putea-o permite. \u0218i totu\u0219i trebuie, c\u0103ci s-a \u00eendr\u0103gostit p\u00e2n\u0103 peste cap de Diana (Viorica Vod\u0103), o mic\u0103 siren\u0103 de 20 de ani cu veleit\u0103\u021bi de manechin. \u00cen c\u0103utarea unei surse de venit ceva mai consistente dec\u00e2t o biat\u0103 leaf\u0103 de profesor, Ovidiu plonjeaz\u0103 \u00eentr-o lume fabuloas\u0103 &#8211; mafia cer\u0219etorilor. Unul din capii acesteia \u00eel ia sub aripa sa. Pepe (regretatul Gheorghe Dinic\u0103) este jum\u0103tate artist, jum\u0103tate om de afaceri; &#8222;textier&#8221; oficial al cer\u0219etorimii bucure\u0219tene, omul inventeaz\u0103 biografii, replici \u0219i atitudini \u00een func\u021bie de personalitatea milogului s\u0103u de clientela-\u021bint\u0103.<\/p>\n<p>Nae Caranfil a terminat cursurile Universit\u0103\u021bii de Teatru \u0219i Film din Bucure\u0219ti \u00een anul 1984. A regizat o serie de scurtmetraje, care s-au bucurat de selec\u021bii \u0219i premii la diverse festivaluri interna\u021bionale de film. Primul s\u0103u lungmetraj \u201eE pericoloso sporgersi\u201c a fost prezentat la Cannes \u00een 1993, urmat de \u201eAsfalt Tango\u201d \u00een 1996. \u201eDolce far niente\u201d a fost selec\u021bionat \u00een competit\u021bia oficial\u0103 a Festivalului de Film de la Karlovy Vary \u00een 1998 \u0219i a c\u00e2\u0219tigat premiul pentru cel mai bun scenariu la Namur. Printre multe alte premii, \u201eFilantropica\u201c a primit premiul publicului la Festivalul de Film de la Paris \u00een 2002. Cel mai recent proiect al lui Nae Caranfil, \u201eRestul este t\u0103cere\u201c, a fost prezentat ca film de \u00eenchidere \u00een 2007 la Festivalul de Film de la Locarno.<\/p>\n<p>Filmul va fi prezentat cu subtitrare \u00een limba englez\u0103.<\/p>\n<p>&nbsp;<\/p>\n<p align=\"center\"><i>Programul complet al ICR Berlin \u00eel g\u0103si\u0163i pe <\/i><i>www.rki-berlin.de <\/i><i>\u015fi pe <\/i><i>Facebook <\/i><i>.<\/i><\/p>\n<\/blockquote>\n","protected":false},"excerpt":{"rendered":"<p>ICR Berlin a ini\u0163iat seria de 10 proiec\u0163ii de film la sediu, program permanent, care prezint\u0103 cele mai importante crea\u0163ii rom\u00e2ne\u015fti de gen din toate timpurile, pentru publicul larg dar \u015fi pentru diaspora din Berlin. Acest program de film rom\u00e2nesc are ca scop prezentarea unor crea\u0163ii cinematografice de fic\u0163iune sau documentare de dinainte de revolu\u0163ie [&hellip;]<\/p>\n","protected":false},"author":2,"featured_media":0,"comment_status":"open","ping_status":"open","sticky":false,"template":"","format":"standard","meta":{"_jetpack_memberships_contains_paid_content":false,"footnotes":"","jetpack_publicize_message":"","jetpack_publicize_feature_enabled":true,"jetpack_social_post_already_shared":false,"jetpack_social_options":{"image_generator_settings":{"template":"highway","default_image_id":0,"font":"","enabled":false},"version":2}},"categories":[4],"tags":[468,670,531],"class_list":["post-1985","post","type-post","status-publish","format-standard","hentry","category-anunturi-culturale","tag-icr-berlin","tag-nae-caranfil","tag-proiectie"],"jetpack_publicize_connections":[],"jetpack_featured_media_url":"","jetpack_sharing_enabled":true,"_links":{"self":[{"href":"https:\/\/blog.egophobia.ro\/index.php?rest_route=\/wp\/v2\/posts\/1985","targetHints":{"allow":["GET"]}}],"collection":[{"href":"https:\/\/blog.egophobia.ro\/index.php?rest_route=\/wp\/v2\/posts"}],"about":[{"href":"https:\/\/blog.egophobia.ro\/index.php?rest_route=\/wp\/v2\/types\/post"}],"author":[{"embeddable":true,"href":"https:\/\/blog.egophobia.ro\/index.php?rest_route=\/wp\/v2\/users\/2"}],"replies":[{"embeddable":true,"href":"https:\/\/blog.egophobia.ro\/index.php?rest_route=%2Fwp%2Fv2%2Fcomments&post=1985"}],"version-history":[{"count":1,"href":"https:\/\/blog.egophobia.ro\/index.php?rest_route=\/wp\/v2\/posts\/1985\/revisions"}],"predecessor-version":[{"id":1986,"href":"https:\/\/blog.egophobia.ro\/index.php?rest_route=\/wp\/v2\/posts\/1985\/revisions\/1986"}],"wp:attachment":[{"href":"https:\/\/blog.egophobia.ro\/index.php?rest_route=%2Fwp%2Fv2%2Fmedia&parent=1985"}],"wp:term":[{"taxonomy":"category","embeddable":true,"href":"https:\/\/blog.egophobia.ro\/index.php?rest_route=%2Fwp%2Fv2%2Fcategories&post=1985"},{"taxonomy":"post_tag","embeddable":true,"href":"https:\/\/blog.egophobia.ro\/index.php?rest_route=%2Fwp%2Fv2%2Ftags&post=1985"}],"curies":[{"name":"wp","href":"https:\/\/api.w.org\/{rel}","templated":true}]}}