{"id":1990,"date":"2013-05-21T16:07:05","date_gmt":"2013-05-21T14:07:05","guid":{"rendered":"http:\/\/blog.egophobia.ro\/?p=1990"},"modified":"2013-05-21T16:07:05","modified_gmt":"2013-05-21T14:07:05","slug":"dragos-mihalcea-sustine-campania-romani-pentru-o-lume","status":"publish","type":"post","link":"https:\/\/blog.egophobia.ro\/?p=1990","title":{"rendered":"Drago\u015f Mihalcea sus\u0163ine campania \u201eRom\u00e2ni pentru o lume\u201d"},"content":{"rendered":"<blockquote>\n<p align=\"center\"><b>wwww.romanipentruolume.ro<\/b><\/p>\n<p align=\"justify\">\n<p>Campania \u201eRom\u00e2ni pentru o lume\u201d are ca scop crearea unei noi imagini a Rom\u00e2niei, o imagine bazat\u0103 pe promovarea unui sistem corect de valori, care s\u0103 inspire \u00eencrederea c\u0103 <i>succes<\/i> este un cuv\u00e2nt care define\u015fte na\u0163iunea noastr\u0103, na\u0163iunea rom\u00e2n\u0103. Astfel, am descoperit cu m\u00e2ndrie un alt rom\u00e2n valoros despre care dorim s\u0103 v\u0103 povestim. Este vorba de <b>Drago\u015f Mihalcea<\/b>, prim balerin al Baletului Regal Suedez, primul dansator din istoria de 230 de ani a companiei suedeze care a dep\u0103\u015fit ierarhia corpului de balet.<\/p>\n<p>&nbsp;<\/p>\n<p><b>De ce a\u0163i ales s\u0103 v\u0103 sus\u0163ine\u0163i campaniei \u201eRom\u00e2n pentru o lume\u201d, ini\u0163iat\u0103 de Funda\u0163ia Sergiu Celibidache?<\/b><\/p>\n<p>Toat\u0103 lumea are nevoie de un model \u00een via\u0163\u0103 pentru a le ar\u0103ta c\u0103 drumurile mai pu\u0163in umblate se merit\u0103 a fi explorate.<\/p>\n<p><b>\u00a0<\/b><!--more--><\/p>\n<p><b>Ce sfaturi ave\u0163i pentru cei care doresc s\u0103 v\u0103 calce pe urme?<\/b><\/p>\n<p>Fii tu \u00eensu\u0163i, pre\u0163uie\u015fte darurile care \u0163i-au fost date \u015fi pe care nimeni altcineva nu le are.<\/p>\n<p>&nbsp;<\/p>\n<p><b>Care considera\u0163i c\u0103 vor fi criteriile care \u00eei vor diferen\u0163ia, dintre cei \u00eenscri\u015fi, pe cei care vor trece de preselec\u0163ii \u015fi vor ajunge \u00een finala concursului din etapa a3a a campaniei?<\/b><\/p>\n<p>Originalitatea. S\u0103 fii tu \u00eensu\u0163i este cel mai dificil lucru pe care cineva \u00eel poate face. Dar numai prin unicitatea noastr\u0103 putem s\u0103 avem un impact asupra lumii pe care nimeni altcineva nu-l poate avea.<\/p>\n<p><b>\u00a0<\/b><\/p>\n<p><b>\u00cen ultimii ani, cu prec\u0103dere \u00een Rom\u00e2nia, educa\u0163ia pare s\u0103 aib\u0103 un rol tot mai secundar \u00een formarea unui individ. Pe cine g\u0103si\u0163i dvs. r\u0103spunz\u0103tor pentru acest fapt?<\/b><\/p>\n<p>Sunt doar un politician \u00een privat. Pe oriunde am c\u0103l\u0103torit, orice am f\u0103cut, un singur lucru m-a ajutat enorm: \u201ecei \u015fapte ani de acas\u0103\u201d.<\/p>\n<p>&nbsp;<\/p>\n<p><b>Ce solu\u0163ii vedeti pentru combaterea acestei situa\u0163ii? Societatea actual\u0103 nu le ofer\u0103 dec\u00e2t \u00een mici doze, insuficiente, din p\u0103cate\u2026<\/b><\/p>\n<p>Din cauza vitezei cu care se mi\u015fc\u0103 societate \u00een prezent, p\u0103rin\u0163ii las\u0103 educa\u0163ia copiilor lor pe m\u00e2na profesorilor. \u015ei nu doar \u00een Rom\u00e2nia. Cred c\u0103 este o abordare gre\u015fit\u0103.<\/p>\n<p>&nbsp;<\/p>\n<p>Pentru astfel de rom\u00e2ni ca <b>Drago\u015f Mihalcea<\/b> a luat na\u015ftere \u201e<b><i>Rom\u00e2ni pentru o lume<\/i><\/b>\u201d, campania na\u0163ional\u0103 de responsabilitate social\u0103 ini\u0163iat\u0103 de Funda\u0163ia Sergiu Celibidache.<\/p>\n<p><img decoding=\"async\" src=\"http:\/\/i158.photobucket.com\/albums\/t103\/egophobia\/blog\/DMihalcea-CreditfotoMatsBacker_zpsab387ed7.jpg\" width=500><\/p>\n<p>&nbsp;<\/p>\n<p><b>E r\u00e2ndul t\u0103u s\u0103 pui Rom\u00e2nia pe hart\u0103!\u00a0 <\/b><\/p>\n<p>Mai multe detalii pe <a href=\"http:\/\/www.romanipentruolume.ro\">www.romanipentruolume.ro<\/a> \u015fi pagina oficial\u0103 de Facebook a campaniei <a href=\"http:\/\/www.facebook.com\/RomaniPentruOLume\">http:\/\/www.facebook.com\/RomaniPentruOLume<\/a><\/p>\n<p><b>\u00a0<\/b><\/p>\n<p><b>\u00a0<\/b><\/p>\n<p align=\"center\"><b>******<\/b><\/p>\n<p><b>Despre campanie<\/b><\/p>\n<p><b>\u00a0<\/b><\/p>\n<p>\u201e<b><i>Rom\u00e2ni pentru o lume<\/i><\/b>\u201d reprezint\u0103 un omagiu adus marilor personalit\u0103\u0163i rom\u00e2ne\u015fti ce au adus m\u00e2ndrie \u015fi glorie Rom\u00e2niei, peste tot \u00een lume \u015fi aduce \u00een aten\u0163ia fiec\u0103ruia dintre noi pe co-na\u0163ionalii no\u015ftri care, prin activitatea lor, r\u0103m\u00e2n nemuritori. Finalitatea acestei campanii o constituie organizarea unui concurs na\u0163ional online (pe <a href=\"http:\/\/www.romanipentruolume.ro\">www.romanipentruolume.ro<\/a>\u00a0 \u015fi pe pagina de Facebook <a href=\"http:\/\/www.facebook.com\/RomaniPentruOLume\">http:\/\/www.facebook.com\/RomaniPentruOLume<\/a>) de tribut adus culturii sau unei personalit\u0103\u0163i anume, prin care oameni din domenii diferite ale culturii se vor putea \u00eenscrie astfel \u00eenc\u00e2t s\u0103 dedice o pictur\u0103, o compozi\u0163ie, o sculptur\u0103, un poem, etc. \u00cen urma unui vot de specialitate \u015fi prin votul sponsorilor, cei selecta\u0163i vor merge \u00een final\u0103, unde vor fi juriza\u0163i de c\u0103tre un juriu de specialitate \u015fi de c\u0103tre public. C\u00e2\u015ftig\u0103torii vor primi burse de studiu \u00een Rom\u00e2nia \u015fi \u00een str\u0103in\u0103tate.<\/p>\n<p><b>\u00a0<\/b><\/p>\n<p>Campania se desf\u0103\u015foar\u0103 online, la adresa <a href=\"http:\/\/www.romanipentruolume.ro\">www.romanipentruolume.ro<\/a> \u015fi pe pagina de Facebook http:\/\/www.facebook.com\/RomaniPentruOLume, unde pute\u0163i g\u0103si mai multe detalii despre acest nou proiect cultural al Funda\u0163iei Sergiu Celibidache.<\/p>\n<p><b>\u00a0<\/b><\/p>\n<p><b>Parteneri principali:<\/b> Prim\u0103ria Sectorului 1 Bucure\u015fti<\/p>\n<p><b>\u00a0<\/b><\/p>\n<p><b>Parteneri<\/b>: Muzeul Memorial Nicolae Grigorescu, Muzeul Na\u0163ional al Literaturii Rom\u00e2ne, Muzeul Na\u0163ional George Enescu, Universal Music Romania<\/p>\n<p><b>\u00a0<\/b><\/p>\n<p><b>Sponsori: <\/b>Amgen; Asirom; Aristocrat Events Hall; BASF; Birou de Arhitectur\u0103 Pintilie; Casa Anke; Gilescu, V\u0103leanu \u015fi Partenerii; IBIS Hotels; DB Schenker; Intesa Sanpaolo Bank; RIFIL; Sense; \u0162uca Zb\u00e2rcea &amp; Asocia\u0163ii; DSV SOLUTIONS, Mobilorama<\/p>\n<p><b>\u00a0<\/b><\/p>\n<p><b>Parteneri media:<\/b> Radio Rom\u00e2nia Muzical, Radio Rom\u00e2nia Cultural, Radio Rom\u00e2nia Actualit\u0103\u0163i, Radio Rom\u00e2nia Interna\u0163ional, Money TV, Spectacular TV, Getica OOH, Defi Rom\u00e2nia, Flash, Grand Cinema Digiplex din B\u0103neasa Shopping City, Cocor, Rebus, Observatorul Cultural, Q Magazine, Ziarul Ring, Revista Centrul Vechi, Deutsche Zeitung, \u015eapte Seri, Academia Ca\u0163avencu, Rom\u00e2nia Liber\u0103, eva.ro, cinefan.ro, stirifeldefel.ro, egophobia.ro, avocatnet.ro, lsrs.ro, Book Mag, Art Act Magazin, Calendar Evenimente<\/p><\/blockquote>\n","protected":false},"excerpt":{"rendered":"<p>wwww.romanipentruolume.ro Campania \u201eRom\u00e2ni pentru o lume\u201d are ca scop crearea unei noi imagini a Rom\u00e2niei, o imagine bazat\u0103 pe promovarea unui sistem corect de valori, care s\u0103 inspire \u00eencrederea c\u0103 succes este un cuv\u00e2nt care define\u015fte na\u0163iunea noastr\u0103, na\u0163iunea rom\u00e2n\u0103. Astfel, am descoperit cu m\u00e2ndrie un alt rom\u00e2n valoros despre care dorim s\u0103 v\u0103 povestim. [&hellip;]<\/p>\n","protected":false},"author":2,"featured_media":0,"comment_status":"open","ping_status":"open","sticky":false,"template":"","format":"standard","meta":{"_jetpack_memberships_contains_paid_content":false,"footnotes":"","jetpack_publicize_message":"","jetpack_publicize_feature_enabled":true,"jetpack_social_post_already_shared":false,"jetpack_social_options":{"image_generator_settings":{"template":"highway","default_image_id":0,"font":"","enabled":false},"version":2}},"categories":[4],"tags":[671,634],"class_list":["post-1990","post","type-post","status-publish","format-standard","hentry","category-anunturi-culturale","tag-dragos-mihalcea","tag-romani-pentru-lume"],"jetpack_publicize_connections":[],"jetpack_featured_media_url":"","jetpack_sharing_enabled":true,"_links":{"self":[{"href":"https:\/\/blog.egophobia.ro\/index.php?rest_route=\/wp\/v2\/posts\/1990","targetHints":{"allow":["GET"]}}],"collection":[{"href":"https:\/\/blog.egophobia.ro\/index.php?rest_route=\/wp\/v2\/posts"}],"about":[{"href":"https:\/\/blog.egophobia.ro\/index.php?rest_route=\/wp\/v2\/types\/post"}],"author":[{"embeddable":true,"href":"https:\/\/blog.egophobia.ro\/index.php?rest_route=\/wp\/v2\/users\/2"}],"replies":[{"embeddable":true,"href":"https:\/\/blog.egophobia.ro\/index.php?rest_route=%2Fwp%2Fv2%2Fcomments&post=1990"}],"version-history":[{"count":1,"href":"https:\/\/blog.egophobia.ro\/index.php?rest_route=\/wp\/v2\/posts\/1990\/revisions"}],"predecessor-version":[{"id":1991,"href":"https:\/\/blog.egophobia.ro\/index.php?rest_route=\/wp\/v2\/posts\/1990\/revisions\/1991"}],"wp:attachment":[{"href":"https:\/\/blog.egophobia.ro\/index.php?rest_route=%2Fwp%2Fv2%2Fmedia&parent=1990"}],"wp:term":[{"taxonomy":"category","embeddable":true,"href":"https:\/\/blog.egophobia.ro\/index.php?rest_route=%2Fwp%2Fv2%2Fcategories&post=1990"},{"taxonomy":"post_tag","embeddable":true,"href":"https:\/\/blog.egophobia.ro\/index.php?rest_route=%2Fwp%2Fv2%2Ftags&post=1990"}],"curies":[{"name":"wp","href":"https:\/\/api.w.org\/{rel}","templated":true}]}}