{"id":2004,"date":"2013-05-29T11:40:55","date_gmt":"2013-05-29T09:40:55","guid":{"rendered":"http:\/\/blog.egophobia.ro\/?p=2004"},"modified":"2013-05-29T11:40:55","modified_gmt":"2013-05-29T09:40:55","slug":"ada-condeescu-e-una-din-vocile-campaniei-romani-pentru-o-lume","status":"publish","type":"post","link":"https:\/\/blog.egophobia.ro\/?p=2004","title":{"rendered":"Ada Condeescu e una din vocile campaniei \u201eRom\u00e2ni pentru o lume\u201d"},"content":{"rendered":"<blockquote>\n<p align=\"center\"><b>wwww.romanipentruolume.ro<\/b><\/p>\n<p align=\"justify\">\nDesemnat\u0103 Cea mai bun\u0103 actri\u0163\u0103 la cel mai important Festival de film din S-E Europei, cel de la Sarajevo, \u015fi c\u00e2\u015ftig\u0103toare a Trofeului Shooting Stars, de la Berlinalele de anul acesta, <b>Ada Condeescu<\/b> completeaz\u0103 lista de valori rom\u00e2ne\u015fti care duc tradi\u0163ia, cultura \u015fi geniul rom\u00e2nesc peste tot \u00een lume. Prin campania \u201eRom\u00e2ni pentru o lume\u201d promov\u0103m personalit\u0103\u0163ile \u0163\u0103rii noastre, pentru a oferi rom\u00e2nilor adev\u0103rate exemple de urmat, pentru a trezi speran\u0163a \u015fi a motiva noile genera\u0163ii s\u0103 \u00ee\u015fi urmeze visul, c\u00e2\u015ftig\u00e2nd \u00eencrederea ca Rom\u00e2nia \u00eenseamn\u0103, pentru noi to\u0163i, acas\u0103.<\/p>\n<p>&nbsp;<\/p>\n<p><b>De ce ai ales s\u0103 te al\u0103turi campaniei \u201eRom\u00e2ni pentru o lume\u201d?<\/b><!--more--><\/p>\n<p>Consider c\u0103, \u00een primul r\u00e2nd, e foarte bine s\u0103 ne cunoa\u015ftem originile, r\u0103d\u0103cinile, s\u0103 fim informa\u0163i nu doar cu prezentul care ne \u00eenconjoar\u0103, ci \u015fi cu oameni din care ne tragem, cu locuri de unde provenim. A\u015fadar, structura campaniei \u201eRom\u00e2ni pentru o lume\u201d mi se pare una foarte bine g\u00e2ndit\u0103, cu personalit\u0103\u0163i din trecut \u015fi prezent. \u00cen plus, eu sunt o mare admiratoare a oamenilor de talia lui Sergiu Celibidache, care au reu\u015fit s\u0103 creeze o atmosfer\u0103 \u00een jurul lor, care te fascineaz\u0103, pur \u015fi simplu. Pentru mine e o onoare s\u0103 fie numele meu, mai ales c\u0103 sunt destul de t\u00e2n\u0103r\u0103, asociat cu personalit\u0103\u0163i de talia lui Sergiu Celibidache, pentru c\u0103 am crescut cu muzica lui \u00een cas\u0103. P\u00e2n\u0103 la urm\u0103, cred c\u0103 ne dorim cu to\u0163ii s\u0103 fim printre cei mai buni, \u00eens\u0103 e important s\u0103 \u015ftii cum s\u0103 dai mai departe, cum s\u0103 d\u0103ruie\u015fti celorlal\u0163i sursa de magie care te \u00eenconjoar\u0103. Iar pentru mine lucrul \u0103sta e mai important dec\u00e2t un premiu.<\/p>\n<p><b>\u00a0<\/b><\/p>\n<p><b>Ce sfaturi ai pentru cei care doresc s\u0103 \u00ee\u0163i calce pe urme?<\/b><\/p>\n<p>S\u0103 \u00ee\u015fi g\u0103seasc\u0103 resursele \u00een ei \u00een\u015fi\u015fi, la \u00eenceput. Oric\u00e2t de greu \u0163i-ar fi, trebuie s\u0103 \u015ftii cum s\u0103 d\u0103ruie\u015fti prin talentul t\u0103u. E important s\u0103 pleci de la adev\u0103r, s\u0103 construie\u015fti drumul pe care vrei s\u0103-l urmezi \u00een carier\u0103, cu mult adev\u0103r \u015fi sinceritate. Pentru c\u0103 publicul va sim\u0163i asta \u015fi va aprecia. Dac\u0103 te g\u00e2nde\u015fti la rezultat, la covorul ro\u015fu, la celebritate, din start cred c\u0103 e\u015fti pe un f\u0103ga\u015f gre\u015fit. \u00centotdeauna trebuie s\u0103 te pozi\u0163ionezi sub art\u0103, trebuie s\u0103 fii slujba\u015ful artei, s\u0103 fii umil \u00een fa\u0163a ei. \u00cen fiecare rol, pe care l-am jucat, am \u00eencercat s\u0103 pun personajul \u015fi textul autorului pe primul loc. \u00cen momentul \u00een care toate g\u00e2ndurile \u015fi emo\u0163iile, tot sufletul t\u0103u e \u00een slujba acestui personaj, se \u00eent\u00e2mpl\u0103 miracolul.<\/p>\n<p>&nbsp;<\/p>\n<p><b>Care consideri c\u0103 vor fi criteriile care \u00eei vor ajuta pe cei \u00eenscri\u015fi s\u0103 c\u00e2\u015ftige concursul campaniei noastre?<\/b><\/p>\n<p>O mare parte din oameni cred c\u0103 actoria, c\u0103ci doar la aceast\u0103 categorie o sa ma refer, \u0163ine de un soi de fabricare \u015fi prefabricare a unor g\u00e2nduri, a unor cuvinte, emo\u0163ii. De fapt, este vorba mai mult de sinceritate \u015fi de c\u00e2t po\u0163i s\u0103 iei privitorul cu tine, \u00een povestea respectiv\u0103. \u015ei atunci, c\u00e2nd te preg\u0103te\u015fti de o audi\u0163ie, un castig sau un concurs, admitere, etc., e bine s\u0103 \u00ee\u0163i iei lucruri foarte aproape de tine, pentru c\u0103 nu e\u015fti instruit. E bine ca povestea pe care vor s\u0103 o spun\u0103 s\u0103 le fie aproape \u015fi la \u00eendem\u00e2n\u0103, care rezoneaz\u0103 mai bine cu felul lor de a fi.<\/p>\n<p><b>\u00a0<\/b><\/p>\n<p><b>Educa\u0163ia pare s\u0103 aib\u0103 un rol tot mai secundar \u00een formarea unui individ. Pe cine g\u0103\u015fe\u015fti tu r\u0103spunz\u0103tor pentru acest fapt?<\/b><\/p>\n<p>Eu cred c\u0103 fiecare om e, aproape, exclusiv responsabil de lucrurile care i se \u00eent\u00e2mpl\u0103. Spun asta, pentru c\u0103 eu am tr\u0103it pe pielea mea at\u00e2t interesul c\u00e2t \u015fi dezinteresul pentru \u015fcoal\u0103 \u015fi educa\u0163ie, \u00een general, \u00een func\u0163ie de ce mi s-a oferit ca \u015fi context. \u015etim cu to\u0163ii c\u0103 \u00eenv\u0103\u0163\u0103m\u00e2ntul nu e bine pus la punct de ani \u015fi ani de zile \u015fi mi se pare c\u0103 lucrurile se degradeaz\u0103 de la an la an, aspect din ce \u00een ce mai vizibil. Cred de asemenea c\u0103 \u015fi contextul \u00een care tr\u0103im, apropo de libertatea de expresie, e foarte d\u0103un\u0103tor, avem mult prea mult\u0103 libertate. Pentru c\u0103 dac\u0103 nu \u015ftii s\u0103 te folose\u015fti, s\u0103 te aju\u0163i, de libertatea de care te bucuri, ea poate fi \u00eengrozitoare, periculoas\u0103 pentru individ. V\u0103d \u00een jurul meu mul\u0163i tineri confuzi, care nu \u015ftiu ce vor pentru viitorul lor \u015fi chiar mai r\u0103u de at\u00e2t nici m\u0103car nu \u00eei intereseaz\u0103. Exist\u0103 o mare lips\u0103 de concentrare a tinerilor din ziua de azi, unii \u00eemi par c\u0103 nu se pot concentra pe nimic, nu au repere, iar vina cred c\u0103 e \u00eemp\u0103r\u0163it\u0103, vine at\u00e2t de acas\u0103, c\u00e2t \u015fi din \u015fcoal\u0103. Din p\u0103cate, profesorii din ziua de azi nu se mai preocup\u0103 a\u015fa mult de elevi, pu\u0163i sunt cei care mai au harul \u015fi magia aceea de a fi dasc\u0103l, cum era Sergiu Celibidache, de exemplu.<\/p>\n<p>&nbsp;<\/p>\n<p>Pentru astfel de rom\u00e2ni ca <b>Ada Condeescu<\/b> a luat na\u015ftere \u201e<b><i>Rom\u00e2ni pentru o lume<\/i><\/b>\u201d, campania na\u0163ional\u0103 de responsabilitate social\u0103 ini\u0163iat\u0103 de Funda\u0163ia Sergiu Celibidache.<\/p>\n<p>&nbsp;<\/p>\n<p><img decoding=\"async\" src=\"http:\/\/i158.photobucket.com\/albums\/t103\/egophobia\/blog\/creditfotoStradaFilm_zpsbc03e2dc.jpg\" width=500><br \/>\n[&#038;copy: Strada Film]<\/p>\n<p><b>E r\u00e2ndul t\u0103u s\u0103 pui Rom\u00e2nia pe hart\u0103!\u00a0 <\/b><\/p>\n<p>Mai multe detalii pe <a href=\"http:\/\/www.romanipentruolume.ro\">www.romanipentruolume.ro<\/a> \u015fi pagina oficial\u0103 de Facebook a campaniei <a href=\"http:\/\/www.facebook.com\/RomaniPentruOLume\">http:\/\/www.facebook.com\/RomaniPentruOLume<\/a><\/p>\n<p><b>\u00a0<\/b><\/p>\n<p><b>\u00a0<\/b><\/p>\n<p align=\"center\"><b>******<\/b><\/p>\n<p><b>Despre campanie<\/b><\/p>\n<p><b>\u00a0<\/b><\/p>\n<p>\u201e<b><i>Rom\u00e2ni pentru o lume<\/i><\/b>\u201d reprezint\u0103 un omagiu adus marilor personalit\u0103\u0163i rom\u00e2ne\u015fti ce au adus m\u00e2ndrie \u015fi glorie Rom\u00e2niei, peste tot \u00een lume \u015fi aduce \u00een aten\u0163ia fiec\u0103ruia dintre noi pe co-na\u0163ionalii no\u015ftri care, prin activitatea lor, r\u0103m\u00e2n nemuritori. Finalitatea acestei campanii o constituie organizarea unui concurs na\u0163ional online (pe <a href=\"http:\/\/www.romanipentruolume.ro\">www.romanipentruolume.ro<\/a>\u00a0 \u015fi pe pagina de Facebook <a href=\"http:\/\/www.facebook.com\/RomaniPentruOLume\">http:\/\/www.facebook.com\/RomaniPentruOLume<\/a>) de tribut adus culturii sau unei personalit\u0103\u0163i anume, prin care oameni din domenii diferite ale culturii se vor putea \u00eenscrie astfel \u00eenc\u00e2t s\u0103 dedice o pictur\u0103, o compozi\u0163ie, o sculptur\u0103, un poem, etc. \u00cen urma unui vot de specialitate \u015fi prin votul sponsorilor, cei selecta\u0163i vor merge \u00een final\u0103, unde vor fi juriza\u0163i de c\u0103tre un juriu de specialitate \u015fi de c\u0103tre public. C\u00e2\u015ftig\u0103torii vor primi burse de studiu \u00een Rom\u00e2nia \u015fi \u00een str\u0103in\u0103tate.<\/p>\n<p><b>\u00a0<\/b><\/p>\n<p>Campania se desf\u0103\u015foar\u0103 online, la adresa <a href=\"http:\/\/www.romanipentruolume.ro\">www.romanipentruolume.ro<\/a> \u015fi pe pagina de Facebook http:\/\/www.facebook.com\/RomaniPentruOLume, unde pute\u0163i g\u0103si mai multe detalii despre acest nou proiect cultural al Funda\u0163iei Sergiu Celibidache.<\/p>\n<p><b>\u00a0<\/b><\/p>\n<p><b>Parteneri principali:<\/b> Prim\u0103ria Sectorului 1 Bucure\u015fti<\/p>\n<p><b>\u00a0<\/b><\/p>\n<p><b>Parteneri<\/b>: Muzeul Memorial Nicolae Grigorescu, Muzeul Na\u0163ional al Literaturii Rom\u00e2ne, Muzeul Na\u0163ional George Enescu, Universal Music Romania<\/p>\n<p><b>\u00a0<\/b><\/p>\n<p><b>Sponsori: <\/b>Amgen; Asirom; Aristocrat Events Hall; BASF; Birou de Arhitectur\u0103 Pintilie; Casa Anke; Gilescu, V\u0103leanu \u015fi Partenerii; IBIS Hotels; DB Schenker; Intesa Sanpaolo Bank; RIFIL; Sense; \u0162uca Zb\u00e2rcea &amp; Asocia\u0163ii; DSV SOLUTIONS, Mobilorama<\/p>\n<p><b>\u00a0<\/b><\/p>\n<p><b>Parteneri media:<\/b> Radio Rom\u00e2nia Muzical, Radio Rom\u00e2nia Cultural, Radio Rom\u00e2nia Actualit\u0103\u0163i, Radio Rom\u00e2nia Interna\u0163ional, Money TV, Spectacular TV, Getica OOH, Defi Rom\u00e2nia, Flash, Grand Cinema Digiplex din B\u0103neasa Shopping City, Cocor, Rebus, Observatorul Cultural, Q Magazine, Ziarul Ring, Revista Centrul Vechi, Deutsche Zeitung, \u015eapte Seri, Academia Ca\u0163avencu, Rom\u00e2nia Liber\u0103, eva.ro, cinefan.ro, stirifeldefel.ro, Oglinda literar\u0103, egophobia.ro, avocatnet.ro, lsrs.ro, Book Mag, Art Act Magazin, Calendar Evenimente<\/p><\/blockquote>\n","protected":false},"excerpt":{"rendered":"<p>wwww.romanipentruolume.ro Desemnat\u0103 Cea mai bun\u0103 actri\u0163\u0103 la cel mai important Festival de film din S-E Europei, cel de la Sarajevo, \u015fi c\u00e2\u015ftig\u0103toare a Trofeului Shooting Stars, de la Berlinalele de anul acesta, Ada Condeescu completeaz\u0103 lista de valori rom\u00e2ne\u015fti care duc tradi\u0163ia, cultura \u015fi geniul rom\u00e2nesc peste tot \u00een lume. Prin campania \u201eRom\u00e2ni pentru o [&hellip;]<\/p>\n","protected":false},"author":2,"featured_media":0,"comment_status":"open","ping_status":"open","sticky":false,"template":"","format":"standard","meta":{"_jetpack_memberships_contains_paid_content":false,"footnotes":"","jetpack_publicize_message":"","jetpack_publicize_feature_enabled":true,"jetpack_social_post_already_shared":false,"jetpack_social_options":{"image_generator_settings":{"template":"highway","default_image_id":0,"font":"","enabled":false},"version":2}},"categories":[4],"tags":[676,634],"class_list":["post-2004","post","type-post","status-publish","format-standard","hentry","category-anunturi-culturale","tag-ada-condeescu","tag-romani-pentru-lume"],"jetpack_publicize_connections":[],"jetpack_featured_media_url":"","jetpack_sharing_enabled":true,"_links":{"self":[{"href":"https:\/\/blog.egophobia.ro\/index.php?rest_route=\/wp\/v2\/posts\/2004","targetHints":{"allow":["GET"]}}],"collection":[{"href":"https:\/\/blog.egophobia.ro\/index.php?rest_route=\/wp\/v2\/posts"}],"about":[{"href":"https:\/\/blog.egophobia.ro\/index.php?rest_route=\/wp\/v2\/types\/post"}],"author":[{"embeddable":true,"href":"https:\/\/blog.egophobia.ro\/index.php?rest_route=\/wp\/v2\/users\/2"}],"replies":[{"embeddable":true,"href":"https:\/\/blog.egophobia.ro\/index.php?rest_route=%2Fwp%2Fv2%2Fcomments&post=2004"}],"version-history":[{"count":1,"href":"https:\/\/blog.egophobia.ro\/index.php?rest_route=\/wp\/v2\/posts\/2004\/revisions"}],"predecessor-version":[{"id":2005,"href":"https:\/\/blog.egophobia.ro\/index.php?rest_route=\/wp\/v2\/posts\/2004\/revisions\/2005"}],"wp:attachment":[{"href":"https:\/\/blog.egophobia.ro\/index.php?rest_route=%2Fwp%2Fv2%2Fmedia&parent=2004"}],"wp:term":[{"taxonomy":"category","embeddable":true,"href":"https:\/\/blog.egophobia.ro\/index.php?rest_route=%2Fwp%2Fv2%2Fcategories&post=2004"},{"taxonomy":"post_tag","embeddable":true,"href":"https:\/\/blog.egophobia.ro\/index.php?rest_route=%2Fwp%2Fv2%2Ftags&post=2004"}],"curies":[{"name":"wp","href":"https:\/\/api.w.org\/{rel}","templated":true}]}}