{"id":2014,"date":"2013-06-04T08:33:15","date_gmt":"2013-06-04T06:33:15","guid":{"rendered":"http:\/\/blog.egophobia.ro\/?p=2014"},"modified":"2013-06-04T08:33:15","modified_gmt":"2013-06-04T06:33:15","slug":"nicolae-voiculet-este-alaturi-de-campania-romani-pentru-o-lume","status":"publish","type":"post","link":"https:\/\/blog.egophobia.ro\/?p=2014","title":{"rendered":"Nicolae Voicule\u0163 este al\u0103turi de campania \u201eRom\u00e2ni pentru o lume\u201d"},"content":{"rendered":"<blockquote>\n<p align=\"center\"><b>wwww.romanipentruolume.ro<\/b><\/p>\n<p align=\"justify\">\nEste artistul rom\u00e2n care a urcat pe scen\u0103 \u00eenc\u0103 de la v\u00e2rsta de cinci ani \u015fi de atunci reprezint\u0103 \u015fi promoveaz\u0103 Rom\u00e2nia pe marile scene ale lumii, eviden\u0163iind puterea incredibil\u0103 a sunetului \u015fi\u00a0 autenticit\u0103\u0163ii rom\u00e2ne\u015fti, prin nai. A concertat \u00een fa\u0163a a numeroase personalit\u0103\u0163i mondiale, de la pre\u015fedin\u0163i de stat la familii imperiale, s-a implicat intens \u00een campanii umanitare, fiind aliat al celor \u00een suferin\u0163\u0103, d\u0103ruindu-le speran\u0163\u0103 \u015fi credin\u0163\u0103 prin puterea sunetului s\u0103u. Iar \u201eRom\u00e2ni pentru o lume\u201d este campania na\u0163ional\u0103 de care celebrul naist rom\u00e2n <b>Nicolae Voicule\u0163<\/b> se simte m\u00e2ndru s\u0103 fie al\u0103turi.<\/p>\n<p><b>\u00a0<\/b><\/p>\n<p><b>De ce a\u0163i ales s\u0103 v\u0103 al\u0103tura\u0163i campaniei \u201eRom\u00e2n pentru o lume\u201d, ini\u0163iat\u0103 de Funda\u0163ia Sergiu Celibidache?<\/b><!--more--><\/p>\n<p>\u0162ara noastr\u0103 se afl\u0103 \u00eentr-un punct culminant de criz\u0103. Nu vorbim de o criz\u0103 economic\u0103 ci de o criz\u0103 a identit\u0103\u0163ii \u015fi a valorilor, ca \u015fi caracteristic\u0103 a epocii moderniste \u00een care ne afl\u0103m. Suntem o \u0163ar\u0103 bogat\u0103 spiritual, avem oameni care au scris istorie \u00een toate domeniile \u015fi care au promovat aceast\u0103 \u0163ar\u0103, plin\u0103 de tradi\u0163ie \u015fi de cultur\u0103, peste tot \u00een lume. \u00cen ciuda acestor vestigii sacre, ne afl\u0103m \u00een punctul \u00een care neg\u0103m un trecut care ne reprezint\u0103 \u015fi de care nu trebuie s\u0103 ne fie ru\u015fine, ci din contra, s\u0103 genereze un viitor \u015fi mai bun, prin continuitate \u015fi demnitate. Copiilor no\u015ftri le lipsesc modelele. Mass-media promoveaz\u0103 non valorile, iar noi \u00eencerc\u0103m s\u0103 ne lupt\u0103m cu aceast\u0103 imagine fals\u0103 creat\u0103 de a\u015fa zise \u201edive ale momentului\u201d, care ne dep\u0103rteaz\u0103 de esen\u0163\u0103 \u015fi de adev\u0103r, dar pe care copii no\u015ftri le v\u0103d peste tot. Sunt onorat s\u0103 m\u0103 al\u0103tur acestei campanii \u015fi cred c\u0103 trebuie s\u0103 ne unim cu to\u0163ii for\u0163ele \u00een a ne recupera identitatea, for\u0163a \u015fi istoria. Avem nevoie s\u0103 ne amintim cine suntem, un popor cu istorie, demn, iar copii no\u015ftri trebuie s\u0103 preia aceast\u0103 bog\u0103\u0163ie cultural\u0103 \u015fi s\u0103 o transmit\u0103 mai departe, peste genera\u0163ii.<\/p>\n<p>&nbsp;<\/p>\n<p><b>Prin \u201evocea\u201d dvs, \u00een aceast\u0103 campanie, se dore\u015fte \u00eencurajarea rom\u00e2nilor s\u0103 \u00ee\u015fi urmeze visul indiferent de segmentul cultural \u00een care activeaz\u0103. Ce sfaturi ave\u0163i pentru cei care doresc s\u0103 v\u0103 calce pe urme?<\/b><\/p>\n<p>Noi to\u0163i suntem aici cu un scop, trebuie s\u0103 credem \u00een noi \u00een\u015fine \u015fi \u00een Dumnezeu. Orice dorin\u0163\u0103 care vine din suflet, este manifestarea iubirii lui Dumnezeu \u015fi calea pe care trebuie s\u0103 o urm\u0103m cu devotament \u015fi cu \u00eencredere. Lucrurile \u201emari\u201d vin ca urmare a unui sacrificiu \u015fi a unui efort care, de cele mai multe ori, pare imposibil. Menirea unui artist este de a le d\u0103rui oamenilor emo\u0163ie, iubire \u015fi speran\u0163\u0103. Artistul este ca un preot care d\u0103ruie\u015fte lumina. Preia p\u0103catele celor care ajung la el \u015fi d\u0103ruie\u015fte iertare, \u00eencredere \u015fi speran\u0163\u0103. Dac\u0103 acest schimb nu exist\u0103, artistul nu reu\u015fe\u015fte s\u0103 se fac\u0103 \u00een\u0163eles \u015fi nu transmite emo\u0163ia mai departe. Este o cruce grea, necesit\u0103 mult\u0103 d\u0103ruire \u015fi este un lucru pe care \u00eel po\u0163i face doar atunci c\u00e2nd scopul t\u0103u este divin \u015fi \u00een armonie cu cei din jurul t\u0103u. Dac\u0103 visul t\u0103u are ca fundament un scop \u00een favoarea binelui, urmeaz\u0103-l, vei fi capabil de d\u0103ruire \u015fi vei primi \u00een schimb, aceast\u0103 \u00eemplinire sufleteasc\u0103 pe care scena o ofer\u0103. A\u015fa cum un doctor nu poate opera f\u0103r\u0103 cruce, un preot nu poate sluji f\u0103r\u0103 credin\u0163\u0103, un artist nu are nimic de oferit f\u0103r\u0103 IUBIRE .<\/p>\n<p>&nbsp;<\/p>\n<p><b>\u00cen ultimii ani, cu prec\u0103dere \u00een Rom\u00e2nia, educa\u0163ia pare s\u0103 aib\u0103 un rol tot mai secundar \u00een formarea unui individ. Pe cine g\u0103si\u0163i dvs. r\u0103spunz\u0103tor pentru acest fapt?<\/b><\/p>\n<p>R\u0103spunz\u0103tor pentru acest fapt este accesul la informa\u0163ie. Acum 24 de ani, ca s\u0103 po\u0163i face un eseu sau o lucrare, necesita foarte multe ore petrecute \u00een biblioteca \u015fcolii \u015fi acas\u0103. Ast\u0103zi, este nevoie de c\u00e2teva secunde, pentru un click care \u00ee\u0163i face tema. Nu am fost preg\u0103ti\u0163i pentru democra\u0163ie \u015fi nu am \u015ftiut ce s\u0103 facem cu ea, iar ce se \u00eent\u00e2mpl\u0103 ast\u0103zi este doar un efect al necesit\u0103\u0163ii de abunden\u0163\u0103. Verbul a \u201edob\u00e2ndi\u201d a fost \u00eenlocuit de verbul \u201ea avea\u201d. Vrem din ce \u00een ce mai mult, dar f\u0103r\u0103 s\u0103 facem nimic. Nu mai stimul\u0103m creativitatea \u015fi nu mai punem respect pe pasiune, ci pe bani. P\u0103rin\u0163ii \u00ee\u015fi \u00eendrum\u0103 copii s\u0103 urmeze meserii care produc bani mul\u0163i, nicidecum s\u0103 identifice \u015fi s\u0103 exploateze la maxim calit\u0103\u0163ile copilului sau abilit\u0103\u0163ile sale native.<\/p>\n<p>&nbsp;<\/p>\n<p><b>Ce solu\u0163ii vede\u0163i pentru combaterea acestei situa\u0163ii? <\/b><\/p>\n<p>Solu\u0163ia const\u0103 \u00een realizarea de campanii sociale de educare a popula\u0163iei \u015fi de reorientare. Trezirea poftei pentru cultur\u0103 \u015fi campanii de con\u015ftientizare. Suntem at\u00e2t de ocupa\u0163i s\u0103 facem bani \u00eenc\u00e2t nici nu realiz\u0103m ce se \u00eent\u00e2mpl\u0103. Focusul s\u0103 fie pe copii \u015fi adolescen\u0163i. Ei sunt cei care au nevoie de ajutor, de direc\u0163ie \u015fi de un impuls. Viitorul lor \u00eel reprezint\u0103 ac\u0163iunile noastre de m\u00e2ine pentru copii no\u015ftri.<\/p>\n<p>&nbsp;<\/p>\n<p>Pentru astfel de rom\u00e2ni precum <b>Nicolae Voicule\u0163 <\/b>a luat na\u015ftere \u201e<b><i>Rom\u00e2ni pentru o lume<\/i><\/b>\u201d, campania na\u0163ional\u0103 de responsabilitate social\u0103 ini\u0163iat\u0103 de Funda\u0163ia Sergiu Celibidache.<\/p>\n<p>&nbsp;<\/p>\n<p><b>E r\u00e2ndul t\u0103u s\u0103 pui Rom\u00e2nia pe hart\u0103!\u00a0 <\/b><\/p>\n<p>Mai multe detalii pe <a href=\"http:\/\/www.romanipentruolume.ro\">www.romanipentruolume.ro<\/a> \u015fi pagina oficial\u0103 de Facebook a campaniei <a href=\"http:\/\/www.facebook.com\/RomaniPentruOLume\">http:\/\/www.facebook.com\/RomaniPentruOLume<\/a><\/p>\n<p><b>\u00a0<\/b><\/p>\n<p><b>\u00a0<\/b><\/p>\n<p align=\"center\"><b>******<\/b><\/p>\n<p><b>Despre campanie<\/b><\/p>\n<p><b>\u00a0<\/b><\/p>\n<p>\u201e<b><i>Rom\u00e2ni pentru o lume<\/i><\/b>\u201d reprezint\u0103 un omagiu adus marilor personalit\u0103\u0163i rom\u00e2ne\u015fti ce au adus m\u00e2ndrie \u015fi glorie Rom\u00e2niei, peste tot \u00een lume \u015fi aduce \u00een aten\u0163ia fiec\u0103ruia dintre noi pe co-na\u0163ionalii no\u015ftri care, prin activitatea lor, r\u0103m\u00e2n nemuritori. Finalitatea acestei campanii o constituie organizarea unui concurs na\u0163ional online (pe <a href=\"http:\/\/www.romanipentruolume.ro\">www.romanipentruolume.ro<\/a>\u00a0 \u015fi pe pagina de Facebook <a href=\"http:\/\/www.facebook.com\/RomaniPentruOLume\">http:\/\/www.facebook.com\/RomaniPentruOLume<\/a>) de tribut adus culturii sau unei personalit\u0103\u0163i anume, prin care oameni din domenii diferite ale culturii se vor putea \u00eenscrie astfel \u00eenc\u00e2t s\u0103 dedice o pictur\u0103, o compozi\u0163ie, o sculptur\u0103, un poem, etc. \u00cen urma unui vot de specialitate \u015fi prin votul sponsorilor, cei selecta\u0163i vor merge \u00een final\u0103, unde vor fi juriza\u0163i de c\u0103tre un juriu de specialitate \u015fi de c\u0103tre public. C\u00e2\u015ftig\u0103torii vor primi burse de studiu \u00een Rom\u00e2nia \u015fi \u00een str\u0103in\u0103tate.<\/p>\n<p><b>\u00a0<\/b><\/p>\n<p>Campania se desf\u0103\u015foar\u0103 online, la adresa <a href=\"http:\/\/www.romanipentruolume.ro\">www.romanipentruolume.ro<\/a> \u015fi pe pagina de Facebook http:\/\/www.facebook.com\/RomaniPentruOLume, unde pute\u0163i g\u0103si mai multe detalii despre acest nou proiect cultural al Funda\u0163iei Sergiu Celibidache.<\/p>\n<p><b>\u00a0<\/b><\/p>\n<p><b>Parteneri principali:<\/b> Prim\u0103ria Sectorului 1 Bucure\u015fti<\/p>\n<p><b>\u00a0<\/b><\/p>\n<p><b>Parteneri<\/b>: Muzeul Memorial Nicolae Grigorescu, Muzeul Na\u0163ional al Literaturii Rom\u00e2ne, Muzeul Na\u0163ional George Enescu, Universal Music Romania<\/p>\n<p><b>\u00a0<\/b><\/p>\n<p><b>Sponsori: <\/b>Amgen; Asirom; Aristocrat Events Hall; BASF; Birou de Arhitectur\u0103 Pintilie; Casa Anke; Gilescu, V\u0103leanu \u015fi Partenerii; IBIS Hotels; DB Schenker; Intesa Sanpaolo Bank; RIFIL; Sense; \u0162uca Zb\u00e2rcea &amp; Asocia\u0163ii; DSV SOLUTIONS, Mobilorama<\/p>\n<p><b>\u00a0<\/b><\/p>\n<p><b>Parteneri media:<\/b> Radio Rom\u00e2nia Muzical, Radio Rom\u00e2nia Cultural, Radio Rom\u00e2nia Actualit\u0103\u0163i, Radio Rom\u00e2nia Interna\u0163ional, Money TV, Spectacular TV, Getica OOH, Defi Rom\u00e2nia, Flash, Grand Cinema Digiplex din B\u0103neasa Shopping City, Cocor, Rebus, Observatorul Cultural, Q Magazine, Ziarul Ring, Revista Centrul Vechi, Deutsche Zeitung, \u015eapte Seri, Academia Ca\u0163avencu, Rom\u00e2nia Liber\u0103, eva.ro, cinefan.ro, stirifeldefel.ro, Oglinda literar\u0103, egophobia.ro, avocatnet.ro, lsrs.ro, Book Mag, Art Act Magazin, Revista NOMEN ARTIS, Calendar Evenimente<\/p>\n<p>&nbsp;<\/p>\n<p align=\"center\"><b>Biografie Nicolae Voicule\u0163<\/b><br \/>\n<br \/>\n<img decoding=\"async\" src=\"http:\/\/i158.photobucket.com\/albums\/t103\/egophobia\/blog\/NICOLAEVOICULET_zps42af325e.jpg\" width=500>\n<\/p>\n<p align=justify>\nNicolae Voicule\u0163 este unul din demnii ap\u0103r\u0103tori \u015fi continuatori ai valorilor autentice, care \u00ee\u015fi are originea \u00een sim\u0163irea neamului rom\u00e2nesc.<\/p>\n<p>&nbsp;<\/p>\n<p>A v\u0103zut lumina zilei la Sinaia, \u00eentr-o zi de iarn\u0103, \u00een casa unor oameni ini\u0163ia\u0163i spiritual, venind la via\u0163\u0103 spre a fi condus \u00een lume de sunetul matern, prin care exista \u015fi respira. Tat\u0103l s\u0103u, preot cu har, i-a s\u0103dit \u00een suflet dorin\u0163a permanent\u0103 de a se descoperi \u00een art\u0103, de a se reg\u0103si spiritual \u00een muzic\u0103 \u015fi prin tradi\u0163ii, tras\u00e2ndu-i \u00eenc\u0103 din copil\u0103rie calea \u015flefuirii talentului nativ, a blam\u0103rii autosuficien\u0163ei \u015fi a c\u0103ut\u0103rii performan\u0163ei.<\/p>\n<p>&nbsp;<\/p>\n<p>A urcat pe\u00a0 scen\u0103 \u00eenc\u0103 de la v\u00e2rsta de cinci ani \u015fi a c\u00e2ntat al\u0103turi de orchestre mari ale vremii. A continuat prin a participa la cele mai prestigioase festivaluri de crea\u0163ie, ob\u0163in\u00e2nd de fiecare dat\u0103 locul \u00eent\u00e2i, at\u00e2t pentru maniera interpret\u0103rii vocale, c\u00e2t \u015fi pentru cea dirijorale.<\/p>\n<p>&nbsp;<\/p>\n<p>A ales s\u0103 fie o personalitate demn\u0103, discret\u0103, care \u00ee\u015fi cinste\u015fte poporul prin sunet, dedic\u00e2ndu-se unui instrument complex cu sonorit\u0103\u0163i divine precum naiul. Fire altruist\u0103, aplecat \u00eentotdeauna spre nevoile \u015fi durerile semenilor s\u0103i, Nicolae Voicule\u0163 lupt\u0103 prin muzica sa pentru diminuarea diferen\u0163elor sociale \u015fi culturale, pentru \u00eentrajutorare \u015fi dragostea de semeni. Nu a r\u0103mas indiferent nici la cataclismele \u015fi dezastrele naturale ce au lovit lumea \u00eentreag\u0103 \u015fi a sperat s\u0103 \u00eembl\u00e2nzeasc\u0103, s\u0103 \u00eenduio\u015feze natura cu sunetele naiului s\u0103u, a\u015fa cum legendele rom\u00e2ne\u015fti evoc\u0103 leg\u0103tura specific\u0103, complementar\u0103 dintre natur\u0103 \u015fi c\u00e2ntec. Astfel a sus\u0163inut mai multe concerte caritabile pentru victimele uraganului Katrina, pentru supravie\u0163uitorii cutremurului din Japonia, dar \u015fi pentru cei mai oropsi\u0163i dintre compatrio\u0163ii s\u0103i. Este un justi\u0163iar, asta \u015fi pentru c\u0103 are r\u0103d\u0103cini de haiduc, mo\u015ftenind spiritul \u00eenalt al str\u0103bunilor s\u0103i, care au luptat pentru sus\u0163inerea libert\u0103\u0163ii \u015fi identit\u0103\u0163ii na\u0163ionale.<\/p>\n<p>Nicolae Voicule\u0163 reprezint\u0103 \u015fi promoveaz\u0103 Rom\u00e2nia, eviden\u0163iind puterea incredibil\u0103 a folclorului \u015fi a autenticit\u0103\u0163ii rom\u00e2ne\u015fti, pe marile scene ale lumii \u00een fa\u0163a a numeroase personalit\u0103\u0163i, de la pre\u015fedin\u0163i de stat \u015fi capete \u00eencoronate p\u00e2n\u0103 la \u00eenalte fe\u0163e ecleziastice.<\/p>\n<p>Urmeaz\u0103 Liceul de Muzic\u0103 \u201eGeorge Enescu\u201d \u015fi este introdus de c\u0103tre profesori \u00een studiul pianului, \u00eens\u0103 de la doisprezece ani tat\u0103l s\u0103u l-a \u00eendrumat \u00een deslu\u015firea tainelor \u015fi esen\u0163ei marii muzici \u015fi a naiului. De atunci exist\u0103 prin nai, fiind de-o fiin\u0163\u0103 cu el. \u00cenc\u0103 de la primul contact cu naiul, artistul s-a contopit \u00een sunetul duios al instrumentului \u015fi a con\u015ftientizat c\u0103 menirea sa din acel moment este aceea de a-i ocroti sunetul ca pe propria fiin\u0163\u0103.<\/p>\n<p>Al\u0103turi de naiul s\u0103u a umblat cu t\u0103lpile goale prin lume, \u00eemp\u0103rt\u0103\u015find complexitatea naturii de a fi rom\u00e2n, omagiind trecutul \u015fi str\u0103mo\u015fii, repurt\u00e2nd izb\u00e2ndele lor prin gra\u0163ia \u015fi vibra\u0163ia stig\u0103tului p\u0103m\u00e2ntului s\u0103u.<\/p>\n<p>Folclorul rom\u00e2nesc curge prin venele artistului \u015fi nu a existat nicio clip\u0103 \u00een care s\u0103 se fi dezis de originea sa. A\u015fadar, pentru a propov\u0103dui cultura na\u0163ional\u0103 \u015fi spre a \u00eemp\u0103rt\u0103\u015fi din misticismul naiului, Nicolae Voicule\u0163 \u00eenfiin\u0163eaz\u0103, \u00een urm\u0103 cu 22 de ani, la Chicago, prima \u015fcoal\u0103 de nai din America.\u00a0 Aici \u015fi-a preg\u0103tit elevii s\u0103 comunice \u00een limbajul universal al naiului, muzica fiind unul din mijloacele de coeziune ale grupurilor, comunit\u0103\u0163ilor \u015fi societ\u0103\u0163ilor, precum \u015fi singura modalitatea de a anula diferen\u0163ele dintre ele.<\/p>\n<p>Tactul \u015fi dragostea pentru pedagogia muzical\u0103 a mo\u015ftenit-o de la profesorul s\u0103u, maestrul Gheorghe Zamfir, \u00een cei patru ani c\u00e2t a urmat Academia Na\u0163ional\u0103 de Muzic\u0103. Rela\u0163ia maestru-discipol s-a transformat \u00een timp \u00eentr-una de prietenie \u015fi de recuno\u015ftin\u0163\u0103, pentru ca Gheorghe Zamfir s\u0103-l recunoasc\u0103 \u015fi s\u0103-l delege pe Nicolae Voicule\u0163 ca descendent \u015fi continuator \u00eentr-ale sublimului nai. Influen\u0163a lui Gheorghe Zamfir a fost imens\u0103 asupra sa, \u00eens\u0103 Nicolae Voicule\u0163 a ales s\u0103 existe individual ca \u015fi artist, cre\u00e2ndu-\u015fi viziunea sa artistic\u0103, definitiv\u00e2ndu-\u015fi maniera proprie de evolu\u0163ie muzical\u0103. Astfel, Nicolae Voicule\u0163 este unul din preceptorii esteticii frumosului muzical, care cucere\u015fte \u00eentreaga lume prin sim\u0163ire, puritate \u015fi sensibilitate.<\/p>\n<p>Artistul, care a concertat \u00een fa\u0163a\u00a0 a peste\u00a0 65 de lideri de state, figuri regale \u015fi nobiliare, c\u0103rora a avut privilegiul s\u0103 le expun\u0103 \u00eentreg procesul creativ al compozi\u0163iilor sale, a fost decorat de Pre\u015fedintele Traian B\u0103sescu cu distinc\u0163ia \u201eMeritul Cultural al Rom\u00e2niei \u00een Grad de Cavaler\u201d, \u00een sentiment de gratitudine pentru contribu\u0163ia adus\u0103 artelor, dar mai ales imaginii Rom\u00e2niei, pe care o promoveaz\u0103 pretutindeni \u00een lume cu talent, cu dragoste nem\u0103rginit\u0103 de neam \u015fi respectul pentru istoria \u015fi tradi\u0163iile poporului s\u0103u. Pe parcursul celor 30 de ani de carier\u0103 artistic\u0103, a primit nenum\u0103rate premii, distinc\u0163ii \u015fi onoruri, at\u00e2t \u00een \u0163ar\u0103 c\u00e2t \u015fi \u00een str\u0103in\u0103tate.<\/p>\n<p>\u00cen 2005 a ini\u0163iat un amplu proiect, \u201ePledoarie pentru nai, Pledoarie pentru Rom\u00e2nia\u201d, aceasta fiind \u00eenc\u0103 o ini\u0163iativ\u0103 menit\u0103 s\u0103 sus\u0163in\u0103 conceptul unei Rom\u00e2nii, de \u0163ar\u0103 civilizat\u0103 \u015fi cultural\u0103, ce poate fi recunoscut\u0103 la nivel mondial prin muzic\u0103, talent \u015fi toleran\u0163\u0103.\u00a0 Prin acest proiect, Nicolae Voicule\u0163 a dezvoltat folclorul rom\u00e2nesc, stiliz\u00e2ndu-l \u00eentr-o manier\u0103 unic\u0103 de intrerpretare, prin sonoritatea unui instrument alegoric, cum este naiul.<\/p>\n<p>A f\u0103cut cunoscut\u0103 tradi\u0163ia poporului s\u0103u prin sunet \u00een peste o sut\u0103 de concerte, \u00een diverse col\u0163uri ale lumii. A colaborat cu Orchestra Filarmonica din Viena, Stockholm, Praga, a avut evolu\u0163ii artistice \u00een lumea arab\u0103, dar \u015fi \u00een Japonia, America de Nord \u015fi America de Sud. Performeaz\u0103 pe scene de mare prestigiu artistic din Cehia, Fran\u0163a, Austria, Ungaria, Turcia, SUA, Canada, Germania, Japonia, India, Spania \u015fi Italia al\u0103turi de mari muzicieni ai lumii.<\/p>\n<p>Spectacolele sale sunt unificatoare prin diversitate, Nicolae Voicule\u0163 concert\u00e2nd la sanctificarea Maicii Theresa din Calcutta (Maica Teresa), celebr\u00e2nd-o la Basilica di Santa Maria Sopra Minerva (Roma), dar a dat reprezenta\u0163ii uluitoare \u015fi pe cea mai important\u0103 scena kuweitian\u0103 Hasemi II Grand Ballrom, la invita\u0163ia Kuwait Chamber Filarmonica.<\/p>\n<p>Muzician de excep\u0163ie, Nicolae \u00ee\u015fi perfec\u0163ioneaz\u0103 permanent tehnica, caut\u0103 s\u0103 se dezvolte muzical, abord\u00e2nd diferite genuri muzicale, de la folclor, muzic\u0103 clasic\u0103, muzic\u0103 sacr\u0103, jazz, muzic\u0103 contemporan\u0103 \u015fi muzica pop.<\/p>\n<p>Nicolae Voicule\u0163, indiferent de genul muzical pe care \u00eel performeaz\u0103 \u015fi de publicul c\u0103ruia i se adreseaz\u0103, r\u0103m\u00e2ne acela\u015fi om de valoare \u015fi muzician complex (dirjor, compozitor \u015fi interpret), complet nobil, a c\u0103rui unic\u0103 dorin\u0163\u0103 \u015fi motiva\u0163ie este vindecarea oamenilor prin sunet.<\/p>\n<p>Datorit\u0103 calit\u0103\u0163ii umane \u00eenalte pe care o are, s-a implicat intens \u00een campanii umanitare, \u00een concerte caritabile, fiind aliat al celor \u00een suferin\u0163\u0103, d\u0103ruindu-le speran\u0163\u0103 \u015fi credin\u0163\u0103 prin puterea sunetului s\u0103u.<\/p>\n<p>&nbsp;<\/p>\n<p>Nicolae Voicule\u0163, un om con\u015ftient de menirea sa \u00een lume, un artist evoluat \u00een spirit, \u00een art\u0103 \u015fi-n dragoste de semeni, continu\u0103 s\u0103-\u015fi elogieze p\u0103m\u00e2ntul natal prin c\u00e2ntec, \u00een \u00eentreaga lume, <b>ARTA \u00eei este rug\u0103ciunea, iar Rom\u00e2nia, SUNETUL.<\/b><\/p>\n<\/blockquote>\n","protected":false},"excerpt":{"rendered":"<p>wwww.romanipentruolume.ro Este artistul rom\u00e2n care a urcat pe scen\u0103 \u00eenc\u0103 de la v\u00e2rsta de cinci ani \u015fi de atunci reprezint\u0103 \u015fi promoveaz\u0103 Rom\u00e2nia pe marile scene ale lumii, eviden\u0163iind puterea incredibil\u0103 a sunetului \u015fi\u00a0 autenticit\u0103\u0163ii rom\u00e2ne\u015fti, prin nai. A concertat \u00een fa\u0163a a numeroase personalit\u0103\u0163i mondiale, de la pre\u015fedin\u0163i de stat la familii imperiale, s-a [&hellip;]<\/p>\n","protected":false},"author":2,"featured_media":0,"comment_status":"open","ping_status":"open","sticky":false,"template":"","format":"standard","meta":{"_jetpack_memberships_contains_paid_content":false,"footnotes":"","jetpack_publicize_message":"","jetpack_publicize_feature_enabled":true,"jetpack_social_post_already_shared":false,"jetpack_social_options":{"image_generator_settings":{"template":"highway","default_image_id":0,"font":"","enabled":false},"version":2}},"categories":[4],"tags":[678,634],"class_list":["post-2014","post","type-post","status-publish","format-standard","hentry","category-anunturi-culturale","tag-nicolae-voiculet","tag-romani-pentru-lume"],"jetpack_publicize_connections":[],"jetpack_featured_media_url":"","jetpack_sharing_enabled":true,"_links":{"self":[{"href":"https:\/\/blog.egophobia.ro\/index.php?rest_route=\/wp\/v2\/posts\/2014","targetHints":{"allow":["GET"]}}],"collection":[{"href":"https:\/\/blog.egophobia.ro\/index.php?rest_route=\/wp\/v2\/posts"}],"about":[{"href":"https:\/\/blog.egophobia.ro\/index.php?rest_route=\/wp\/v2\/types\/post"}],"author":[{"embeddable":true,"href":"https:\/\/blog.egophobia.ro\/index.php?rest_route=\/wp\/v2\/users\/2"}],"replies":[{"embeddable":true,"href":"https:\/\/blog.egophobia.ro\/index.php?rest_route=%2Fwp%2Fv2%2Fcomments&post=2014"}],"version-history":[{"count":1,"href":"https:\/\/blog.egophobia.ro\/index.php?rest_route=\/wp\/v2\/posts\/2014\/revisions"}],"predecessor-version":[{"id":2015,"href":"https:\/\/blog.egophobia.ro\/index.php?rest_route=\/wp\/v2\/posts\/2014\/revisions\/2015"}],"wp:attachment":[{"href":"https:\/\/blog.egophobia.ro\/index.php?rest_route=%2Fwp%2Fv2%2Fmedia&parent=2014"}],"wp:term":[{"taxonomy":"category","embeddable":true,"href":"https:\/\/blog.egophobia.ro\/index.php?rest_route=%2Fwp%2Fv2%2Fcategories&post=2014"},{"taxonomy":"post_tag","embeddable":true,"href":"https:\/\/blog.egophobia.ro\/index.php?rest_route=%2Fwp%2Fv2%2Ftags&post=2014"}],"curies":[{"name":"wp","href":"https:\/\/api.w.org\/{rel}","templated":true}]}}