{"id":2034,"date":"2013-06-13T16:21:00","date_gmt":"2013-06-13T14:21:00","guid":{"rendered":"http:\/\/blog.egophobia.ro\/?p=2034"},"modified":"2013-06-13T16:21:00","modified_gmt":"2013-06-13T14:21:00","slug":"interviu-alexandru-tomescu-sunt-mandru-ca-sunt-roman","status":"publish","type":"post","link":"https:\/\/blog.egophobia.ro\/?p=2034","title":{"rendered":"Interviu Alexandru Tomescu: \u00a0\u201eSunt m\u00e2ndru c\u0103 sunt rom\u00e2n\u201d"},"content":{"rendered":"<blockquote>\n<p align=\"center\"><b>wwww.romanipentruolume.ro<\/b><\/p>\n<p align=\"justify\">\nAlexandru Tomescu a dovedit c\u0103 poate \u00eembl\u00e2nzi orice form\u0103 de muzic\u0103, mai ales dup\u0103 proiectul \u201ePaganini \u2013 \u00eenger sau demon\u201d, care a marcat un hotar \u00een cariera lui. A fost momentul \u00een care violonistul \u015fi-a reg\u00e2ndit identitatea \u015fi care marcheaz\u0103 o cotitur\u0103 radical\u0103 \u00een drumul pe care Alexandru Tomescu a pornit acum c\u00e2\u0163iva ani, acela spre schimbarea percep\u0163iei existente \u00een Rom\u00e2nia asupra muzicii clasice. De c\u00e2nd a revenit \u00een \u0163ar\u0103, dup\u0103 studii \u00een Elve\u0163ia \u015fi Statele Unite ale Americii, Alexandru a demonstrat c\u0103 muzica clasic\u0103 este o fereastr\u0103 spre armonia cu sine \u015fi cu cel\u0103lalt, o lume deschis\u0103 tuturor \u015fi c\u0103 fiecare merit\u0103 \u015fansa de a o explora.<!--more--><\/p>\n<p>&nbsp;<\/p>\n<p><b>Din punctul dvs de vedere, sunt rom\u00e2nii patrio\u0163i?<\/b><\/p>\n<p>Cred c\u0103 rom\u00e2nii sunt afecta\u0163i de diverse lucruri, care \u00eei \u00eempiedic\u0103 s\u0103 vad\u0103 latura frumoas\u0103 a \u0163\u0103rii \u00een care tr\u0103im. \u00cen plus, termenul de \u00abpatriot\u00bb a fost excesiv folosit \u00een perioada comunist\u0103, ceea ce poate explica scepticismul oamenilor \u00een a r\u0103spunde prompt la aceast\u0103 \u00eentrebare. Eu unul sunt m\u00e2ndru c\u0103 sunt rom\u00e2n, nu mi-am ascuns niciodat\u0103 na\u0163ionalitatea c\u00e2nd am fost \u00een str\u0103in\u0103tate, pentru c\u0103 avem o \u0163ar\u0103 superb\u0103 care merit\u0103 iubit\u0103. Am c\u0103l\u0103torit mult prin lume \u015fi am \u00eent\u00e2lnit multe \u0163\u0103ri frumoase, dar unui singur loc de pe fa\u0163a p\u0103m\u00e2ntului \u00eei pot spune \u201eacas\u0103\u201d: Rom\u00e2nia. Este o \u0163ar\u0103 pe care o iubesc, cu tot ceea ce presupune iubirea: entuziasm \u015fi pasiune, dar \u015fi acceptarea defectelor, cu speran\u0163a c\u0103 \u00eentr-o bun\u0103 zi, printr-un efort colectiv, vom reu\u015fi cu to\u0163ii s\u0103 ne construim \u0163ara pe care o merit\u0103m.<\/p>\n<p><b>\u00a0<\/b><\/p>\n<p><b>Dac\u0103 ar fi s\u0103 facem o paralel\u0103 \u00eentre Rom\u00e2nia \u015fi alte \u0163\u0103ri, care e profilul cultural al Rom\u00e2niei, din punctul dvs. de vedere?<\/b><\/p>\n<p>Cred c\u0103 Rom\u00e2nia are multe de oferit la nivel cultural, at\u00e2t din punct de vedere al ofertei, c\u00e2t \u015fi al cererii. \u00cen Bucure\u015fti dac\u0103 st\u0103m bine s\u0103 ne g\u00e2ndim 6 zile din 7 exist\u0103 cel pu\u0163in un concert de<b> <\/b>muzic\u0103 clasic\u0103, sunt galerii de art\u0103 la care se duc tineri, vernisaje la expozi\u0163ii, premiere cinematografice. Exist\u0103 c\u00e2teva evenimente-reper: Festivalul Interna\u0163ional \u00abGeorge Enescu\u00bb, Festivalul TIFF, Festivalul Na\u0163ional de Teatru, Turneul \u00abStradivarius\u00bb, SoNoRo, Festivalul Sergiu Celibidache. Sunt doar c\u00e2teva care mi-au venit acum rapid \u00een minte. Sigur, se pot face \u00eenc\u0103 \u015fi mai multe, dar orice schimbare major\u0103 are nevoie de timp ca s\u0103 se instaleze. Cred c\u0103 am parcurs cu to\u0163ii un drum important \u015fi sunt convins c\u0103 terenul va fi preg\u0103tit pentru alte realiz\u0103ri sau evenimente notabile care vor racorda definitiv Rom\u00e2nia la Occident.<\/p>\n<p><b>\u00a0<\/b><\/p>\n<p><b>Cum crede\u0163i c\u0103 va evolua cultura \u00een Rom\u00e2nia, \u00een urm\u0103torii ani?<\/b><\/p>\n<p>\u00cen ciuda tuturor pesimi\u015ftilor, cred c\u0103 lucrurile vor merge \u00een cele din urm\u0103 bine \u2013 m\u0103 bazez \u00een primul r\u00e2nd pe entuziasmul \u015fi deschiderea \u015fi dorin\u0163a de mai bine pe care le v\u0103d \u00een ochii celor tineri. F\u0103r\u0103 \u00eendoial\u0103, vor fi \u00een continuare tot felul de piedici, \u00een special de natur\u0103 financiar\u0103, dar sunt convins c\u0103 sectorul privat va deveni \u00een timp din ce \u00een ce mai con\u015ftient de rolul s\u0103u \u00een a sprijini actele de cultur\u0103. La urma urmei, interesul ar\u0103tat culturii este un indicator sigur al nivelului de trai dintr-o \u0163ar\u0103. Cu to\u0163ii ne dorim s\u0103 tr\u0103im mai bine \u2013 nu ne mai r\u0103m\u00e2ne dec\u00e2t s\u0103 facem pa\u015fii necesari \u00een direc\u0163ia cea bun\u0103.<\/p>\n<p><b>\u00a0<\/b><\/p>\n<p><b>Profesional vorbind, care a fost prima dvs. iubire? <\/b><\/p>\n<p>Dup\u0103 cum bine v\u0103 pute\u0163i \u00eenchipui, vioara. Aceasta mi-a fost cea mai bun\u0103 prieten\u0103 \u00eenc\u0103 din copil\u0103rie. \u00cempreun\u0103 am f\u0103cut mereu noi \u015fi noi descoperiri \u015fi m-a ajutat s\u0103 m\u0103 exprim a\u015fa cum \u00een cuvinte nu a\u015f fi reu\u015fit poate niciodat\u0103 s\u0103 o fac.<\/p>\n<p><b>\u00a0<\/b><\/p>\n<p><b>Cum a\u0163i descoperit pasiunea pentru muzic\u0103, pentru vioar\u0103?<\/b><\/p>\n<p>M-am n\u0103scut \u00eentr-o familie de muzicieni, deci muzica a fost prezent\u0103 \u00een via\u0163a mea \u00eenc\u0103 dinainte s\u0103 m\u0103 nasc. Cu toate c\u0103 p\u0103rin\u0163ii nu m\u0103 predestinau unei cariere muzicale, este totu\u015fi calea pe care am ales-o.<\/p>\n<p><b>\u00a0<\/b><\/p>\n<p><b>C\u00e2nd a\u0163i sim\u0163it c\u0103 sunte\u0163i cel mai m\u00e2ndru de dvs, de-a lungul profesiei?<\/b><\/p>\n<p>Acolo unde e dragoste, nu cred c\u0103 e loc de m\u00e2ndrie. \u015etiu c\u0103 v-a\u0163i referit la \u00abm\u00e2ndrie\u00bb \u00een accep\u0163iunea sa pozitiv\u0103, doar c\u0103 nici a\u015fa nu am avut acest sentiment. Lucrurile pe care le-am f\u0103cut au venit natural, dintr-un sentiment de total dezinteres. Nu pot spune c\u0103 sunt m\u00e2ndru de mine c\u0103 am avut un concert reu\u015fit. Nu pot \u00eentr-un asemenea caz, dec\u00e2t s\u0103 m\u0103 bucur c\u0103 am f\u0103cut o sear\u0103 mai frumoas\u0103 pentru cei care m-au ascultat.<\/p>\n<p><b>\u00a0<\/b><\/p>\n<p><b>Care sunt cele mai valoroase, mai de pre\u0163, lucruri pentru dvs., ca individ?<\/b><\/p>\n<p>P\u0103i a\u015f \u00eencepe cu cele nemateriale \u2013 familia, prietenii, bucuria de a face muzic\u0103. Lucrurile materiale sunt mai pu\u0163in importante, fiindc\u0103 at\u00e2ta timp c\u00e2t e\u015fti \u00eenconjurat de cei pe care \u00eei iube\u015fti, orice pierdere material\u0103 devine insignifiant\u0103.<\/p>\n<p>&nbsp;<\/p>\n<p>Pentru astfel de rom\u00e2ni precum <b>Alexandru Tomescu <\/b>a luat na\u015ftere \u201e<b><i>Rom\u00e2ni pentru o lume<\/i><\/b>\u201d, campania na\u0163ional\u0103 de responsabilitate social\u0103 ini\u0163iat\u0103 de Funda\u0163ia Sergiu Celibidache.<\/p>\n<p>&nbsp;<\/p>\n<p><b>E r\u00e2ndul t\u0103u s\u0103 pui Rom\u00e2nia pe hart\u0103!\u00a0 <\/b><\/p>\n<p>Mai multe detalii pe <a href=\"http:\/\/www.romanipentruolume.ro\">www.romanipentruolume.ro<\/a> \u015fi pagina oficial\u0103 de Facebook a campaniei <a href=\"http:\/\/www.facebook.com\/RomaniPentruOLume\">http:\/\/www.facebook.com\/RomaniPentruOLume<\/a><\/p>\n<p><img decoding=\"async\" src=\"http:\/\/i158.photobucket.com\/albums\/t103\/egophobia\/blog\/alextomescu_zps2ab03b5c.jpg\" width=500><\/p>\n<p><b>\u00a0<\/b><\/p>\n<p align=\"center\"><b>******<\/b><\/p>\n<p><b>Despre campanie<\/b><\/p>\n<p><b>\u00a0<\/b><\/p>\n<p>\u201e<b><i>Rom\u00e2ni pentru o lume<\/i><\/b>\u201d reprezint\u0103 un omagiu adus marilor personalit\u0103\u0163i rom\u00e2ne\u015fti ce au adus m\u00e2ndrie \u015fi glorie Rom\u00e2niei, peste tot \u00een lume \u015fi aduce \u00een aten\u0163ia fiec\u0103ruia dintre noi pe co-na\u0163ionalii no\u015ftri care, prin activitatea lor, r\u0103m\u00e2n nemuritori. Finalitatea acestei campanii o constituie organizarea unui concurs na\u0163ional online (pe <a href=\"http:\/\/www.romanipentruolume.ro\">www.romanipentruolume.ro<\/a>\u00a0 \u015fi pe pagina de Facebook <a href=\"http:\/\/www.facebook.com\/RomaniPentruOLume\">http:\/\/www.facebook.com\/RomaniPentruOLume<\/a>) de tribut adus culturii sau unei personalit\u0103\u0163i anume, prin care oameni din domenii diferite ale culturii se vor putea \u00eenscrie astfel \u00eenc\u00e2t s\u0103 dedice o pictur\u0103, o compozi\u0163ie, o sculptur\u0103, un poem, etc. \u00cen urma unui vot de specialitate \u015fi prin votul sponsorilor, cei selecta\u0163i vor merge \u00een final\u0103, unde vor fi juriza\u0163i de c\u0103tre un juriu de specialitate \u015fi de c\u0103tre public. C\u00e2\u015ftig\u0103torii vor primi burse de studiu \u00een Rom\u00e2nia \u015fi \u00een str\u0103in\u0103tate.<\/p>\n<p><b>\u00a0<\/b><\/p>\n<p>Campania se desf\u0103\u015foar\u0103 online, la adresa <a href=\"http:\/\/www.romanipentruolume.ro\">www.romanipentruolume.ro<\/a> \u015fi pe pagina de Facebook http:\/\/www.facebook.com\/RomaniPentruOLume, unde pute\u0163i g\u0103si mai multe detalii despre acest nou proiect cultural al Funda\u0163iei Sergiu Celibidache.<\/p>\n<p><b>\u00a0<\/b><\/p>\n<p><b>Parteneri principali:<\/b> Prim\u0103ria Sectorului 1 Bucure\u015fti<\/p>\n<p><b>\u00a0<\/b><\/p>\n<p><b>Parteneri<\/b>: Muzeul Memorial Nicolae Grigorescu, Muzeul Na\u0163ional al Literaturii Rom\u00e2ne, Muzeul Na\u0163ional George Enescu, Universal Music Romania<\/p>\n<p><b>\u00a0<\/b><\/p>\n<p><b>Sponsori: <\/b>Amgen; Asirom; Aristocrat Events Hall; BASF; Birou de Arhitectur\u0103 Pintilie; Casa Anke; Gilescu, V\u0103leanu \u015fi Partenerii; IBIS Hotels; DB Schenker; Intesa Sanpaolo Bank; RIFIL; Sense; \u0162uca Zb\u00e2rcea &amp; Asocia\u0163ii; DSV SOLUTIONS, Mobilorama<\/p>\n<p><b>\u00a0<\/b><\/p>\n<p><b>Parteneri media:<\/b> Radio Rom\u00e2nia Muzical, Radio Rom\u00e2nia Cultural, Radio Rom\u00e2nia Actualit\u0103\u0163i, Radio Rom\u00e2nia Interna\u0163ional, Money TV, Spectacular TV, Getica OOH, Defi Rom\u00e2nia, Flash, Grand Cinema Digiplex din B\u0103neasa Shopping City, Cocor, Rebus, Observatorul Cultural, Q Magazine, Ziarul Ring, Deutsche Zeitung, \u015eapte Seri, Academia Ca\u0163avencu, Rom\u00e2nia Liber\u0103, eva.ro, cinefan.ro, stirifeldefel.ro, Oglinda literar\u0103, egophobia.ro, avocatnet.ro, lsrs.ro, Book Mag, Art Act Magazin, Revista NOMEN ARTIS, Calendar Evenimente<\/p><\/blockquote>\n","protected":false},"excerpt":{"rendered":"<p>wwww.romanipentruolume.ro Alexandru Tomescu a dovedit c\u0103 poate \u00eembl\u00e2nzi orice form\u0103 de muzic\u0103, mai ales dup\u0103 proiectul \u201ePaganini \u2013 \u00eenger sau demon\u201d, care a marcat un hotar \u00een cariera lui. A fost momentul \u00een care violonistul \u015fi-a reg\u00e2ndit identitatea \u015fi care marcheaz\u0103 o cotitur\u0103 radical\u0103 \u00een drumul pe care Alexandru Tomescu a pornit acum c\u00e2\u0163iva ani, [&hellip;]<\/p>\n","protected":false},"author":2,"featured_media":0,"comment_status":"open","ping_status":"open","sticky":false,"template":"","format":"standard","meta":{"_jetpack_memberships_contains_paid_content":false,"footnotes":"","jetpack_publicize_message":"","jetpack_publicize_feature_enabled":true,"jetpack_social_post_already_shared":false,"jetpack_social_options":{"image_generator_settings":{"template":"highway","default_image_id":0,"font":"","enabled":false},"version":2}},"categories":[4],"tags":[303,634],"class_list":["post-2034","post","type-post","status-publish","format-standard","hentry","category-anunturi-culturale","tag-alexandru-tomescu","tag-romani-pentru-lume"],"jetpack_publicize_connections":[],"jetpack_featured_media_url":"","jetpack_sharing_enabled":true,"_links":{"self":[{"href":"https:\/\/blog.egophobia.ro\/index.php?rest_route=\/wp\/v2\/posts\/2034","targetHints":{"allow":["GET"]}}],"collection":[{"href":"https:\/\/blog.egophobia.ro\/index.php?rest_route=\/wp\/v2\/posts"}],"about":[{"href":"https:\/\/blog.egophobia.ro\/index.php?rest_route=\/wp\/v2\/types\/post"}],"author":[{"embeddable":true,"href":"https:\/\/blog.egophobia.ro\/index.php?rest_route=\/wp\/v2\/users\/2"}],"replies":[{"embeddable":true,"href":"https:\/\/blog.egophobia.ro\/index.php?rest_route=%2Fwp%2Fv2%2Fcomments&post=2034"}],"version-history":[{"count":1,"href":"https:\/\/blog.egophobia.ro\/index.php?rest_route=\/wp\/v2\/posts\/2034\/revisions"}],"predecessor-version":[{"id":2035,"href":"https:\/\/blog.egophobia.ro\/index.php?rest_route=\/wp\/v2\/posts\/2034\/revisions\/2035"}],"wp:attachment":[{"href":"https:\/\/blog.egophobia.ro\/index.php?rest_route=%2Fwp%2Fv2%2Fmedia&parent=2034"}],"wp:term":[{"taxonomy":"category","embeddable":true,"href":"https:\/\/blog.egophobia.ro\/index.php?rest_route=%2Fwp%2Fv2%2Fcategories&post=2034"},{"taxonomy":"post_tag","embeddable":true,"href":"https:\/\/blog.egophobia.ro\/index.php?rest_route=%2Fwp%2Fv2%2Ftags&post=2034"}],"curies":[{"name":"wp","href":"https:\/\/api.w.org\/{rel}","templated":true}]}}