{"id":2062,"date":"2013-07-10T14:37:29","date_gmt":"2013-07-10T12:37:29","guid":{"rendered":"http:\/\/blog.egophobia.ro\/?p=2062"},"modified":"2013-07-10T14:37:29","modified_gmt":"2013-07-10T12:37:29","slug":"proiectie-film-gradina-lui-celibidache","status":"publish","type":"post","link":"https:\/\/blog.egophobia.ro\/?p=2062","title":{"rendered":"Proiec\u0163ie film \u201cGr\u0103dina lui Celibidache\u201d"},"content":{"rendered":"<blockquote>\n<p align=\"center\"><b>cu subtitrare \u00een limba rom\u00e2n\u0103, \u00een Parcul Her\u0103str\u0103u<\/b><\/p>\n<p align=\"center\"><b>\u00a0<\/b><\/p>\n<p>&nbsp;<\/p>\n<p>&nbsp;<\/p>\n<p><b>Joi, 11 iulie,<\/b> va avea loc proiec\u0163ia \u00een aer liber a filmului <b>&#8222;Gr\u0103dina lui Celibidache&#8221;<\/b>, regizat de Serge Ioan Celebidachi, fiul marelui dirijor rom\u00e2n.<\/p>\n<p>&nbsp;<\/p>\n<p>Evenimentul va avea loc \u00een <b>parcul Her\u0103str\u0103u, pe Paji\u015ftea Pesc\u0103ru\u015f<\/b>, \u00eencep\u00e2nd cu <b>ora 21.15<\/b> \u015fi face parte din seria de evenimente organizate sub umbrela proiectului Roaba de cultur\u0103, de c\u0103tre Asocia\u0163ia Green Revolution.<!--more--><\/p>\n<p>&nbsp;<\/p>\n<p><b>Accesul <\/b>pe paji\u015fte, pentru vizionare filmului, este<b> gratuit.<\/b><\/p>\n<p>&nbsp;<\/p>\n<p><b>&#8222;Gr\u0103dina lui Celibidache\u201d <\/b>este un portret de suflet al renumitului \u015fi respectatului dirijor \u015fi compozitor, Sergiu Celibidache. Acest documentar cinematografic ambi\u0163ios, realizat de fiul Maestrului, \u00eel urmeaz\u0103 pe Sergiu Celibidache \u00een turnee \u015fi \u00een repeti\u0163iile sale cu Filarmonica din M\u00fcnchen. Principalul obiectiv al echipei de filmare a fost s\u0103 recreeze universul lui Celibidache pe marele ecran \u015fi de\u015fi Sergiu Celibidache obi\u015fnuia s\u0103 evite publicitatea, a fost extrem de disponibil pentru acest film.<\/p>\n<p>&nbsp;<\/p>\n<p>&nbsp;<\/p>\n<p><b>Trailerul filmului poate fi vizionat acces\u00e2nd acest link:<\/b><\/p>\n<p><span class=\"embed-youtube\" style=\"text-align:center; display: block;\"><iframe loading=\"lazy\" class=\"youtube-player\" width=\"640\" height=\"360\" src=\"https:\/\/www.youtube.com\/embed\/mqt8yqq1yS4?version=3&#038;rel=1&#038;showsearch=0&#038;showinfo=1&#038;iv_load_policy=1&#038;fs=1&#038;hl=ro-RO&#038;autohide=2&#038;wmode=transparent\" allowfullscreen=\"true\" style=\"border:0;\" sandbox=\"allow-scripts allow-same-origin allow-popups allow-presentation allow-popups-to-escape-sandbox\"><\/iframe><\/span><\/p>\n<p>&nbsp;<\/p>\n<p>Filmul <b>&#8222;Gr\u0103dina lui Celibidache&#8221;<\/b>pe DVD, cu subtitrare \u00een limba rom\u00e2n\u0103, poate fi achizi\u0163ionat din re\u0163eaua magazinelor Diverta, Altex, \u00een libr\u0103riile C\u0103rture\u015fti, dar \u015fi la Librarium \u015fi magazinul Emag, la pre\u0163ul de 59,9 lei.<\/p><\/blockquote>\n","protected":false},"excerpt":{"rendered":"<p>cu subtitrare \u00een limba rom\u00e2n\u0103, \u00een Parcul Her\u0103str\u0103u \u00a0 &nbsp; &nbsp; Joi, 11 iulie, va avea loc proiec\u0163ia \u00een aer liber a filmului &#8222;Gr\u0103dina lui Celibidache&#8221;, regizat de Serge Ioan Celebidachi, fiul marelui dirijor rom\u00e2n. &nbsp; Evenimentul va avea loc \u00een parcul Her\u0103str\u0103u, pe Paji\u015ftea Pesc\u0103ru\u015f, \u00eencep\u00e2nd cu ora 21.15 \u015fi face parte din seria [&hellip;]<\/p>\n","protected":false},"author":2,"featured_media":0,"comment_status":"open","ping_status":"open","sticky":false,"template":"","format":"standard","meta":{"_jetpack_memberships_contains_paid_content":false,"footnotes":"","jetpack_publicize_message":"","jetpack_publicize_feature_enabled":true,"jetpack_social_post_already_shared":false,"jetpack_social_options":{"image_generator_settings":{"template":"highway","default_image_id":0,"font":"","enabled":false},"version":2}},"categories":[4],"tags":[124,643],"class_list":["post-2062","post","type-post","status-publish","format-standard","hentry","category-anunturi-culturale","tag-film","tag-sergiu-celibidache"],"jetpack_publicize_connections":[],"jetpack_featured_media_url":"","jetpack_sharing_enabled":true,"_links":{"self":[{"href":"https:\/\/blog.egophobia.ro\/index.php?rest_route=\/wp\/v2\/posts\/2062","targetHints":{"allow":["GET"]}}],"collection":[{"href":"https:\/\/blog.egophobia.ro\/index.php?rest_route=\/wp\/v2\/posts"}],"about":[{"href":"https:\/\/blog.egophobia.ro\/index.php?rest_route=\/wp\/v2\/types\/post"}],"author":[{"embeddable":true,"href":"https:\/\/blog.egophobia.ro\/index.php?rest_route=\/wp\/v2\/users\/2"}],"replies":[{"embeddable":true,"href":"https:\/\/blog.egophobia.ro\/index.php?rest_route=%2Fwp%2Fv2%2Fcomments&post=2062"}],"version-history":[{"count":1,"href":"https:\/\/blog.egophobia.ro\/index.php?rest_route=\/wp\/v2\/posts\/2062\/revisions"}],"predecessor-version":[{"id":2063,"href":"https:\/\/blog.egophobia.ro\/index.php?rest_route=\/wp\/v2\/posts\/2062\/revisions\/2063"}],"wp:attachment":[{"href":"https:\/\/blog.egophobia.ro\/index.php?rest_route=%2Fwp%2Fv2%2Fmedia&parent=2062"}],"wp:term":[{"taxonomy":"category","embeddable":true,"href":"https:\/\/blog.egophobia.ro\/index.php?rest_route=%2Fwp%2Fv2%2Fcategories&post=2062"},{"taxonomy":"post_tag","embeddable":true,"href":"https:\/\/blog.egophobia.ro\/index.php?rest_route=%2Fwp%2Fv2%2Ftags&post=2062"}],"curies":[{"name":"wp","href":"https:\/\/api.w.org\/{rel}","templated":true}]}}