{"id":2090,"date":"2013-08-30T19:27:41","date_gmt":"2013-08-30T17:27:41","guid":{"rendered":"http:\/\/blog.egophobia.ro\/?p=2090"},"modified":"2013-08-30T19:27:41","modified_gmt":"2013-08-30T17:27:41","slug":"incepe-concursul-tribut-valorilor-culturale-romanesti","status":"publish","type":"post","link":"https:\/\/blog.egophobia.ro\/?p=2090","title":{"rendered":"\u00cencepe concursul \u201eTribut Valorilor Culturale Rom\u00e2ne\u015fti\u201d!"},"content":{"rendered":"<blockquote>\n<p align=\"center\"><b>wwww.romanipentruolume.ro<\/b><\/p>\n<p align=\"justify\">\n<p>&nbsp;<\/p>\n<p>Mai sunt dou\u0103 zile p\u00e2n\u0103 la \u00eenscrierea \u00een concursul \u201eTribut Valorilor Culturale Rom\u00e2ne\u015fti\u201d, ce promoveaz\u0103 valorile na\u0163ionale \u015fi \u00eencurajeaz\u0103 t\u00e2n\u0103ra genera\u0163ie \u00een a-\u015fi urma visul, indiferent de segmentul cultural \u00een care activeaz\u0103.<\/p>\n<p>&nbsp;<\/p>\n<p>\u00cencep\u00e2nd de luni, 2 septembrie 2013, \u00eenscrierea la concurs se va putea face pe website-ul campaniei <a href=\"http:\/\/www.romanipentruolume\">www.romanipentruolume<\/a>.<br \/>\n<!--more--><br \/>\n&nbsp;<\/p>\n<p>Concursul ofer\u0103 tinerilor rom\u00e2ni, orienta\u0163i c\u0103tre cultur\u0103, oportunit\u0103\u0163i prin care ace\u015ftia pot fi descoperi\u0163i, pot \u00eenregistra debut artistic, pot fi promova\u0163i, pot performa \u015fi pot primi burse care s\u0103 le asigure progresul necesar \u00een a deveni viitorii reprezentan\u0163i ai culturii rom\u00e2ne\u015fti.<\/p>\n<p>&nbsp;<\/p>\n<p><b>Perioada de desf\u0103\u015furare<\/b> <b>a concursului<\/b> este 2 septembrie\u201328 noiembrie 2013, conform urm\u0103torului calendar:<\/p>\n<p><b>\u00censcrierea \u00een concurs<\/b>: 2 septembrie \u2013 14 octombrie 2013.<\/p>\n<p><b>Not\u0103<\/b>: <i>Pentru a evita erori de natur\u0103 tehnic\u0103 pe platforma de \u00eenscriere, \u00eenregistr\u0103rile video se vor uploada pe un website de video sharing (ex: YouTube, Vimeo), select\u00e2nd op\u0163iunea \u201eprivate\u201d din \u201eprivacy settings\u201d. Link-ul generat, \u00een momentul upload\u0103rii \u00eenregistr\u0103rii pe website-ul de video sharing, se va introduce \u00een c\u00e2mpul specific \u201c\u00ceNCARC\u0102 LUCRAREA\u201d, din formularul online al platformei de concurs.<\/i><\/p>\n<p><b>Selec\u0163ie dosare pe criterii de eligibilitate<\/b>: 15 \u2013 28 octombrie 2013<\/p>\n<p><b>Afi\u015farea listei participan\u0163ilor declara\u0163i admi\u015fi<\/b>: 30 octombrie 2013<\/p>\n<p><b>Promovarea participan\u0163ilor admi\u015fi,<\/b> pe website-ul oficial al campaniei \u015fi pe pagina de Facebook: 30 octombrie &#8211; 27 noiembrie 2013<\/p>\n<p><b>Jurizare<\/b>: 30 octombrie &#8211; 27 noiembrie 2013<\/p>\n<p><b>Anun\u0163area c\u00e2\u015ftig\u0103torilor: <\/b>27 noiembrie 2013<\/p>\n<p>&nbsp;<\/p>\n<p>&nbsp;<\/p>\n<p>&nbsp;<\/p>\n<p><b>Membrii juriului<\/b>,<b> <\/b>desemna\u0163i de c\u0103tre Funda\u0163ia Sergiu Celibidache, sunt:<\/p>\n<p>&nbsp;<\/p>\n<p><b><span style=\"text-decoration: underline;\">Categoria Muzic\u0103 clasic\u0103<\/span><\/b><\/p>\n<p><b>\u00a0<\/b><\/p>\n<p><b>LIVIU PRUNARU<\/b>: solist \u015fi Concertmaestru la Royal Concertgebouw, la <b>categoria Muzic\u0103 clasic\u0103: Vioar\u0103<\/b><\/p>\n<p><b>\u00a0<\/b><\/p>\n<p><b>REMUS AZOI\u0162EI<\/b>: profesor de vioar\u0103 la Academia Regal\u0103 de Muzic\u0103 din Londra, la <b>categoria Muzic\u0103 clasic\u0103: Vioar\u0103<\/b><\/p>\n<p><b>\u00a0<\/b><\/p>\n<p><b>BOGDAN ZVORI\u015eTEANU: <\/b>solist\u00a0 \u015fi concertmaestru la Orchestra Suisse Romande \u2013 Elve\u0163ia, la <b>categoria Muzic\u0103 clasic\u0103: Vioar\u0103<\/b><\/p>\n<p><b>\u00a0<\/b><\/p>\n<p><b>SERGIU TUHU\u0162IU: <\/b>pianist,<b> <\/b>la <b>categoria Muzic\u0103 clasic\u0103: Pian<\/b><\/p>\n<p><b>\u00a0<\/b><\/p>\n<p><b>MARA DOBRESCU:<\/b> pianist\u0103,<b> <\/b>la <b>categoria Muzic\u0103 clasic\u0103: Pian<\/b><\/p>\n<p><b>\u00a0<\/b><\/p>\n<p><b>RALUCA CHIFANE WAGENHAEUSER<\/b>: pianist\u0103 concertant\u0103 \u015fi prof.univ.asoc. la Universitatea de Muzic\u0103 din Trossingen, Germania, la <b>categoria Muzic\u0103 clasic\u0103: Pian<\/b><\/p>\n<p><b>\u00a0<\/b><\/p>\n<p><b>EMIL VI\u015eENESCU<\/b>: solo clarinet la Filarmonica George Enescu din Bucure\u015fti, la<b> categoria Muzic\u0103 clasic\u0103: Instrumente de suflat<\/b><\/p>\n<p><b>\u00a0<\/b><\/p>\n<p><b>C\u0102T\u0102LIN T\u00ceRCOLEA<\/b>: naist \u015fi produc\u0103tor muzical, la <b>categoria Muzic\u0103 clasic\u0103: Nai<\/b><\/p>\n<p><b>\u00a0<\/b><\/p>\n<p><b>DALILA CERN\u0102TESCU: <\/b>lect. univ. dr. la Universitatea Na\u0163ional\u0103 de Muzic\u0103 din Bucure\u015fti, la <b>categoria Muzic\u0103 clasic\u0103: Nai<\/b><\/p>\n<p>&nbsp;<\/p>\n<p><b>OANA LIANU<\/b>: doctor \u00een muzic\u0103, Conferen\u0163iar universitar la Facultatea de Arte, Universitatea din Oradea, la <b>categoria Muzic\u0103 clasic\u0103: Nai <\/b><\/p>\n<p>&nbsp;<\/p>\n<p><b>MATEI IOACHIMESCU<\/b>: solist \u015fi profesor, la<b> categoria Muzic\u0103 clasic\u0103: Instrumente de suflat<\/b><\/p>\n<p>&nbsp;<\/p>\n<p><b>ADRIAN BUZAC<\/b>: solist, profesor de oboi \u015fi muzic\u0103 de camer\u0103 la Conservatorul Superior de Muzic\u0103 din Feldkirch, Austria, la<b> categoria Muzic\u0103 clasic\u0103: Instrumente de suflat <\/b><\/p>\n<p><b>\u00a0<\/b><\/p>\n<p><b>GODRI ORBAN<\/b>: solo fagotist la Filarmonica George Enescu din Bucure\u015fti, la<b> categoria Muzic\u0103 clasic\u0103: Instrumente de suflat<\/b><\/p>\n<p><b>\u00a0<\/b><\/p>\n<p><b>\u00a0<\/b><\/p>\n<p><b>CRISTIAN GANICENCO<\/b>: solo Trombone la\u00a0 Cincinnati Symphony Orchestra, la<b> categoria Muzic\u0103 clasic\u0103: Instrumente de alam\u0103<\/b><\/p>\n<p><b>\u00a0<\/b><\/p>\n<p><b>EMIL B\u00ceZG\u0102<\/b>:\u00a0 cadru didactic asociat (trompet\u0103 clasic, ansamblu jazz) la Universitatea Na\u0163ional\u0103 de Muzic\u0103 Bucure\u015fti, la<b> categoria Muzic\u0103 clasic\u0103: Instrumente de alam\u0103 <\/b><\/p>\n<p><b>\u00a0<\/b><\/p>\n<p><b>IOAN RA\u021aIU: <\/b>solo cornist la Filarmonica din Duisburg \u015fi profesor la Academia de Muzic\u0103 Robert Schumann din D\u00fcsseldorf, la<b> categoria Muzic\u0103 clasic\u0103: Instrumente de alam\u0103 <\/b><\/p>\n<p><b>\u00a0<\/b><\/p>\n<p><b>RUXANDRA DONOSE<\/b>: mezzosopran\u0103, la<b> categoria Muzic\u0103 clasic\u0103: Canto <\/b><\/p>\n<p><b>\u00a0<\/b><\/p>\n<p><b>BOGDAN MIHAI<\/b>: tenor, la<b> categoria Muzic\u0103 clasic\u0103: Canto <\/b><\/p>\n<p><b>\u00a0<\/b><\/p>\n<p><b>ROXANA CONSTANTINESCU: <\/b>mezzo \u2013 sopran\u0103, la<b> categoria Muzic\u0103 clasic\u0103: Canto <\/b><\/p>\n<p><b>\u00a0<\/b><\/p>\n<p><b>MARIUS NICHITEANU<\/b>: profesor viol\u0103 la Universitatea de Muzic\u0103 din Hamburg, la<b> categoria Muzic\u0103 clasic\u0103: Corzi grave<\/b><\/p>\n<p><b>\u00a0<\/b><\/p>\n<p><b>PETRU IUGA: <\/b>profesor la Conservatorul de Stat de Muzic\u0103 \u0219i Art\u0103 \u00een Mannheim, la<b> categoria Muzic\u0103 clasic\u0103: Corzi grave <\/b><\/p>\n<p><b>\u00a0<\/b><\/p>\n<p><b>LAURA BURUIAN\u0102: <\/b>violoncelist\u0103, la<b> categoria Muzic\u0103 clasic\u0103: Corzi grave <\/b><\/p>\n<p><b>\u00a0<\/b><\/p>\n<p><b>\u00a0<\/b><\/p>\n<p><b><span style=\"text-decoration: underline;\">Categoria Arte plastice<\/span><\/b><\/p>\n<p><b>\u00a0<\/b><\/p>\n<p><b>MIHAI PL\u0102M\u0102DEAL\u0102<\/b>: critic de art\u0103 \u015fi curator, la <b>categoria Arte Plastice: Sculptur\u0103 \u015fi Pictur\u0103 <\/b><\/p>\n<p><b>\u00a0<\/b><\/p>\n<p><b>BOGDAN RA\u0162\u0102: <\/b>sculptor,<b> <\/b>la<b> categoria Arte Plastice: Sculptur\u0103<\/b><\/p>\n<p><b>\u00a0<\/b><\/p>\n<p><b>DRAGO\u015e BURLACU: \u00a0<\/b>artist vizual, la categoria <b>Arte Plastice: Pictur\u0103<\/b><\/p>\n<p><b>\u00a0<\/b><\/p>\n<p><b>MISHA DIACONU: <\/b>artist plastic, specializare Sculptur\u0103 metal,<b> <\/b>la categoria <b>Arte Plastice: Sculptur\u0103<\/b><\/p>\n<p><b>\u00a0<\/b><\/p>\n<p><b>LIVIU MIHAI<\/b>: artist vizual, la categoria <b>Arte Plastice: Pictur\u0103<\/b><\/p>\n<p><b>\u00a0<\/b><\/p>\n<p><b>\u00a0<\/b><\/p>\n<p><b><span style=\"text-decoration: underline;\">Categoria Teatru \u015fi film<\/span><\/b><\/p>\n<p><b>ANA-MARIA NISTOR<\/b>:<b> <\/b>profesor universitar,<b> <\/b>la <b>categoria Teatru \u015fi film: Actorie \u015fi Regie teatru<\/b><\/p>\n<p><b>\u00a0<\/b><\/p>\n<p><b>LAURENTIU DAMIAN: <\/b>regizor film,<b> <\/b>la<b> categoria Teatru \u015fi film: Regie film \u015fi Imagine film<\/b><\/p>\n<p><b>\u00a0<\/b><\/p>\n<p><b>ADRIAN SILI\u015eTEANU: <\/b>director de imagine, la<b> categoria Teatru \u015fi film: Regie film \u015fi Imagine film<\/b><\/p>\n<p><b>\u00a0<\/b><\/p>\n<p><b>CORNELIU PORUMBOIU<\/b>: regizor de teatru,<b> <\/b>la <b>categoria Teatru \u015fi film: Actorie \u015fi Regie teatru<\/b><\/p>\n<p><b>\u00a0<\/b><\/p>\n<p><b>ERWIN \u015eIM\u015eENSOHN: <\/b>regizor de teatru,<b> <\/b>la <b>categoria Teatru \u015fi film: Actorie \u015fi Regie teatru<\/b><\/p>\n<p><b>\u00a0<\/b><\/p>\n<p><b>\u00a0<\/b><\/p>\n<p><b><span style=\"text-decoration: underline;\">Categoria Dans clasic<\/span><\/b><b><\/b><\/p>\n<p><b>SIMONA \u015eOM\u0102CESCU<\/b>: coregraf, maestru de balet \u015fi critic de dans,<b> <\/b>la<b> categoria Dans clasic: Balet \u015fi Dans contemporan<\/b><\/p>\n<p>&nbsp;<\/p>\n<p><b>IOANA MACARIE<\/b>: dansator \u015fi coregraf independent,<b> <\/b>la<b> categoria Dans clasic: Dans contemporan<\/b><\/p>\n<p>&nbsp;<\/p>\n<p>&nbsp;<\/p>\n<p><b><span style=\"text-decoration: underline;\">Categoria Literatur\u0103 \u015fi filozofie<\/span><\/b><\/p>\n<p><b>\u00a0<\/b><\/p>\n<p><b>SORIN ALEXANDRESCU<\/b>: profesor la Universitatea Bucure\u015fti, la <b>categoria Literatur\u0103 \u015fi filozofie: Eseu filozofic<\/b><\/p>\n<p>&nbsp;<\/p>\n<p><b>LUCIAN GROZEA<\/b>: conf. univ. dr. Universitatea \u201eLucian Blaga&#8221; din Sibiu, la <b>categoria Literatur\u0103 \u015fi filozofie: Poezie, Proz\u0103 scurt\u0103, Eseu filozofic<\/b><\/p>\n<p><b>\u00a0<\/b><\/p>\n<p><b>LINDA MARIA BAROS: <\/b>poet\u0103, membr\u0103 a Academiei Mallarm\u00e9, Fran\u0163a, la<b> categoria Literatur\u0103 \u015fi filozofie: Poezie, Proz\u0103 scurt\u0103<\/b><\/p>\n<p>&nbsp;<\/p>\n<p><b>IOAN CR\u0102CIUN<\/b>: director al Editurii Ars Docendi-Universitatea din Bucure\u015fti, la<b> categoria Literatur\u0103 \u015fi filozofie: Poezie, Proz\u0103 scurt\u0103, Eseu filozofic<\/b><\/p>\n<p>&nbsp;<\/p>\n<p><b>OANA BOCA<\/b>: manager cultural, specialist \u00een comunicare, la<b> categoria Literatur\u0103 \u015fi filozofie: Poezie, Proz\u0103 scurt\u0103, <\/b><\/p>\n<p>&nbsp;<\/p>\n<p>Pot participa la acest concurs toate persoanele fizice, cet\u0103\u0163eni rom\u00e2ni, reziden\u0163i \u00een Rom\u00e2nia sau \u00een alte \u0163\u0103ri, av\u00e2nd \u00een momentul \u00eenscrierii v\u00e2rsta maxim\u0103 de 25 ani. Participan\u0163ii nu au dreptul s\u0103 se \u00eenscrie de mai multe ori la aceea\u015fi sec\u0163iune sau la mai multe categorii\/subcategorii.<\/p>\n<p><b>\u00a0<\/b><\/p>\n<p><b>Premiile<\/b> constau \u00een oferirea de suport educa\u0163ional (burse, \u015fcoli de var\u0103, Masterclass-uri, cursuri de specializare, \u00een Rom\u00e2nia sau \u00een str\u0103in\u0103tate), acordat \u00een func\u0163ie de v\u00e2rsta \u015fi nivelul educa\u0163ional al fiec\u0103rui c\u00e2\u015ftig\u0103tor \u00een parte. Vor exista dou\u0103 categorii de premii: <b>Premii Subcategorii<\/b> (se va desemna c\u00e2te un c\u00e2\u015ftig\u0103tor pentru fiecare subcategorie \u00een parte, lu\u00e2ndu-se \u00een calcul cea mai mare not\u0103 ob\u0163inut\u0103 \u00een urma juriz\u0103rii) \u015fi <b>Premiul Publicului<\/b> (va exista un singur c\u00e2\u015ftig\u0103tor pentru \u00eentreg concursul, desemnat de c\u0103tre public, prin acumularea celui mai mare num\u0103r de voturi, date sub form\u0103 de Like-uri, \u00eenregistrate pe pagina de Facebook a campaniei \u201eRom\u00e2ni pentru o lume\u201d).<\/p>\n<p><b>\u00a0<\/b><\/p>\n<p>Regulamentul concursului, dar \u015fi alte detalii despre desf\u0103\u015furarea lui, sunt disponibile pe <a href=\"http:\/\/www.romanipentruolume.ro\">www.romanipentruolume.ro<\/a> \u015fi pe pagina oficial\u0103 de Facebook a campaniei <a href=\"http:\/\/www.facebook.com\/RomaniPentruOLume\">http:\/\/www.facebook.com\/RomaniPentruOLume<\/a><\/p>\n<p><b>\u00a0<\/b><\/p>\n<\/div>\n<p><b><br clear=\"all\" \/> <\/b><\/p>\n<p><b>\u00a0<\/b><\/p>\n<p><b>\u00a0<\/b><\/p>\n<p align=\"center\"><b>******<\/b><\/p>\n<p><b>Despre campanie<\/b><\/p>\n<p><b>\u00a0<\/b><\/p>\n<p>\u201e<b><i>Rom\u00e2ni pentru o lume<\/i><\/b>\u201d reprezint\u0103 un omagiu adus marilor personalit\u0103\u0163i rom\u00e2ne\u015fti ce au adus m\u00e2ndrie \u015fi glorie Rom\u00e2niei, peste tot \u00een lume \u015fi aduce \u00een aten\u0163ia fiec\u0103ruia dintre noi pe co-na\u0163ionalii no\u015ftri care, prin activitatea lor, r\u0103m\u00e2n nemuritori.\u00a0 Campania se desf\u0103\u015foar\u0103 online, la adresa <a href=\"http:\/\/www.romanipentruolume.ro\">www.romanipentruolume.ro<\/a> \u015fi pe pagina de Facebook, unde pute\u0163i g\u0103si mai multe detalii despre acest nou proiect cultural al Funda\u0163iei Sergiu Celibidache.<\/p>\n<p><b>\u00a0<\/b><\/p>\n<p><b>Parteneri principali:<\/b> Prim\u0103ria Sectorului 1 Bucure\u015fti<\/p>\n<p><b>\u00a0<\/b><\/p>\n<p><b>Parteneri<\/b>: Muzeul Memorial Nicolae Grigorescu, Muzeul Na\u0163ional al Literaturii Rom\u00e2ne, Muzeul Na\u0163ional George Enescu, Universal Music Romania<\/p>\n<p><b>\u00a0<\/b><\/p>\n<p><b>Sponsori: <\/b>Amgen; Asirom; Aristocrat Events Hall; BASF; Birou de Arhitectur\u0103 Pintilie; Casa Anke; Gilescu, V\u0103leanu \u015fi Partenerii; IBIS Hotels; DB Schenker; Intesa Sanpaolo Bank; RIFIL; Sense; \u0162uca Zb\u00e2rcea &amp; Asocia\u0163ii; DSV SOLUTIONS, Mobilorama, Martens<\/p>\n<p><b>\u00a0<\/b><\/p>\n<p><b>Parteneri media:<\/b> Radio Rom\u00e2nia Muzical, Radio Rom\u00e2nia Cultural, Radio Rom\u00e2nia Actualit\u0103\u0163i, Radio Rom\u00e2nia Interna\u0163ional, Spectacular TV, Getica OOH, Defi Rom\u00e2nia, Flash, Grand Cinema Digiplex din B\u0103neasa Shopping City, Cocor, Rebus, Observatorul Cultural, Q Magazine, Ziarul Ring, Deutsche Zeitung, \u015eapte Seri, Academia Ca\u0163avencu, Rom\u00e2nia Liber\u0103, eva.ro, cinefan.ro, stirifeldefel.ro, Oglinda literar\u0103, egophobia.ro, avocatnet.ro, lsrs.ro, Book Mag, Art Act Magazin, Revista NOMEN ARTIS, Calendar Evenimente, CSRevolution, The Epoch Times Romania<\/p><\/blockquote>\n","protected":false},"excerpt":{"rendered":"<p>wwww.romanipentruolume.ro &nbsp; Mai sunt dou\u0103 zile p\u00e2n\u0103 la \u00eenscrierea \u00een concursul \u201eTribut Valorilor Culturale Rom\u00e2ne\u015fti\u201d, ce promoveaz\u0103 valorile na\u0163ionale \u015fi \u00eencurajeaz\u0103 t\u00e2n\u0103ra genera\u0163ie \u00een a-\u015fi urma visul, indiferent de segmentul cultural \u00een care activeaz\u0103. &nbsp; \u00cencep\u00e2nd de luni, 2 septembrie 2013, \u00eenscrierea la concurs se va putea face pe website-ul campaniei www.romanipentruolume.<\/p>\n","protected":false},"author":2,"featured_media":0,"comment_status":"open","ping_status":"open","sticky":false,"template":"","format":"standard","meta":{"_jetpack_memberships_contains_paid_content":false,"footnotes":"","jetpack_publicize_message":"","jetpack_publicize_feature_enabled":true,"jetpack_social_post_already_shared":false,"jetpack_social_options":{"image_generator_settings":{"template":"highway","default_image_id":0,"font":"","enabled":false},"version":2}},"categories":[4],"tags":[85,634],"class_list":["post-2090","post","type-post","status-publish","format-standard","hentry","category-anunturi-culturale","tag-concurs","tag-romani-pentru-lume"],"jetpack_publicize_connections":[],"jetpack_featured_media_url":"","jetpack_sharing_enabled":true,"_links":{"self":[{"href":"https:\/\/blog.egophobia.ro\/index.php?rest_route=\/wp\/v2\/posts\/2090","targetHints":{"allow":["GET"]}}],"collection":[{"href":"https:\/\/blog.egophobia.ro\/index.php?rest_route=\/wp\/v2\/posts"}],"about":[{"href":"https:\/\/blog.egophobia.ro\/index.php?rest_route=\/wp\/v2\/types\/post"}],"author":[{"embeddable":true,"href":"https:\/\/blog.egophobia.ro\/index.php?rest_route=\/wp\/v2\/users\/2"}],"replies":[{"embeddable":true,"href":"https:\/\/blog.egophobia.ro\/index.php?rest_route=%2Fwp%2Fv2%2Fcomments&post=2090"}],"version-history":[{"count":1,"href":"https:\/\/blog.egophobia.ro\/index.php?rest_route=\/wp\/v2\/posts\/2090\/revisions"}],"predecessor-version":[{"id":2091,"href":"https:\/\/blog.egophobia.ro\/index.php?rest_route=\/wp\/v2\/posts\/2090\/revisions\/2091"}],"wp:attachment":[{"href":"https:\/\/blog.egophobia.ro\/index.php?rest_route=%2Fwp%2Fv2%2Fmedia&parent=2090"}],"wp:term":[{"taxonomy":"category","embeddable":true,"href":"https:\/\/blog.egophobia.ro\/index.php?rest_route=%2Fwp%2Fv2%2Fcategories&post=2090"},{"taxonomy":"post_tag","embeddable":true,"href":"https:\/\/blog.egophobia.ro\/index.php?rest_route=%2Fwp%2Fv2%2Ftags&post=2090"}],"curies":[{"name":"wp","href":"https:\/\/api.w.org\/{rel}","templated":true}]}}