{"id":2129,"date":"2013-10-24T09:40:23","date_gmt":"2013-10-24T07:40:23","guid":{"rendered":"http:\/\/blog.egophobia.ro\/?p=2129"},"modified":"2013-10-24T09:41:24","modified_gmt":"2013-10-24T07:41:24","slug":"avangarda-revizitata-editia-a-iii-a","status":"publish","type":"post","link":"https:\/\/blog.egophobia.ro\/?p=2129","title":{"rendered":"Avangarda revizitata. Editia a III-a"},"content":{"rendered":"<blockquote><p>\nAm bucuria sa anunt continuarea proiectului curatorial &#8222;Avangarda revizitata. Avangarda europeana in ANFR (1919-1939)&#8221;, cu editia a III-a, dedicata avangardelor germane si olandeze. Sesiunea dedicata celor doua directii va fi proiectata Sambata, 26 octombrie,incepand cu ora 19.00, la Cinemateca Eforie (Sala Jean Georgescu) din Bucuresti, Str. Eforie Nr. 2, unde va invitam si va asteptam!<\/div>\n<p>Mai multe detalii mai jos, in materialele atasate sau pe: <a href=\"http:\/\/wp.me\/p1AbHm-1do\" target=\"_blank\">http:\/\/wp.me\/p1AbHm-1do<\/a><\/div>\n<p>Pentru parcursul intregului demers, click aici: <a href=\"http:\/\/igormocanu.wordpress.com\/?s=avangarda+revizitata&amp;submit=Search\" target=\"_blank\">http:\/\/igormocanu.wordpress.com\/?s=avangarda+revizitata&amp;submit=Search<\/a><!--more--><br \/>\nGanduri bune si multumiri,<br \/>\n&#8211;<br \/>\nIgor Mocanu | art critic, curator<br \/>\n<a href=\"tel:%28%2B40%29%20722%2085%2034%2005\" target=\"_blank\">(+40) 722 85 34 05<\/a><br \/>\n<a href=\"mailto:igor.mocanu@gmail.com\" target=\"_blank\">igor.mocanu@gmail.com<\/a><br \/>\n<a href=\"http:\/\/igormocanu.wordpress.com\/\" target=\"_blank\">http:\/\/igormocanu.wordpress.com\/<\/a><\/p>\n<p><i>Avangarda revizitata. Editia a III-a: AVANGARDA GERMANA &amp; OLANDEZA<\/i><\/p>\n<p><i>Avangarda Europeana in Arhiva Nationala de Filme a Romaniei 1919-1939<\/i><\/p>\n<p>Editia a III-a: AVANGARDA GERMANA &amp; OLANDEZA<\/p>\n<p>Miercuri, 23 octombrie, ora 19.00 &#8211; Cinemateca Eforie<\/p>\n<p>Sambata, 26 octombrie, ora 19.00 &#8211; Cinemateca Eforie<\/p>\n<p>Cinemateca Eforie &#8211; Arhiva Nationala de Filme a Romaniei a lansat, incepand cu 17 noiembrie 2012, un demers de revizitare a operelor cinematografice create de regizorii avangardei europene, cu scopul cercetarii modului in care s-a constituit cultura vizuala autohtona si cultura filmului in perioada de dinainte si de dupa nationalizarea din 1948 a productiei cinematografice din Romania, cat si a filmelor detinute de cinematografele locale. Prima editie a proiectului, in numar sase sesiuni, a cuprins avangarda cinematografica franceza; cea de-a doua editie a abordat, timp de trei sesiuni, avangarda sovietica; editia a treia se ocupa, intr-o sesiune unica, de avangardele germana si olandeza.<\/p>\n<p>Artisti: Walter Ruttmann, Carl Mayer, Joris Ivens, Mannus Franken<\/p>\n<p>Concept si viziune curatoriala: Igor Mocanu<\/p>\n<p>Organizatori: Cinemateca Eforie &#8211; Arhiva Nationala de Film a Romaniei<\/p>\n<p>In numarul 6 pe octombrie 1928 al revistei <i>unu<\/i>, pe ultima pagina, citim: &#8222;Simfonia marei Capitale. Vedeti-l la unul din cinematografele de pe Bulevard&#8221;. Aceasta e prima si, cred, ultima mentiune a realizatorului de la Frankfurt, daca exceptam participarea acestuia la filmarea scenei cu soimul din vis pentru <i>Die Nibelungen<\/i> (1924) al lui Fritz Lang, pelicula ce fusese analizata de Barbu Florian intr-un text scris in 1925 si publicat in revista <i>Integral<\/i>. Filmarile la <i>Berlin: Die Sinfonie der Grisstadt<\/i> se incheiasera la finele lui 1927, iar in primele luni ale lui 1928 pelicula circula deja in copie atat in Europa, cat si peste ocean, in America. Este totusi surprinzatoare promptitudinea cu care cinematografele bucurestene centrale preiau si difuzeaza filmul, o opera documentara in ultima instanta, chiar daca poetica si uneori suprasaturat metaforica, in care dinamismul urban industrial al marii capitale nemtesti este ponderat numai de linistea premonitorie a evreilor care se plimba neabatuti pe strazi. O promptitudine a cinematografelor autohtone cu atat mai neobisnuita, cu cat pelicula e una din primele care intr-un fel canonizeaza seria de documentare avangardiste care sa inchine ode si simfonii vizuale marilor orase ale lumii, serie inceputa in 1921 cu <i>Manhattan<\/i> al lui Paul Strand si Charles Sheeler, continuata cu <i>Rien que les heures<\/i> (1926) al lui Alberto Cavalcanti si chiar cu <i>Berliner Stilleben<\/i> (1926) al lui L\u00e1szl\u00f3 Moholy-Nagy, si ajungand apoi pana la Robert J. Flaherty, Ilia Kopalin si Mihail Kaufman, Svatopluk Innemann, Dziga Vertov, Adalberto Kemeny si Rudolf Rex Lustig, Corrado d&#8217;Errico, Eugen Deslav, Jos\u00e9 Leit\u00e3o de Barros, Jean Vigo, Jay Leyda, Irving Browning, Manoel de Oliveira, Bonney Powell, Iosif Poseslkii si Rafail Ghikov sau Otakar V\u00e1vra. Evident, aceasta lista a creatorilor de simfonii urbane ar fi in mod cras incompleta fara <i>De brug<\/i> (1928) si <i>Regen<\/i> (1929) ale regizorului olandez Joris Ivens, ultima in colaborare cu Mannus Franken, scurtmetraje care vor oferi un loc aparte autorului lor in campul cinematografului de avangarda.<\/p>\n<p>Editia a III-a:<\/p>\n<p>BERLIN: SIMFONIA UNUI MARE ORAS \/ BERLIN: DIE SINFONIE DER GROSSTADT<\/p>\n<p>Germania, 1927, a\/n, Documentar<\/p>\n<p>R. Walter Ruttmann (ca Walther Ruttmann)<\/p>\n<p>S. Karl Freund, Carl Mayer, Walter Ruttmann (ca Walther Ruttmann)<\/p>\n<p>Muzica: Edmund Meisel<\/p>\n<p>Operatori: Robert Baberske, Reimar Kuntze, L\u00e1szl\u00f3 Sch\u00e4ffer, Karl Freund<\/p>\n<p>Dir. artistic: Erich Kettelhut<\/p>\n<p>Cu: Paul von Hindenburg<\/p>\n<p>Producator: Karl Freund<\/p>\n<p>PODUL \/ DE BRUG<\/p>\n<p>Olanda, 1928, a\/n, Documentar<\/p>\n<p>R. Joris Ivens<\/p>\n<p>S. Joris Ivens<\/p>\n<p>Imagine: Joris Ivens<\/p>\n<p>Producator: CAPI-Amsterdam<\/p>\n<p>PLOAIA \/ REGEN<\/p>\n<p>Olanda, 1929, a\/n, Documentar<\/p>\n<p>R. Joris Ivens, Mannus Franken<\/p>\n<p>S. Joris Ivens, Mannus Franken<\/p>\n<p>Imagine: Joris Ivens<\/p>\n<p>Muzica: Lou Lichtveld (1932), Hanns Eisler (1941)<\/p>\n<p>Producator: CAPI-Amsterdam<\/p>\n<\/div>\n<\/div>\n<\/div>\n<\/div>\n<p><span style=\"color: #888888;\"><span style=\"color: #888888;\"><span style=\"color: #888888;\"><span style=\"color: #888888;\"><span style=\"color: #888888;\"><span style=\"color: #888888;\"><span style=\"color: #888888;\"><span style=\"color: #888888;\"><span style=\"color: #888888;\"><span style=\"color: #888888;\"><span style=\"color: #888888;\"><span style=\"color: #888888;\">&#8211;<br \/>\n<\/span><\/span><\/span><\/span><\/span><\/span><\/span><\/span><\/span><\/span><\/span><\/span><\/p>\n<div><span style=\"color: #888888;\"><span style=\"color: #888888;\"><span style=\"color: #888888;\"><span style=\"color: #888888;\"><span style=\"color: #888888;\"><span style=\"color: #888888;\"><span style=\"color: #888888;\"><span style=\"color: #888888;\"><span style=\"color: #888888;\"><span style=\"color: #888888;\"><span style=\"color: #888888;\">Igor Mocanu | art critic, curator<\/span><\/span><\/span><\/span><\/span><\/span><\/span><\/span><\/span><\/span><\/span><\/div>\n<div><span style=\"color: #888888;\"><span style=\"color: #888888;\"><span style=\"color: #888888;\"><span style=\"color: #888888;\"><span style=\"color: #888888;\"><span style=\"color: #888888;\"><span style=\"color: #888888;\"><span style=\"color: #888888;\"><span style=\"color: #888888;\"><span style=\"color: #888888;\"><span style=\"color: #888888;\">\u00a0<\/span><\/span><\/span><\/span><\/span><\/span><\/span><\/span><\/span><\/span><\/span><\/div>\n<div><span style=\"color: #888888;\"><span style=\"color: #888888;\"><span style=\"color: #888888;\"><span style=\"color: #888888;\"><span style=\"color: #888888;\"><span style=\"color: #888888;\"><span style=\"color: #888888;\"><span style=\"color: #888888;\"><span style=\"color: #888888;\"><span style=\"color: #888888;\"><span style=\"color: #888888;\"><a href=\"tel:%28%2B40%29%20722%2085%2034%2005\" target=\"_blank\">(+40) 722 85 34 05<\/a><\/span><\/span><\/span><\/span><\/span><\/span><\/span><\/span><\/span><\/span><\/span><\/div>\n<div><span style=\"color: #888888;\"><span style=\"color: #888888;\"><span style=\"color: #888888;\"><span style=\"color: #888888;\"><span style=\"color: #888888;\"><span style=\"color: #888888;\"><span style=\"color: #888888;\"><span style=\"color: #888888;\"><span style=\"color: #888888;\"><span style=\"color: #888888;\"><span style=\"color: #888888;\"><a href=\"mailto:igor.mocanu@gmail.com\" target=\"_blank\">igor.mocanu@gmail.com<\/a><\/span><\/span><\/span><\/span><\/span><\/span><\/span><\/span><\/span><\/span><\/span><\/div>\n<div><span style=\"color: #888888;\"><span style=\"color: #888888;\"><span style=\"color: #888888;\"><span style=\"color: #888888;\"><span style=\"color: #888888;\"><span style=\"color: #888888;\"><span style=\"color: #888888;\"><span style=\"color: #888888;\"><span style=\"color: #888888;\"><span style=\"color: #888888;\"><span style=\"color: #888888;\"><a href=\"http:\/\/igormocanu.wordpress.com\/\" target=\"_blank\">http:\/\/igormocanu.wordpress.com\/<\/a><\/span><\/span><\/span><\/span><\/span><\/span><\/span><\/span><\/span><\/span><\/span><\/div>\n<\/div>\n<\/div>\n<\/div>\n<\/div>\n<\/div>\n<\/div>\n<\/div>\n<\/div>\n<\/div>\n<\/div>\n<\/div>\n<\/div>\n<\/div>\n<\/div>\n<\/div>\n<\/div>\n<\/div>\n<\/div>\n<\/div>\n<\/div>\n<\/div>\n<\/div>\n<\/div>\n<\/blockquote>\n","protected":false},"excerpt":{"rendered":"<p>Am bucuria sa anunt continuarea proiectului curatorial &#8222;Avangarda revizitata. Avangarda europeana in ANFR (1919-1939)&#8221;, cu editia a III-a, dedicata avangardelor germane si olandeze. Sesiunea dedicata celor doua directii va fi proiectata Sambata, 26 octombrie,incepand cu ora 19.00, la Cinemateca Eforie (Sala Jean Georgescu) din Bucuresti, Str. Eforie Nr. 2, unde va invitam si va asteptam! [&hellip;]<\/p>\n","protected":false},"author":2,"featured_media":0,"comment_status":"open","ping_status":"open","sticky":false,"template":"","format":"standard","meta":{"_jetpack_memberships_contains_paid_content":false,"footnotes":"","jetpack_publicize_message":"","jetpack_publicize_feature_enabled":true,"jetpack_social_post_already_shared":false,"jetpack_social_options":{"image_generator_settings":{"template":"highway","default_image_id":0,"font":"","enabled":false},"version":2}},"categories":[4],"tags":[689,530],"class_list":["post-2129","post","type-post","status-publish","format-standard","hentry","category-anunturi-culturale","tag-avangarda","tag-filme"],"jetpack_publicize_connections":[],"jetpack_featured_media_url":"","jetpack_sharing_enabled":true,"_links":{"self":[{"href":"https:\/\/blog.egophobia.ro\/index.php?rest_route=\/wp\/v2\/posts\/2129","targetHints":{"allow":["GET"]}}],"collection":[{"href":"https:\/\/blog.egophobia.ro\/index.php?rest_route=\/wp\/v2\/posts"}],"about":[{"href":"https:\/\/blog.egophobia.ro\/index.php?rest_route=\/wp\/v2\/types\/post"}],"author":[{"embeddable":true,"href":"https:\/\/blog.egophobia.ro\/index.php?rest_route=\/wp\/v2\/users\/2"}],"replies":[{"embeddable":true,"href":"https:\/\/blog.egophobia.ro\/index.php?rest_route=%2Fwp%2Fv2%2Fcomments&post=2129"}],"version-history":[{"count":2,"href":"https:\/\/blog.egophobia.ro\/index.php?rest_route=\/wp\/v2\/posts\/2129\/revisions"}],"predecessor-version":[{"id":2131,"href":"https:\/\/blog.egophobia.ro\/index.php?rest_route=\/wp\/v2\/posts\/2129\/revisions\/2131"}],"wp:attachment":[{"href":"https:\/\/blog.egophobia.ro\/index.php?rest_route=%2Fwp%2Fv2%2Fmedia&parent=2129"}],"wp:term":[{"taxonomy":"category","embeddable":true,"href":"https:\/\/blog.egophobia.ro\/index.php?rest_route=%2Fwp%2Fv2%2Fcategories&post=2129"},{"taxonomy":"post_tag","embeddable":true,"href":"https:\/\/blog.egophobia.ro\/index.php?rest_route=%2Fwp%2Fv2%2Ftags&post=2129"}],"curies":[{"name":"wp","href":"https:\/\/api.w.org\/{rel}","templated":true}]}}