{"id":2241,"date":"2014-04-09T13:23:52","date_gmt":"2014-04-09T11:23:52","guid":{"rendered":"http:\/\/blog.egophobia.ro\/?p=2241"},"modified":"2014-04-09T13:23:52","modified_gmt":"2014-04-09T11:23:52","slug":"comunicat-de-presa-eveniment-de-lansare-zile-le-filmului-franco-german","status":"publish","type":"post","link":"https:\/\/blog.egophobia.ro\/?p=2241","title":{"rendered":"Comunicat de pres\u0103 Eveniment de lansare Zile le filmului Franco German"},"content":{"rendered":"<blockquote><p>\nCu ocazia comemor\u0103rii centenarului de la declan\u015farea Primului R\u0103zboi Mondial, Institutul Francez din Rom\u00e2nia \u015fi Institutul Goethe, \u00een parteneriat cu Cinemateca din Bucure\u015fti, au decis s\u0103 abordeze \u00eempreun\u0103 acest subiect printr-o serie de filme \u015fi dezbateri ce au \u00een vedere consecin\u0163ele umane, sociale \u015fi socio-politice ale acestui conflict.<\/p>\n<p>&nbsp;<\/p>\n<p>Astfel, joi, 10 aprilie, la Cinema Elvire Popesco, are loc lansarea acestui eveniment, \u00een prezen\u021ba Excelen\u021bei Sale domnul Philippe Gustin, Ambasadorul Fran\u021bei \u00een Rom\u00e2nia, \u0219i a Excelen\u021bei Sale domnul Werner Hans Lauk, Ambasadorul Republicii Federale Germania \u00een Rom\u00e2nia.<br \/>\n<!--more--><br \/>\n&nbsp;<\/p>\n<p>Evenimentul va fi deschis de Excelen\u021ba Sa domnul Werner Hans Lauk \u0219i de domnul Christophe Pomez, director adjunct al Institutului Francez, la ora 18.00, cu o mas\u0103 rotund\u0103 moderat\u0103 de jurnalistul Luca Niculescu, pe tema &#8222;1914-2014: Identitate-Na\u021biune-Europa&#8221;. La dezbatere particip\u0103 domnul Bogdan Murgescu (Rom\u00e2nia), Georg Vobruba (Germania) \u0219i Jean-No\u00ebl Grandhomme (Fran\u021ba).<\/p>\n<p>&nbsp;<\/p>\n<p>Dezbaterea va fi urmat\u0103 de un cocktail pe terasa Institutul Francez, iar ulterior, de la ora 19.45, Excelen\u021ba Sa domnul Philippe Gustin va decerna premiul concursului de eseuri pe tema centenarului Primului R\u0103zboi Mondial, care s-a adresat studen\u021bilor rom\u00e2ni francofoni de nivel de master \u0219i doctorat.<\/p>\n<p>&nbsp;<\/p>\n<p>Seara va continua cu deschiderea oficial\u0103 a Zilelor Filmului Franco-German &#8222;1914-2014 &#8211; Iluzie \u0219i Teroare &#8211; Primul R\u0103zboi Mondial&#8221;. Primul film care va rula \u00een cadrul Zilelor Filmului Franco-German este &#8222;P\u0103durea sp\u00e2nzura\u021bilor&#8221; de Liviu Ciulei.<\/p>\n<p>&nbsp;<\/p>\n<p>Detalii despre acest eveniment pute\u021bi reg\u0103si \u00een comunicatul de pres\u0103 ata\u0219at, al\u0103turi de imagini \u015fi programul \u00eentreg.<\/p>\n<p>Jurnali\u0219tii care doresc acces la eveniment sunt ruga\u021bi s\u0103 \u00ee\u0219i anun\u021be prezen\u021ba pe adresa <a href=\"mailto:norbert.andor@institutfrancais.ro\">norbert.andor@institutfrancais.ro<\/a> sau prin telefon.<\/p>\n<p>Mul\u021bumim pentru colaborare!<\/p>\n<p>&nbsp;<\/p>\n<\/blockquote>\n","protected":false},"excerpt":{"rendered":"<p>Cu ocazia comemor\u0103rii centenarului de la declan\u015farea Primului R\u0103zboi Mondial, Institutul Francez din Rom\u00e2nia \u015fi Institutul Goethe, \u00een parteneriat cu Cinemateca din Bucure\u015fti, au decis s\u0103 abordeze \u00eempreun\u0103 acest subiect printr-o serie de filme \u015fi dezbateri ce au \u00een vedere consecin\u0163ele umane, sociale \u015fi socio-politice ale acestui conflict. &nbsp; Astfel, joi, 10 aprilie, la Cinema [&hellip;]<\/p>\n","protected":false},"author":4,"featured_media":0,"comment_status":"open","ping_status":"open","sticky":false,"template":"","format":"standard","meta":{"_jetpack_memberships_contains_paid_content":false,"footnotes":"","jetpack_publicize_message":"","jetpack_publicize_feature_enabled":true,"jetpack_social_post_already_shared":false,"jetpack_social_options":{"image_generator_settings":{"template":"highway","default_image_id":0,"font":"","enabled":false},"version":2}},"categories":[4],"tags":[124],"class_list":["post-2241","post","type-post","status-publish","format-standard","hentry","category-anunturi-culturale","tag-film"],"jetpack_publicize_connections":[],"jetpack_featured_media_url":"","jetpack_sharing_enabled":true,"_links":{"self":[{"href":"https:\/\/blog.egophobia.ro\/index.php?rest_route=\/wp\/v2\/posts\/2241","targetHints":{"allow":["GET"]}}],"collection":[{"href":"https:\/\/blog.egophobia.ro\/index.php?rest_route=\/wp\/v2\/posts"}],"about":[{"href":"https:\/\/blog.egophobia.ro\/index.php?rest_route=\/wp\/v2\/types\/post"}],"author":[{"embeddable":true,"href":"https:\/\/blog.egophobia.ro\/index.php?rest_route=\/wp\/v2\/users\/4"}],"replies":[{"embeddable":true,"href":"https:\/\/blog.egophobia.ro\/index.php?rest_route=%2Fwp%2Fv2%2Fcomments&post=2241"}],"version-history":[{"count":1,"href":"https:\/\/blog.egophobia.ro\/index.php?rest_route=\/wp\/v2\/posts\/2241\/revisions"}],"predecessor-version":[{"id":2242,"href":"https:\/\/blog.egophobia.ro\/index.php?rest_route=\/wp\/v2\/posts\/2241\/revisions\/2242"}],"wp:attachment":[{"href":"https:\/\/blog.egophobia.ro\/index.php?rest_route=%2Fwp%2Fv2%2Fmedia&parent=2241"}],"wp:term":[{"taxonomy":"category","embeddable":true,"href":"https:\/\/blog.egophobia.ro\/index.php?rest_route=%2Fwp%2Fv2%2Fcategories&post=2241"},{"taxonomy":"post_tag","embeddable":true,"href":"https:\/\/blog.egophobia.ro\/index.php?rest_route=%2Fwp%2Fv2%2Ftags&post=2241"}],"curies":[{"name":"wp","href":"https:\/\/api.w.org\/{rel}","templated":true}]}}