{"id":2274,"date":"2014-09-16T09:55:48","date_gmt":"2014-09-16T07:55:48","guid":{"rendered":"http:\/\/blog.egophobia.ro\/?p=2274"},"modified":"2014-09-16T09:55:48","modified_gmt":"2014-09-16T07:55:48","slug":"hyam-maccoby-fauritorul-de-mituri-pavel-si-nascocirea-crestinismului","status":"publish","type":"post","link":"https:\/\/blog.egophobia.ro\/?p=2274","title":{"rendered":"Hyam Maccoby &#8211;  &#8222;F\u0103uritorul de mituri \u2013 Pavel \u015fi n\u0103scocirea cre\u015ftinismului&#8221;"},"content":{"rendered":"<blockquote style=\"margin-bottom: 0cm; border-top: medium none; border-right: medium none; border-bottom: medium none; margin-left: 0cm; border-left: #c0c0c0 1px solid; margin-right: 0cm; padding: 0cm 0cm 0cm 0.11cm;\"><p><span style=\"font-family: arial, sans-serif;\"><span style=\"font-size: medium;\"><b>PREZENTARE<\/b><\/span><\/span> <span style=\"font-family: arial, sans-serif;\"><span style=\"font-size: medium;\"><b>DE CARTE<\/b><\/span><\/span><\/p><\/blockquote>\n<p><span style=\"font-family: arial, sans-serif;\"><span style=\"font-size: medium;\"><b><span style=\"background: none transparent scroll repeat 0% 0%;\">Libr\u0103ria<\/span><\/b><\/span><\/span> <span style=\"font-family: arial, sans-serif;\"><span style=\"font-size: medium;\"><b><span style=\"background: none transparent scroll repeat 0% 0%;\">Mihail Sadoveanu<\/span><\/b><\/span><\/span> <span style=\"font-family: arial, sans-serif;\"><span style=\"font-size: medium;\"><span style=\"background: none transparent scroll repeat 0% 0%;\">\u0219i<\/span><\/span><\/span> <span style=\"font-family: arial, sans-serif;\"><span style=\"font-size: medium;\"><span style=\"background: none transparent scroll repeat 0% 0%;\">Editura<\/span><\/span><\/span> <span style=\"font-family: arial, sans-serif;\"><span style=\"font-size: medium;\"><b><span style=\"background: none transparent scroll repeat 0% 0%;\">Ahriman-International<\/span><\/b><\/span><\/span> <span style=\"font-family: arial, sans-serif;\"><span style=\"font-size: medium;\"><span style=\"background: none transparent scroll repeat 0% 0%;\">v\u0103 invit\u0103<\/span><\/span><\/span> <span style=\"font-family: arial, sans-serif;\"><span style=\"font-size: medium;\"><b><span style=\"background: none transparent scroll repeat 0% 0%;\">joi, 25 septembrie 2014,<\/span><\/b><\/span><\/span> <span style=\"font-family: arial, sans-serif;\"><span style=\"font-size: medium;\"><b>ora 17,<\/b><\/span><\/span> <span style=\"font-family: arial, sans-serif;\"><span style=\"font-size: medium;\"><span style=\"background: none transparent scroll repeat 0% 0%;\">la prelegerea \u0219i discu\u021biile despre cartea<\/span><\/span><\/span> <span style=\"background: none transparent scroll repeat 0% 0%;\">\u201e<\/span><span style=\"font-family: arial, sans-serif;\"><span style=\"font-size: medium;\"><b><span style=\"background: none transparent scroll repeat 0% 0%;\">F\u0103uritorul de mituri &#8211; Pavel \u0219i n\u0103scocirea cre\u0219tinismului\u201d a lui Hyam Maccoby.<\/span><\/b><\/span><\/span> <span style=\"font-family: arial, sans-serif;\"><span style=\"font-size: medium;\"><span style=\"background: none transparent scroll repeat 0% 0%;\">Prezint\u0103<\/span><\/span><\/span> <span style=\"font-family: arial, sans-serif;\"><span style=\"font-size: medium;\"><span lang=\"ro-RO\"><span style=\"background: none transparent scroll repeat 0% 0%;\">Dr. phil. Fritz Erik Hoevels, colaboratorul lui Hyam Maccoby \u0219i traduc\u0103torul operei sale. Prelegerea va fi urmat\u0103 de o discu\u021bie cu participan\u021bii la eveniment, care<\/span><\/span><\/span><\/span> <span style=\"font-family: arial, sans-serif;\"><span style=\"font-size: medium;\">are loc \u00een data de<\/span><\/span> <span style=\"font-family: arial, sans-serif;\"><span style=\"font-size: medium;\"><b>25 septembrie 2014<\/b><\/span><\/span><span style=\"font-family: arial, sans-serif;\"><span style=\"font-size: medium;\">,<\/span><\/span> <span style=\"font-family: arial, sans-serif;\"><span style=\"font-size: medium;\"><b>ora 17<\/b><\/span><\/span><span style=\"font-family: arial, sans-serif;\"><span style=\"font-size: medium;\">, \u00een spa\u0163iile<\/span><\/span> <span style=\"font-family: arial, sans-serif;\"><span style=\"font-size: medium;\"><b>L<\/b><\/span><\/span><span style=\"color: #000000;\"><span style=\"font-family: arial, sans-serif;\"><span style=\"font-size: medium;\"><b>ibr\u0103riei<\/b><\/span><\/span><\/span> <span style=\"font-family: arial, sans-serif;\"><span style=\"font-size: medium;\"><b>Mihail Sadoveanu, Compania de Libr\u0103rii<\/b><\/span><\/span> <span style=\"color: #000000;\"><span style=\"font-family: arial, sans-serif;\"><span style=\"font-size: medium;\"><b>Bucure\u015fti,<\/b><\/span><\/span><\/span> <span style=\"color: #000000;\"><span style=\"font-family: arial, sans-serif;\"><span style=\"font-size: medium;\">Bd-ul General Magheru Nr.6-8, Sector 1.<\/span><\/span><\/span><\/p>\n","protected":false},"excerpt":{"rendered":"<p>PREZENTARE DE CARTE Libr\u0103ria Mihail Sadoveanu \u0219i Editura Ahriman-International v\u0103 invit\u0103 joi, 25 septembrie 2014, ora 17, la prelegerea \u0219i discu\u021biile despre cartea \u201eF\u0103uritorul de mituri &#8211; Pavel \u0219i n\u0103scocirea cre\u0219tinismului\u201d a lui Hyam Maccoby. Prezint\u0103 Dr. phil. Fritz Erik Hoevels, colaboratorul lui Hyam Maccoby \u0219i traduc\u0103torul operei sale. Prelegerea va fi urmat\u0103 de o [&hellip;]<\/p>\n","protected":false},"author":1,"featured_media":0,"comment_status":"open","ping_status":"open","sticky":false,"template":"","format":"standard","meta":{"_jetpack_memberships_contains_paid_content":false,"footnotes":"","jetpack_publicize_message":"","jetpack_publicize_feature_enabled":true,"jetpack_social_post_already_shared":false,"jetpack_social_options":{"image_generator_settings":{"template":"highway","default_image_id":0,"font":"","enabled":false},"version":2}},"categories":[4],"tags":[160,696],"class_list":["post-2274","post","type-post","status-publish","format-standard","hentry","category-anunturi-culturale","tag-lansare","tag-pavel"],"jetpack_publicize_connections":[],"jetpack_featured_media_url":"","jetpack_sharing_enabled":true,"_links":{"self":[{"href":"https:\/\/blog.egophobia.ro\/index.php?rest_route=\/wp\/v2\/posts\/2274","targetHints":{"allow":["GET"]}}],"collection":[{"href":"https:\/\/blog.egophobia.ro\/index.php?rest_route=\/wp\/v2\/posts"}],"about":[{"href":"https:\/\/blog.egophobia.ro\/index.php?rest_route=\/wp\/v2\/types\/post"}],"author":[{"embeddable":true,"href":"https:\/\/blog.egophobia.ro\/index.php?rest_route=\/wp\/v2\/users\/1"}],"replies":[{"embeddable":true,"href":"https:\/\/blog.egophobia.ro\/index.php?rest_route=%2Fwp%2Fv2%2Fcomments&post=2274"}],"version-history":[{"count":1,"href":"https:\/\/blog.egophobia.ro\/index.php?rest_route=\/wp\/v2\/posts\/2274\/revisions"}],"predecessor-version":[{"id":2275,"href":"https:\/\/blog.egophobia.ro\/index.php?rest_route=\/wp\/v2\/posts\/2274\/revisions\/2275"}],"wp:attachment":[{"href":"https:\/\/blog.egophobia.ro\/index.php?rest_route=%2Fwp%2Fv2%2Fmedia&parent=2274"}],"wp:term":[{"taxonomy":"category","embeddable":true,"href":"https:\/\/blog.egophobia.ro\/index.php?rest_route=%2Fwp%2Fv2%2Fcategories&post=2274"},{"taxonomy":"post_tag","embeddable":true,"href":"https:\/\/blog.egophobia.ro\/index.php?rest_route=%2Fwp%2Fv2%2Ftags&post=2274"}],"curies":[{"name":"wp","href":"https:\/\/api.w.org\/{rel}","templated":true}]}}