{"id":2279,"date":"2014-10-15T15:05:51","date_gmt":"2014-10-15T13:05:51","guid":{"rendered":"http:\/\/blog.egophobia.ro\/?p=2279"},"modified":"2014-10-15T15:05:51","modified_gmt":"2014-10-15T13:05:51","slug":"sergiu-celibidache-isi-ia-ramas-bun-de-la-romania","status":"publish","type":"post","link":"https:\/\/blog.egophobia.ro\/?p=2279","title":{"rendered":"Sergiu Celibidache \u00ee\u015fi ia r\u0103mas bun de la Rom\u00e2nia"},"content":{"rendered":"<blockquote><p>&nbsp;<\/p>\n<p><strong>Festivalul Sergiu Celibidache nu se va mai organiza.<\/strong><\/p>\n<p><strong>\u00a0<\/strong><\/p>\n<p>&nbsp;<\/p>\n<p>&nbsp;<\/p>\n<p>Dragi colegi, presedinte Fundatiei Sergiu Celibidache, fiul Maestrului, interzice folosirea numelui si imaginii tatalui sau de catre orice institutie de Stat a Romaniei, iar Festivalul International Sergiu Celibidache nu se va mai organiza.<\/p>\n<p>In randurile de mai jos, o partea din declaratia lui Serge Ioan Celibidache:<\/p>\n<p><strong>\u00a0<\/strong><\/p>\n<p>&nbsp;<\/p>\n<p>\u201e<em>Tat\u0103l meu a declarat mereu: \u00abM-am n\u0103scut rom\u00e2n, voi muri rom\u00e2n\u00bb. \u015ei asa s-a \u015fi \u00eent\u00e2mplat. \u00cens\u0103, \u00eentotdeauna \u015fi-a dorit s\u0103 fac\u0103 mult mai mult pentru \u0163ara sa. \u00cen anii \u201870, Ceau\u015fescu \u00eensu\u015fi i-a interzis s\u0103 revin\u0103 \u00een Rom\u00e2nia. \u201eEste prea carismatic acest domn Kolb&#8221;, acesta fiind numele de cod pe care i l-au dat comuni\u015ftii. Dup\u0103 Revolu\u0163ie, v\u00e2rsta \u00eenaintat\u0103 l-a \u00eempiedicat s\u0103 se implice mai mult, dar a crezut cu adev\u0103rat \u00een spiritul talentat \u015fi inspira\u0163ional al rom\u00e2nului. Era ferm convins c\u0103 de tot ce are nevoie acest spirit rom\u00e2nesc e doar o direc\u0163ie bun\u0103 \u015fi o speran\u0163\u0103 real\u0103 pentru a se materializa singur.<\/em><!--more--><\/p>\n<p><em>Ei bine, dup\u0103 numeroase \u00eencerc\u0103ri \u00een ultima decad\u0103, am reu\u015fit \u00eentr-un final s\u0103 organiz\u0103m o prim\u0103 edi\u0163ie a Festivalului Interna\u0163ional Sergiu Celibidache, \u00een vara anului 2012. Evenimentul s-a bucurat de un succes at\u00e2t de mare, \u00eenc\u00e2t am crezut din toat\u0103 inima c\u0103 politicienii vor realiza, \u00een sf\u00e2r\u015fit, \u015fi probabil vor \u00een\u0163elege, cu adev\u0103rat, importan\u0163a unei asemenea manifest\u0103ri culturale \u015fi necesitatea continuit\u0103\u0163ii ei. \u00cens\u0103, \u00een afar\u0103 de laude generoase, oferite punctual, \u015fi promisiuni de prisos, nimic nu s-a concretizat mai departe.<\/em><\/p>\n<p><em>Din aceste considerente, Festivalul Interna\u0163ional Sergiu Celibidache, edi\u0163ia a-II-a, \u00een cadrul c\u0103ruia era prev\u0103zut \u015fi Concursul Interna\u0163ional de Dirijat Sergiu Celibidache nu va mai avea loc. Programat pentru octombrie 2014, am luat decizia de a nu mai organiza edi\u0163ia a-II-a a acestui eveniment. Motivul principal \u00eel reprezint\u0103 indiferen\u0163a Statului rom\u00e2n, atunci c\u00e2nd vine vorba de onorarea valorilor Rom\u00e2niei. De aceea, pentru cea de a doua edi\u0163ie am luat decizia de a nu mai sta cu m\u00e2na \u00eentins\u0103 la Stat \u015fi de a opri acest eveniment.<\/em><\/p>\n<p><em>\u00a0<\/em><\/p>\n<p><em>Consecin\u0163a indiferen\u0163ei, promisiunilor neonorate, neru\u015fin\u0103rii anumitor oameni politici, m\u0103 determin\u0103 s\u0103 interzic folosirea numelui \u015fi imaginii tat\u0103lui meu de c\u0103tre orice institu\u0163ie de Stat a Rom\u00e2niei. Consider c\u0103 s-a comis o crim\u0103 cultural\u0103, precum s-a mai comis \u015fi \u00een cazul altor personalit\u0103\u0163i, asadar sunt nevoit s\u0103 iau aceast\u0103 m\u0103sur\u0103.\u201d<\/em> <strong>Serge Ioan Celibidache<\/strong><\/p>\n<p>&nbsp;<\/p>\n<p>&nbsp;<\/p>\n<p>&nbsp;<\/p>\n<p>Mai multe detalii va rog sa gasiti in documentul atasat.<\/p>\n<p>&nbsp;<\/p>\n<p>Va multumim pentru publicarea acestui mesaj.<\/p>\n<p>&nbsp;<\/p>\n<p>O zi frumoasa!<\/p>\n<p>&nbsp;<\/p>\n<p><strong>Simona Cristea<\/strong><\/p>\n<p>telefon: 0752 24 10 25<\/p>\n<p><a href=\"mailto:simona@fundatia-celibidache.com\">simona@fundatia-celibidache.com<\/a><\/p>\n<p><strong>Fundatia Sergiu Celibidache<\/strong><\/p>\n<p>Str Mantuleasa, Nr.36, Sector 2<\/p>\n<p><a href=\"http:\/\/www.fundatia-celibidache.com\/\">www.fundatia-celibidache.com<\/a><\/p>\n<p>&nbsp;<\/p>\n<p><em>Acest e-mail si toate documentele transmise sunt confidentiale si sunt destinate numai pentru uzul persoanei fizice sau juridice careia ii sunt adresate. Daca nu sunteti persoana destinatara, sunteti notificati ca orice comunicare, redirectionare, copiere sau utilizare a oricarei informatii este strict interzisa, iar e-mailul trebuie imediat sters.<\/p>\n<p><\/em><em>This e-mail and any files transmitted with it are confidential and intended solely for the use of the individual or entity to whom they are addressed. If you are not the intended recipient you are hereby notified that any dissemination, forwarding, copying or use of any of the information is strictly prohibited, and the e-mail should immediately be deleted.<\/em><\/p>\n<p>&nbsp;<\/p><\/blockquote>\n","protected":false},"excerpt":{"rendered":"<p>&nbsp; Festivalul Sergiu Celibidache nu se va mai organiza. \u00a0 &nbsp; &nbsp; Dragi colegi, presedinte Fundatiei Sergiu Celibidache, fiul Maestrului, interzice folosirea numelui si imaginii tatalui sau de catre orice institutie de Stat a Romaniei, iar Festivalul International Sergiu Celibidache nu se va mai organiza. In randurile de mai jos, o partea din declaratia lui [&hellip;]<\/p>\n","protected":false},"author":2,"featured_media":0,"comment_status":"open","ping_status":"open","sticky":false,"template":"","format":"standard","meta":{"_jetpack_memberships_contains_paid_content":false,"footnotes":"","jetpack_publicize_message":"","jetpack_publicize_feature_enabled":true,"jetpack_social_post_already_shared":false,"jetpack_social_options":{"image_generator_settings":{"template":"highway","default_image_id":0,"font":"","enabled":false},"version":2}},"categories":[4],"tags":[643],"class_list":["post-2279","post","type-post","status-publish","format-standard","hentry","category-anunturi-culturale","tag-sergiu-celibidache"],"jetpack_publicize_connections":[],"jetpack_featured_media_url":"","jetpack_sharing_enabled":true,"_links":{"self":[{"href":"https:\/\/blog.egophobia.ro\/index.php?rest_route=\/wp\/v2\/posts\/2279","targetHints":{"allow":["GET"]}}],"collection":[{"href":"https:\/\/blog.egophobia.ro\/index.php?rest_route=\/wp\/v2\/posts"}],"about":[{"href":"https:\/\/blog.egophobia.ro\/index.php?rest_route=\/wp\/v2\/types\/post"}],"author":[{"embeddable":true,"href":"https:\/\/blog.egophobia.ro\/index.php?rest_route=\/wp\/v2\/users\/2"}],"replies":[{"embeddable":true,"href":"https:\/\/blog.egophobia.ro\/index.php?rest_route=%2Fwp%2Fv2%2Fcomments&post=2279"}],"version-history":[{"count":1,"href":"https:\/\/blog.egophobia.ro\/index.php?rest_route=\/wp\/v2\/posts\/2279\/revisions"}],"predecessor-version":[{"id":2280,"href":"https:\/\/blog.egophobia.ro\/index.php?rest_route=\/wp\/v2\/posts\/2279\/revisions\/2280"}],"wp:attachment":[{"href":"https:\/\/blog.egophobia.ro\/index.php?rest_route=%2Fwp%2Fv2%2Fmedia&parent=2279"}],"wp:term":[{"taxonomy":"category","embeddable":true,"href":"https:\/\/blog.egophobia.ro\/index.php?rest_route=%2Fwp%2Fv2%2Fcategories&post=2279"},{"taxonomy":"post_tag","embeddable":true,"href":"https:\/\/blog.egophobia.ro\/index.php?rest_route=%2Fwp%2Fv2%2Ftags&post=2279"}],"curies":[{"name":"wp","href":"https:\/\/api.w.org\/{rel}","templated":true}]}}