{"id":2305,"date":"2015-02-09T21:37:00","date_gmt":"2015-02-09T19:37:00","guid":{"rendered":"http:\/\/blog.egophobia.ro\/?p=2305"},"modified":"2015-02-09T21:37:00","modified_gmt":"2015-02-09T19:37:00","slug":"before-photographing-bucharest-romania","status":"publish","type":"post","link":"https:\/\/blog.egophobia.ro\/?p=2305","title":{"rendered":"Before photographing Bucharest\u2026 Romania"},"content":{"rendered":"<blockquote><p>Dear friends and contacts in and from Romania,<\/p>\n<p align=justify>\n<p align=justify>I am pleased to tell you that I plan to photograph Bucharest this summer once again, in the frame of the well known European photo series &#8222;Homo Urbanus Europeanus&#8221;. The first time I did it, in 2009, the weather conditions were too bad for making a good job :<\/p>\n<p align=justify><a href=\"http:\/\/homo.urbanus.free.fr\/portfolio\" target=\"_blank\">http:\/\/homo.urbanus.free.fr\/portfolio<\/a><\/p>\n<p align=justify>\n<p align=justify>Together with Bucharest, I plan to photograph 3 other capitals at the same time : Chisinau + Tbilisi + Yerevan.<\/p>\n<p align=justify>\n<p align=justify>Waiting for these next and exciting photo trips, I present right now the exhibition &#8222;Homo Urbanus Europeanus&#8221; in Poland, in Galeria Atlas Sztuki in \u0141\u00f3d\u017a :<!--more--><\/p>\n<p align=justify><a href=\"http:\/\/www.atlassztuki.pl\/76.html\" target=\"_blank\">http:\/\/www.atlassztuki.pl\/76.html<\/a><\/p>\n<p align=justify>\n<p align=justify>You can see via the link below a few photos made at the opening of the exhibition :<\/p>\n<p align=justify><a href=\"http:\/\/wyborcza.pl\/51,75475,17306746.html?i=0\" target=\"_blank\">http:\/\/wyborcza.pl\/51,75475,17306746.html?i=0<\/a><\/p>\n<p align=justify>\n<p align=justify>Then, from the 8th of March, the exhibition will move to Plzen, in the frame of Plzen2015, European Capital of Culture.<\/p>\n<p align=justify>\n<p align=justify>My best greetings to you all.<\/p>\n<p align=justify>\n<p align=justify>Jean-Marc<\/p>\n<p align=justify><\/blockquote>\n","protected":false},"excerpt":{"rendered":"<p>Dear friends and contacts in and from Romania, I am pleased to tell you that I plan to photograph Bucharest this summer once again, in the frame of the well known European photo series &#8222;Homo Urbanus Europeanus&#8221;. The first time I did it, in 2009, the weather conditions were too bad for making a good [&hellip;]<\/p>\n","protected":false},"author":2,"featured_media":0,"comment_status":"open","ping_status":"open","sticky":false,"template":"","format":"standard","meta":{"_jetpack_memberships_contains_paid_content":false,"footnotes":"","jetpack_publicize_message":"","jetpack_publicize_feature_enabled":true,"jetpack_social_post_already_shared":false,"jetpack_social_options":{"image_generator_settings":{"template":"highway","default_image_id":0,"font":"","enabled":false},"version":2}},"categories":[4,22],"tags":[348,154],"class_list":["post-2305","post","type-post","status-publish","format-standard","hentry","category-anunturi-culturale","category-recomandari","tag-homo-urbanus-europeanus","tag-jean-marc-caracci"],"jetpack_publicize_connections":[],"jetpack_featured_media_url":"","jetpack_sharing_enabled":true,"_links":{"self":[{"href":"https:\/\/blog.egophobia.ro\/index.php?rest_route=\/wp\/v2\/posts\/2305","targetHints":{"allow":["GET"]}}],"collection":[{"href":"https:\/\/blog.egophobia.ro\/index.php?rest_route=\/wp\/v2\/posts"}],"about":[{"href":"https:\/\/blog.egophobia.ro\/index.php?rest_route=\/wp\/v2\/types\/post"}],"author":[{"embeddable":true,"href":"https:\/\/blog.egophobia.ro\/index.php?rest_route=\/wp\/v2\/users\/2"}],"replies":[{"embeddable":true,"href":"https:\/\/blog.egophobia.ro\/index.php?rest_route=%2Fwp%2Fv2%2Fcomments&post=2305"}],"version-history":[{"count":3,"href":"https:\/\/blog.egophobia.ro\/index.php?rest_route=\/wp\/v2\/posts\/2305\/revisions"}],"predecessor-version":[{"id":2308,"href":"https:\/\/blog.egophobia.ro\/index.php?rest_route=\/wp\/v2\/posts\/2305\/revisions\/2308"}],"wp:attachment":[{"href":"https:\/\/blog.egophobia.ro\/index.php?rest_route=%2Fwp%2Fv2%2Fmedia&parent=2305"}],"wp:term":[{"taxonomy":"category","embeddable":true,"href":"https:\/\/blog.egophobia.ro\/index.php?rest_route=%2Fwp%2Fv2%2Fcategories&post=2305"},{"taxonomy":"post_tag","embeddable":true,"href":"https:\/\/blog.egophobia.ro\/index.php?rest_route=%2Fwp%2Fv2%2Ftags&post=2305"}],"curies":[{"name":"wp","href":"https:\/\/api.w.org\/{rel}","templated":true}]}}