{"id":2330,"date":"2015-08-17T17:13:36","date_gmt":"2015-08-17T15:13:36","guid":{"rendered":"http:\/\/blog.egophobia.ro\/?p=2330"},"modified":"2015-08-17T17:13:36","modified_gmt":"2015-08-17T15:13:36","slug":"lansarea-proiectului-21-de-nocturne","status":"publish","type":"post","link":"https:\/\/blog.egophobia.ro\/?p=2330","title":{"rendered":"Lansarea proiectului &#8222;21 de Nocturne&#8221;"},"content":{"rendered":"<blockquote><p>ARCEN &#8211; Asocia\u021bia Rom\u00e2n\u0103 pentru Cultur\u0103, Educa\u021bie \u0219i Normalitate lanseaz\u0103 vineri, 21 august 2015, de la orele 21.00, proiectul &#8222;21 de Nocturne&#8221; \u00een cadrul unui eveniment care va avea loc pe terasa blocului Magheru One.<\/p>\n<p>&#8222;21 de Nocturne&#8221; este un proiect care se va desf\u0103\u0219ura \u00een perioada august 2015 &#8211; februarie 2016 \u0219i care cuprinde o serie de 21 de evenimente dedicate poeziei contemporane, filmelor de art\u0103, dezbaterilor filozofice \u0219i muzicii experimentale.<!--more--><\/p>\n<p>Prima serie de nocturne se va desf\u0103\u0219ura \u00een perioada 21 august &#8211; 4 septembrie, \u00een fiecare vineri, \u00eencep\u00e2nd cu orele 21.00, serie dedicat\u0103 poeziei contemporane, muzicii \u0219i vinului, toate deasupra Bucure\u0219tiului, pe terasa blocului Magheru One.<\/p>\n<p>\u00cen cadrul primei nocturne vor fi citite poeziile Adelei Greceanu, Domnic\u0103i Drumea \u0219i ale lui Ioan Es. Pop, \u00een cea de-a doua, poeziile lui Radu Vancu, Claudiu Komartin \u0219i Dan Coman, iar la cel de-al treilea eveniment, poeziile lui Mircea C\u0103rt\u0103rescu, Florin Iaru, Traian T. Co\u0219ovei \u0219i Ion Stratan.<\/p>\n<p>Poezie, muzic\u0103 \u0219i vin sunt elementele care vor caracteriza primele 3 nocturne din cadrul celor 21, muzica fiind asigurat\u0103 de Alexandru Anghel, iar vinul \u0219i \u00eentregul design al spa\u021biului de c\u0103tre M60, partener al proiectului ARCEN.<\/p>\n<p>Proiectul &#8222;21 de Nocturne&#8221; este o premier\u0103 pentru ARCEN, fiind primul proiect care are ca punct de interes \u00een mod exclusiv cultura \u0219i fenomenele artistice contemporane.<\/p>\n<p>Intrarea este liber\u0103, dar accesul se face pe baz\u0103 de rezervare.<br \/>\nPentru rezervare: 0757.723.888 \/ 0726.685.974 \/ contact@arcen.info<br \/>\nRezervarea se va face pentru fiecare eveniment \u00een parte: 21 august, 28 august, 4 septembrie.\n<\/p><\/blockquote>\n","protected":false},"excerpt":{"rendered":"<p>ARCEN &#8211; Asocia\u021bia Rom\u00e2n\u0103 pentru Cultur\u0103, Educa\u021bie \u0219i Normalitate lanseaz\u0103 vineri, 21 august 2015, de la orele 21.00, proiectul &#8222;21 de Nocturne&#8221; \u00een cadrul unui eveniment care va avea loc pe terasa blocului Magheru One. &#8222;21 de Nocturne&#8221; este un proiect care se va desf\u0103\u0219ura \u00een perioada august 2015 &#8211; februarie 2016 \u0219i care cuprinde [&hellip;]<\/p>\n","protected":false},"author":2,"featured_media":0,"comment_status":"open","ping_status":"open","sticky":false,"template":"","format":"standard","meta":{"_jetpack_memberships_contains_paid_content":false,"footnotes":"","jetpack_publicize_message":"","jetpack_publicize_feature_enabled":true,"jetpack_social_post_already_shared":false,"jetpack_social_options":{"image_generator_settings":{"template":"highway","default_image_id":0,"font":"","enabled":false},"version":2}},"categories":[4,22],"tags":[708,710,709],"class_list":["post-2330","post","type-post","status-publish","format-standard","hentry","category-anunturi-culturale","category-recomandari","tag-evenimente-culturale","tag-lecturi","tag-poezii"],"jetpack_publicize_connections":[],"jetpack_featured_media_url":"","jetpack_sharing_enabled":true,"_links":{"self":[{"href":"https:\/\/blog.egophobia.ro\/index.php?rest_route=\/wp\/v2\/posts\/2330","targetHints":{"allow":["GET"]}}],"collection":[{"href":"https:\/\/blog.egophobia.ro\/index.php?rest_route=\/wp\/v2\/posts"}],"about":[{"href":"https:\/\/blog.egophobia.ro\/index.php?rest_route=\/wp\/v2\/types\/post"}],"author":[{"embeddable":true,"href":"https:\/\/blog.egophobia.ro\/index.php?rest_route=\/wp\/v2\/users\/2"}],"replies":[{"embeddable":true,"href":"https:\/\/blog.egophobia.ro\/index.php?rest_route=%2Fwp%2Fv2%2Fcomments&post=2330"}],"version-history":[{"count":1,"href":"https:\/\/blog.egophobia.ro\/index.php?rest_route=\/wp\/v2\/posts\/2330\/revisions"}],"predecessor-version":[{"id":2331,"href":"https:\/\/blog.egophobia.ro\/index.php?rest_route=\/wp\/v2\/posts\/2330\/revisions\/2331"}],"wp:attachment":[{"href":"https:\/\/blog.egophobia.ro\/index.php?rest_route=%2Fwp%2Fv2%2Fmedia&parent=2330"}],"wp:term":[{"taxonomy":"category","embeddable":true,"href":"https:\/\/blog.egophobia.ro\/index.php?rest_route=%2Fwp%2Fv2%2Fcategories&post=2330"},{"taxonomy":"post_tag","embeddable":true,"href":"https:\/\/blog.egophobia.ro\/index.php?rest_route=%2Fwp%2Fv2%2Ftags&post=2330"}],"curies":[{"name":"wp","href":"https:\/\/api.w.org\/{rel}","templated":true}]}}