{"id":2359,"date":"2015-11-04T10:09:08","date_gmt":"2015-11-04T08:09:08","guid":{"rendered":"http:\/\/blog.egophobia.ro\/?p=2359"},"modified":"2015-11-04T10:09:08","modified_gmt":"2015-11-04T08:09:08","slug":"precomenzi-la-pangeea-toamna","status":"publish","type":"post","link":"https:\/\/blog.egophobia.ro\/?p=2359","title":{"rendered":"Precomenzi la \u201dPangeea, toamna\u201d"},"content":{"rendered":"<p>anunt primit de la invitatul nostru din \u00a0 EgoPHobia \u00a0#43<\/p>\n<blockquote>\n<h3 class=\"story-title\"><a class=\"story-link\" href=\"http:\/\/razvancoloja.com\/precomenzi-la-pangeea-toamna\/\" target=\"_blank\">Precomenzi la \u201dPangeea, toamna\u201d<\/a> de\u00a0 <span class=\"story-meta-item\">Razvan T. Coloja<\/span><\/h3>\n<div class=\"story-meta\"><span class=\"story-meta-item\">\u00a0<\/span><\/div>\n<div class=\"detail-body\">\n<p><a href=\"http:\/\/cruxed.ro\/product\/pangeea-toamna\/\" target=\"_blank\"><img loading=\"lazy\" decoding=\"async\" class=\"alignright wp-image-1563\" src=\"http:\/\/razvancoloja.com\/wp-content\/uploads\/2015\/10\/coverpangeea.jpg\" alt=\"coverpangeea\" width=\"193\" height=\"299\" \/><\/a>Despre noul meu roman \u201d<strong><a href=\"http:\/\/razvancoloja.com\/carti\/pangeea-toamna\/\" target=\"_blank\"><em>Pangeea, toamna<\/em><\/a><\/strong>\u201d\u00a0v\u0103 pot spune c\u0103 \u00eel consider ca find, ca scriitur\u0103 \u015fi concept, cel mai ok dintre cele publicate de mine p\u00e2n\u0103 acum. Cu o prefa\u0163\u0103 semnat\u0103 <em>Dan-Liviu Boeriu<\/em>, romanul\u00a0se lanseaz\u0103 zilele astea la editura <em>Crux Publishing<\/em>. Cei de la editur\u0103 m-au anun\u0163at c\u0103 pentru precomand\u0103 ofer\u0103 o reducere de 25%, a\u015fa c\u0103 pre\u0163ul c\u0103r\u0163ii este de 23.00 RON. <a href=\"http:\/\/cruxed.ro\/product\/pangeea-toamna\/\" target=\"_blank\">O pute\u0163i comanda direct de aici, cu transport gratuit<\/a>, urm\u00e2nd ca \u00een zilele urm\u0103toare cartea s\u0103 intre \u00eencet-\u00eencet \u015fi \u00een libr\u0103riile din \u0163ar\u0103.<\/p>\n<p>Este cel de-al doilea roman pe care \u00eel public anul acesta dup\u0103 \u201d<em><a href=\"http:\/\/razvancoloja.com\/carti\/soldati-ai-terebentinei\/\" target=\"_blank\">Solda\u0163i ai terebentinei<\/a><\/em>\u201d, carte care a c\u00e2\u015ftigat un premiu la <em>Concursul Na\u0163ional de Crea\u0163ie Literar\u0103 \u201dVasile Voiculescu\u201d<\/em>, edi\u0163ia 2015. Dac\u0103 v-a pl\u0103cut \u201d<em>Solda\u0163i ai terebetinei<\/em>\u201d ve\u0163i iubi \u201d<em>Pangeea, toamna<\/em>\u201d. Ac\u0163iunea e mai dens\u0103, mai dement\u0103, personajele mai stranii.<\/p>\n<p>Un fragment din \u201d<em>Pangeea, toamna<\/em>\u201d <a href=\"http:\/\/egophobia.ro\/?p=10777\" target=\"_blank\">\u00eel pute\u0163i citi online<\/a> pe site-ul revistei EgoPhobia.<\/p>\n<p>Happy reading.<\/p>\n<\/div>\n<p><!--more--><\/p><\/blockquote>\n","protected":false},"excerpt":{"rendered":"<p>anunt primit de la invitatul nostru din \u00a0 EgoPHobia \u00a0#43 Precomenzi la \u201dPangeea, toamna\u201d de\u00a0 Razvan T. Coloja \u00a0 Despre noul meu roman \u201dPangeea, toamna\u201d\u00a0v\u0103 pot spune c\u0103 \u00eel consider ca find, ca scriitur\u0103 \u015fi concept, cel mai ok dintre cele publicate de mine p\u00e2n\u0103 acum. Cu o prefa\u0163\u0103 semnat\u0103 Dan-Liviu Boeriu, romanul\u00a0se lanseaz\u0103 zilele [&hellip;]<\/p>\n","protected":false},"author":2,"featured_media":0,"comment_status":"open","ping_status":"open","sticky":false,"template":"","format":"standard","meta":{"_jetpack_memberships_contains_paid_content":false,"footnotes":"","jetpack_publicize_message":"","jetpack_publicize_feature_enabled":true,"jetpack_social_post_already_shared":false,"jetpack_social_options":{"image_generator_settings":{"template":"highway","default_image_id":0,"font":"","enabled":false},"version":2}},"categories":[4,22],"tags":[704,729],"class_list":["post-2359","post","type-post","status-publish","format-standard","hentry","category-anunturi-culturale","category-recomandari","tag-crux-publishing","tag-razvan-t-coloja"],"jetpack_publicize_connections":[],"jetpack_featured_media_url":"","jetpack_sharing_enabled":true,"_links":{"self":[{"href":"https:\/\/blog.egophobia.ro\/index.php?rest_route=\/wp\/v2\/posts\/2359","targetHints":{"allow":["GET"]}}],"collection":[{"href":"https:\/\/blog.egophobia.ro\/index.php?rest_route=\/wp\/v2\/posts"}],"about":[{"href":"https:\/\/blog.egophobia.ro\/index.php?rest_route=\/wp\/v2\/types\/post"}],"author":[{"embeddable":true,"href":"https:\/\/blog.egophobia.ro\/index.php?rest_route=\/wp\/v2\/users\/2"}],"replies":[{"embeddable":true,"href":"https:\/\/blog.egophobia.ro\/index.php?rest_route=%2Fwp%2Fv2%2Fcomments&post=2359"}],"version-history":[{"count":1,"href":"https:\/\/blog.egophobia.ro\/index.php?rest_route=\/wp\/v2\/posts\/2359\/revisions"}],"predecessor-version":[{"id":2360,"href":"https:\/\/blog.egophobia.ro\/index.php?rest_route=\/wp\/v2\/posts\/2359\/revisions\/2360"}],"wp:attachment":[{"href":"https:\/\/blog.egophobia.ro\/index.php?rest_route=%2Fwp%2Fv2%2Fmedia&parent=2359"}],"wp:term":[{"taxonomy":"category","embeddable":true,"href":"https:\/\/blog.egophobia.ro\/index.php?rest_route=%2Fwp%2Fv2%2Fcategories&post=2359"},{"taxonomy":"post_tag","embeddable":true,"href":"https:\/\/blog.egophobia.ro\/index.php?rest_route=%2Fwp%2Fv2%2Ftags&post=2359"}],"curies":[{"name":"wp","href":"https:\/\/api.w.org\/{rel}","templated":true}]}}