{"id":2361,"date":"2015-11-05T22:07:39","date_gmt":"2015-11-05T20:07:39","guid":{"rendered":"http:\/\/blog.egophobia.ro\/?p=2361"},"modified":"2015-11-05T22:07:39","modified_gmt":"2015-11-05T20:07:39","slug":"concursul-de-debut-literar-incubatorul-de-condeie-este-in-desfasurare","status":"publish","type":"post","link":"https:\/\/blog.egophobia.ro\/?p=2361","title":{"rendered":"Concursul de debut literar \u201eIncubatorul de condeie\u201d este \u00een desf\u0103\u0219urare"},"content":{"rendered":"<blockquote><p><strong>AdLittera<\/strong> a dat startul unei noi edi\u021bii a concursului \u201eIncubatorul de condeie\u201d IDC pe 19 Oct. a.c.<\/p>\n<p>\u00cen aceast\u0103 perioad\u0103, p\u00een\u0103 pe 22 Nov. se fac \u00eenscrieri pentru ambele sec\u021biuni (poezie \u0219i proz\u0103 scurt\u0103) \u0219i se desf\u0103\u0219oar\u0103 Atelierele IDC.<\/p>\n<p><!--more--><\/p>\n<p><strong>\u00censcrierile<\/strong> au loc \u00een intervalul <strong>19 Oct. \u2013 22 Nov. 2015<\/strong> pe site, conform <a href=\"http:\/\/idc.adlittera.com\/regulament\/\">Regulamentului<\/a>.<\/p>\n<p><strong>Jurizarea<\/strong> va avea loc p\u00een\u0103 \u00een data de 29 Nov. 2015.<\/p>\n<p><strong>Vor fi premiate<\/strong> \u00een data de 12 decembrie a.c., cele mai creative, originale \u015fi inovative texte.<\/p>\n<p><strong><a href=\"http:\/\/idc.adlittera.com\/juriu\/\">Juriul<\/a><\/strong> este compus din scriitori cu experien\u021b\u0103, dar \u015fi din \u201econdeiele\u201d remarcate \u0219i premiate la edi\u0163iile anterioare ale concursului.<\/p>\n<p><img decoding=\"async\" class=\"aligncenter\" src=\"http:\/\/i158.photobucket.com\/albums\/t103\/egophobia\/blog\/affiche_idc2015_zpsn5wv8ux1.jpg\" alt=\"\" \/><\/p>\n<p>Crea\u0163iile premiate vor fi publicate \u00een <strong>Antologia IDC<\/strong> (volum colectiv) \u00een edi\u021bie hard-copy \u0219i \u00een format digital.<\/p>\n<p>&nbsp;<\/p>\n<p>Ca \u00een fiecare edi\u021bie, \u0219i anul acesta, \u00een perioada de \u00eenscriere \u00een concurs, amatorii de literatur\u0103 pot participa gratuit \u00een fiecare s\u00e2mb\u0103t\u0103, o serie de <strong><a href=\"http:\/\/idc.adlittera.com\/atelier\/\">ateliere de crea\u0163ie<\/a><\/strong>, coordoonate de scriitorul, eseistul \u0219i criticul literar <strong>Felix Nicolau<\/strong>.<\/p>\n<p>&nbsp;<\/p>\n<p><strong><em>Atelierele IDC<\/em><\/strong><strong> din aceast\u0103 edi\u021bie se desf\u0103\u0219oar\u0103 duminica, de la ora 14:00 \u00een <\/strong><strong>Caff\u00e9 D&#8217;arth\u00e9 (Str. Popa Nan 7, Bucure\u0219ti). <\/strong><em>Accesul este liber \u00een limita locurilor disponibile.<\/em> Rezerv\u0103rile se fac pe site concurului <em>idc.aclittera.com\/atelier\/<\/em>.<\/p>\n<p><strong>\u00a0<\/strong><\/p>\n<p><strong><em>AdLittera<\/em><\/strong><em> este un proiect amplu, \u00eendeplinind totodat\u0103 \u0219i func\u021biile unei agen\u021bii culturale, toate programele sale av\u00e2nd componente de educare prin cultur\u0103 \u0219i art\u0103. Din 2010, AdLittera dezvolt\u0103 5 divizii CSR: marketing research, branding cultural,<\/em> <em>regie de publicitate,<\/em> <em>evenimente\/BTL,<\/em> <em>media cultural\u0103. <\/em><em>Conceptul, planificarea ac\u021biunilor \u0219i comunicarea public\u0103 sunt gestionate de c\u0103tre <a href=\"http:\/\/d-avid.ro\/\">d\u2019Avid Boutique<\/a>, atelier de branding si comunicare vizual\u0103. AdLittera este divizia CSR a buticului de crea\u021bie, ni\u0219at\u0103 \u00een palierul cultural. <\/em><\/p>\n<p>&nbsp;<\/p>\n<p><strong>Mai multe informa\u021bii despre Concurs \u0219i Atelierele IDC se g\u0103sesc pe website-ul dedicat Concursului IDC, la adresa <a href=\"http:\/\/idc.adlittera.com\/\">http:\/\/idc.adlittera.com<\/a><\/strong> .<\/p>\n<p>&nbsp;<\/p>\n<p>&nbsp;<\/p>\n<p><strong>Proiect cultural sus\u021binut \u00een 2015 de LOWLAND International. <\/strong><\/p>\n<p>Parteneri media care sprijin\u0103 demersul de c\u0103utare \u0219i promovare a talentelor literare:<\/p>\n<p>Radio SPTFM, RR Cultural, SemneBune, Zeppelin, Serial Readers, Filme-C\u0103r\u021bi, Observator cultural, Rom\u00e2nia pozitiv\u0103, Revista de povestiri, Cea\u0219ca de cultur\u0103, Agen\u021bia de carte, Cooltura Mall, Egophobia, Bookblog, P\u0103l\u0103risme, tiuk, Bookaholic, Bookuria, BookMag, Literatura pe tocuri, Laura C\u00e2l\u021bea blog, FDL, Book Hub.<\/p>\n<p>Atelierele IDC se vor \u021bine \u00een spa\u021biul boem de la <em>Caff\u00e9 D&#8217;arth\u00e9 (Str. Popa Nan 7, Bucure\u0219ti)<\/em>.<\/p>\n<p>&#8211; &#8211; &#8211; &#8211;<\/p>\n<p><em>Etichete recomandate: concurs literar, debut literar, Incubatorul de condeie, Felix Nicolau, atelier crea\u021bie, creative writing, regulament concurs, idc, antologie, colectiv, scriitor, poezie, proz\u0103 scurt\u0103, gala IDC, eveniment cultural, AdLittera\u00a0 <\/em><\/p><\/blockquote>\n","protected":false},"excerpt":{"rendered":"<p>AdLittera a dat startul unei noi edi\u021bii a concursului \u201eIncubatorul de condeie\u201d IDC pe 19 Oct. a.c. \u00cen aceast\u0103 perioad\u0103, p\u00een\u0103 pe 22 Nov. se fac \u00eenscrieri pentru ambele sec\u021biuni (poezie \u0219i proz\u0103 scurt\u0103) \u0219i se desf\u0103\u0219oar\u0103 Atelierele IDC.<\/p>\n","protected":false},"author":2,"featured_media":0,"comment_status":"open","ping_status":"open","sticky":false,"template":"","format":"standard","meta":{"_jetpack_memberships_contains_paid_content":false,"footnotes":"","jetpack_publicize_message":"","jetpack_publicize_feature_enabled":true,"jetpack_social_post_already_shared":false,"jetpack_social_options":{"image_generator_settings":{"template":"highway","default_image_id":0,"font":"","enabled":false},"version":2}},"categories":[4,22],"tags":[733,302,622],"class_list":["post-2361","post","type-post","status-publish","format-standard","hentry","category-anunturi-culturale","category-recomandari","tag-adlittera","tag-concurs-literar","tag-incubatorul-de-condeie"],"jetpack_publicize_connections":[],"jetpack_featured_media_url":"","jetpack_sharing_enabled":true,"_links":{"self":[{"href":"https:\/\/blog.egophobia.ro\/index.php?rest_route=\/wp\/v2\/posts\/2361","targetHints":{"allow":["GET"]}}],"collection":[{"href":"https:\/\/blog.egophobia.ro\/index.php?rest_route=\/wp\/v2\/posts"}],"about":[{"href":"https:\/\/blog.egophobia.ro\/index.php?rest_route=\/wp\/v2\/types\/post"}],"author":[{"embeddable":true,"href":"https:\/\/blog.egophobia.ro\/index.php?rest_route=\/wp\/v2\/users\/2"}],"replies":[{"embeddable":true,"href":"https:\/\/blog.egophobia.ro\/index.php?rest_route=%2Fwp%2Fv2%2Fcomments&post=2361"}],"version-history":[{"count":1,"href":"https:\/\/blog.egophobia.ro\/index.php?rest_route=\/wp\/v2\/posts\/2361\/revisions"}],"predecessor-version":[{"id":2362,"href":"https:\/\/blog.egophobia.ro\/index.php?rest_route=\/wp\/v2\/posts\/2361\/revisions\/2362"}],"wp:attachment":[{"href":"https:\/\/blog.egophobia.ro\/index.php?rest_route=%2Fwp%2Fv2%2Fmedia&parent=2361"}],"wp:term":[{"taxonomy":"category","embeddable":true,"href":"https:\/\/blog.egophobia.ro\/index.php?rest_route=%2Fwp%2Fv2%2Fcategories&post=2361"},{"taxonomy":"post_tag","embeddable":true,"href":"https:\/\/blog.egophobia.ro\/index.php?rest_route=%2Fwp%2Fv2%2Ftags&post=2361"}],"curies":[{"name":"wp","href":"https:\/\/api.w.org\/{rel}","templated":true}]}}