{"id":2405,"date":"2017-04-04T09:12:11","date_gmt":"2017-04-04T07:12:11","guid":{"rendered":"http:\/\/blog.egophobia.ro\/?p=2405"},"modified":"2017-04-04T09:12:11","modified_gmt":"2017-04-04T07:12:11","slug":"comunicat-de-presa-din-partea-parcului-natural-vacaresti","status":"publish","type":"post","link":"https:\/\/blog.egophobia.ro\/?p=2405","title":{"rendered":"Comunicat de Pres\u0103 din partea Parcului Natural V\u0103c\u0103re\u0219ti"},"content":{"rendered":"<blockquote><p>Alte\u021ba<br \/>\nSa<br \/>\nRegal\u0103,<br \/>\nCharles,<br \/>\nPrin\u021b<br \/>\nde<br \/>\nWales,<br \/>\na<br \/>\nvizitat<br \/>\nParcul<br \/>\nNatural<br \/>\nV\u0103c\u0103re\u0219ti<br \/>\nJoi,<br \/>\n30<br \/>\nmartie,<br \/>\n2017,<br \/>\nAlte\u021ba<br \/>\nSa<br \/>\nRegal\u0103,<br \/>\nCharles,<br \/>\nPrin\u021b<br \/>\nde<br \/>\nWales,<br \/>\na<br \/>\nvizitat<br \/>\nzona<br \/>\numed\u0103<br \/>\ndin<br \/>\nBucure\u0219ti<br \/>\nbeneficiind<br \/>\nde<br \/>\nghidajul<br \/>\nmembrilor<br \/>\nAsocia\u021biei<br \/>\nParcul<br \/>\nNatural<br \/>\nV\u0103c\u0103re\u0219ti<br \/>\n(APNV).<br \/>\nDe-\u00ad\u2010a<br \/>\nlungul<br \/>\nvizitei,<br \/>\noaspetele<br \/>\na<br \/>\n\u00eent\u00e2lnit<br \/>\nvoluntarii<br \/>\nasocia\u021biei<br \/>\n\u0219i<br \/>\ngrupuri<br \/>\nde<br \/>\nelevi<br \/>\n\u0219i<br \/>\nstuden\u021bi<br \/>\nprezen\u021bi<br \/>\n\u00een<br \/>\nparc<br \/>\npentru<br \/>\norele<br \/>\nde<br \/>\neduca\u021bie<br \/>\necologic\u0103.<br \/>\nLa<br \/>\nfinalul<br \/>\nvizitei,<br \/>\nPrin\u021bul<br \/>\na<br \/>\nplantat<br \/>\nun<br \/>\nplop<br \/>\nalb<br \/>\n\u00een<br \/>\nsaluturile<br \/>\ncerceta\u0219ilor<br \/>\ntradi\u021bionali<br \/>\nprezen\u021bi<br \/>\nla<br \/>\nac\u021biune.<br \/>\nVizita<br \/>\na<br \/>\n\u00eenceput<br \/>\nprintr-\u00ad\u2010un<br \/>\nmoment<br \/>\ndesf\u0103\u0219urat<br \/>\nla<br \/>\nObservatorul<br \/>\nParcului<br \/>\nNatural<br \/>\nV\u0103c\u0103re\u0219ti<br \/>\nunde<br \/>\nCristian<br \/>\nLascu,<br \/>\npre\u0219edintele<br \/>\nonorific<br \/>\nal<br \/>\nAPNV,<br \/>\na<br \/>\nprezentat<br \/>\no<br \/>\nscurt\u0103<br \/>\nistorie<br \/>\na<br \/>\nzonei<br \/>\nV\u0103c\u0103re\u0219ti.<br \/>\n&#8222;Acest<br \/>\nproiect<br \/>\nare<br \/>\nnu-\u00ad\u2010numai<br \/>\nun<br \/>\nviitor<br \/>\ninteresant<br \/>\n-\u00ad\u2010<br \/>\nscoal\u0103<br \/>\nde<br \/>\necologie,<br \/>\nlaborator<br \/>\nviu<br \/>\n\u0219i<br \/>\nzon\u0103<br \/>\nde<br \/>\nrecreere<br \/>\ns\u0103n\u0103toas\u0103,<br \/>\nci<br \/>\n\u0219i<br \/>\nun<br \/>\ntrecut<br \/>\ndeosebit,<br \/>\ndramatic<br \/>\nchiar.<br \/>\nUn<br \/>\nfost<br \/>\ncartier<br \/>\nsituat<br \/>\nla<br \/>\nmarginea<br \/>\norasului,<br \/>\ntihnit<br \/>\nsi<br \/>\nverde,<br \/>\na<br \/>\nfost<br \/>\ndemolat<br \/>\nbrutal<br \/>\nde<br \/>\ncomunisti<br \/>\npentru<br \/>\na<br \/>\nface<br \/>\nloc<br \/>\nunui<br \/>\nproiect<br \/>\nmegalomanic,<br \/>\nceausit.<br \/>\nDepresiunea<br \/>\nconstruit\u0103<br \/>\na<br \/>\nramas<br \/>\ngoal\u0103,<br \/>\nnatura<br \/>\nrecucerind<br \/>\ncu<br \/>\ntotul<br \/>\nzona<br \/>\n\u0219i<br \/>\nnasc\u00e2nd<br \/>\ncel<br \/>\nmai<br \/>\nnou<br \/>\n\u0219i<br \/>\ninedit<br \/>\nparc<br \/>\nbucure\u0219tean.&#8221;<br \/>\nSplaiul Unirii, nr. 168, bl T4, Etaj 17, ap. 1701, Sector 4, Bucure\u0219ti<br \/>\nwww. parcnaturalvacaresti.ro contact@parcnaturalvacaresti.ro<br \/>\n2<br \/>\nDelegatia<br \/>\na<br \/>\nintrat<br \/>\n\u00een<br \/>\nparc,<br \/>\n\u00eent\u00e2lnind<br \/>\nun<br \/>\ngrup<br \/>\nde<br \/>\nelevi<br \/>\n\u00eenso\u021bi\u021bi<br \/>\nde<br \/>\ncadrele<br \/>\ndisdactice<br \/>\n\u0219i<br \/>\na<br \/>\nasistat<br \/>\nla<br \/>\no<br \/>\nscurt\u0103<br \/>\nlec\u021bie<br \/>\nde<br \/>\nherpetologie<br \/>\ncondus\u0103<br \/>\nde<br \/>\nVlad<br \/>\nCioflec,<br \/>\nspecialist<br \/>\nherpetolog<br \/>\n\u00een<br \/>\ncadrul<br \/>\nAPNV.<br \/>\nVizita<br \/>\na<br \/>\ncontinuat<br \/>\nprintr-\u00ad\u2010un<br \/>\nscurt<br \/>\npopas<br \/>\n\u00een<br \/>\nzona<br \/>\nde<br \/>\nb\u0103l\u021bi<br \/>\npentru<br \/>\no<br \/>\nsesiune<br \/>\nde<br \/>\nbird-\u00ad\u2010watching<br \/>\nsi<br \/>\nmomentul<br \/>\nculminant<br \/>\n\u00een<br \/>\ncare<br \/>\nmembrii<br \/>\nasocia\u021biei<br \/>\nParcul<br \/>\nNatural<br \/>\nV\u0103c\u0103re\u0219ti<br \/>\ni-\u00ad\u2010au<br \/>\nprezentat<br \/>\n\u00eenaltului<br \/>\noaspete<br \/>\nviziunea<br \/>\nlor<br \/>\ndespre<br \/>\nviitorul<br \/>\nzonei.<br \/>\nHelmut<br \/>\nIgnat,<br \/>\nmembru<br \/>\nfondator:<br \/>\n&#8222;Elaborarea<br \/>\nPlanului<br \/>\nde<br \/>\nManagement<br \/>\nva<br \/>\navea<br \/>\nca<br \/>\nobiectiv<br \/>\nprincipal<br \/>\nstabilirea<br \/>\nunui<br \/>\nraport<br \/>\noptim<br \/>\n\u00eentre<br \/>\nconservarea<br \/>\nnaturii<br \/>\n\u0219i<br \/>\nprezen\u021ba<br \/>\numan\u0103.<br \/>\nAstfe,<br \/>\ndup\u0103<br \/>\nimplementarea<br \/>\nplanului,<br \/>\nParcul<br \/>\nNatural<br \/>\nV\u0103c\u0103re\u0219ti<br \/>\nva<br \/>\ndeveni<br \/>\nun<br \/>\ncentru<br \/>\nde<br \/>\nexcelen\u021b\u0103<br \/>\n\u00een<br \/>\nprotec\u021bia<br \/>\n\u0219i<br \/>\nobservarea<br \/>\nnaturii,<br \/>\n\u00een<br \/>\neduca\u021bie<br \/>\necologic\u0103<br \/>\n\u0219i<br \/>\nrecreere<br \/>\ns\u0103\u0103toas\u0103.<br \/>\n&#8221;<br \/>\nLa<br \/>\nfinalul<br \/>\nvizitei,<br \/>\nmembrii<br \/>\nAPNV<br \/>\ni-\u00ad\u2010au<br \/>\n\u00eenm\u00e2nat<br \/>\nun<br \/>\nalbum<br \/>\nimprimat<br \/>\npe<br \/>\nh\u00e2rtie<br \/>\nartizanal\u0103<br \/>\n\u0219i<br \/>\no<br \/>\nfotografie<br \/>\nreprezent\u00e2nd<br \/>\nun<br \/>\nsimbol<br \/>\nal<br \/>\nparcului,<br \/>\no<br \/>\nchirighi\u021b\u0103<br \/>\ncu<br \/>\nobraz<br \/>\nalb<br \/>\n(Chlidonias<br \/>\nhybridus)<br \/>\ncare<br \/>\n\u00ee\u0219i<br \/>\nprotejaz\u0103<br \/>\npuii.<br \/>\nMembrii<br \/>\nasocia\u021biei<br \/>\nau<br \/>\ninvitat<br \/>\ninaltul<br \/>\noaspete<br \/>\ns\u0103<br \/>\nse<br \/>\n\u00eentoarc\u0103<br \/>\nla<br \/>\nV\u0103c\u0103re\u0219ti<br \/>\npentru<br \/>\na<br \/>\nurm\u0103ri<br \/>\n\u00eempreun\u0103<br \/>\nprogresul<br \/>\nproiectului.<br \/>\nPentru<br \/>\ninformatii<br \/>\nsuplimentare:<br \/>\nDan<br \/>\nB\u0103rbulescu,<br \/>\n+0729199396,<br \/>\ncontact@parcnaturalvacaresti.ro<br \/>\nAdresa:<br \/>\nSplaiul<br \/>\nUnirii<br \/>\n168,<br \/>\nBloc<br \/>\nT4,<br \/>\nEtaj<br \/>\n16,<br \/>\nAp<br \/>\n1601,<br \/>\nSector<br \/>\n4,<br \/>\nBucuresti<br \/>\nDspre<br \/>\nAPNV:<br \/>\nAsocia\u021bia<br \/>\nParcul<br \/>\nNatural<br \/>\nV\u0103c\u0103re\u0219ti<br \/>\na<br \/>\nluat<br \/>\nfiin\u021b\u0103<br \/>\nin<br \/>\nanul<br \/>\n2014<br \/>\ncu<br \/>\nscopul<br \/>\n\u00eenfiin\u021b\u0103rii<br \/>\n\u0219i<br \/>\nadministr\u0103rii<br \/>\nParcului<br \/>\nNatural<br \/>\nV\u0103c\u0103re\u0219ti.<br \/>\n\u00cen<br \/>\nanul<br \/>\n2017,<br \/>\nAPNV<br \/>\na<br \/>\nfost<br \/>\ndesemnat<br \/>\nadministratorul<br \/>\nariei<br \/>\nnaturale<br \/>\nprotejate<br \/>\ncu<br \/>\nacelasi<br \/>\nnume.<br \/>\nAPNV<br \/>\na<br \/>\n\u00eencheiat<br \/>\nun<br \/>\nacord<br \/>\nde<br \/>\nparteneriat<br \/>\ncu<br \/>\nPrimaria<br \/>\nGeneral\u0103<br \/>\na<br \/>\nCapitalei<br \/>\n\u00een<br \/>\nvederea<br \/>\nadministr\u0103rii<br \/>\nariei.<br \/>\nAl\u0103turi<br \/>\nde<br \/>\nPMB,<br \/>\nasocia\u021bia<br \/>\nlucreaza<br \/>\ncu<br \/>\nAdministra\u021bia<br \/>\nNa\u021bional\u0103<br \/>\n&#8222;Apele<br \/>\nRom\u00e2ne&#8221;<br \/>\n\u0219i<br \/>\npeste<br \/>\n11<br \/>\nentit\u0103\u021bi<br \/>\ndin<br \/>\ndomeniul<br \/>\ncercet\u0103rii<br \/>\n\u0219i<br \/>\nal<br \/>\n\u00eenv\u0103\u021b\u0103m\u00e2ntului.<br \/>\nSplaiul Unirii, nr. 168, bl T4, Etaj 17, ap. 1701, Sector 4, Bucure\u0219ti<br \/>\nwww. parcnaturalvacaresti.ro contact@parcnaturalvacaresti.ro<br \/>\n3<br \/>\nDespre<br \/>\nPNV:<br \/>\nParcul<br \/>\nNatural<br \/>\nVacaresti<br \/>\neste<br \/>\no<br \/>\nzon\u0103<br \/>\numed\u0103<br \/>\nsituat\u0103<br \/>\n\u00een<br \/>\nzona<br \/>\nde<br \/>\nsud-\u00ad\u2010est<br \/>\na<br \/>\nCapitalei,<br \/>\ndesemnat\u0103<br \/>\narie<br \/>\nnatural\u0103<br \/>\nprotejat\u0103<br \/>\n-\u00ad\u2010<br \/>\ncategoria<br \/>\nV<br \/>\nIUCN<br \/>\n-\u00ad\u2010<br \/>\nparc<br \/>\nnatural,<br \/>\nprin<br \/>\nHotarare<br \/>\nde<br \/>\nGuvern,<br \/>\nla<br \/>\ndata<br \/>\nde<br \/>\n11<br \/>\nmai<br \/>\n2016.<br \/>\nZona<br \/>\nbeneficiaz\u0103<br \/>\nde<br \/>\no<br \/>\nbiodiversitate<br \/>\ndeosebit<br \/>\nde<br \/>\nbogat\u0103<br \/>\nad\u0103postind<br \/>\nspecii<br \/>\ninedite<br \/>\nde<br \/>\nflor\u0103<br \/>\n\u0219i<br \/>\nfaun\u0103.<br \/>\nParcul<br \/>\nare<br \/>\no<br \/>\ndeosebit\u0103<br \/>\nvaloare<br \/>\npentru<br \/>\npatrimoniul<br \/>\nnatural<br \/>\nca<br \/>\nspa\u021biu<br \/>\ndestinat<br \/>\neduca\u021biei<br \/>\n\u0219i<br \/>\ninform\u0103rii.<br \/>\nAsocia\u021bia<br \/>\nParcul<br \/>\nNatural<br \/>\nV\u0103c\u0103re\u0219ti<br \/>\ndore\u0219te<br \/>\ns\u0103<br \/>\nmul\u021bumeasc\u0103<br \/>\nsponsorilor<br \/>\n\u0219i<br \/>\npartenerilor<br \/>\npentru<br \/>\ndecizia<br \/>\nde<br \/>\na<br \/>\nsprijini<br \/>\nacest<br \/>\nproiect<br \/>\nunic<br \/>\n\u00een<br \/>\nBucure\u0219ti<br \/>\n\u0219i<br \/>\n\u00een<br \/>\nRom\u00e2nia!<\/p><\/blockquote>\n<p><!--more--><\/p>\n","protected":false},"excerpt":{"rendered":"<p>Alte\u021ba Sa Regal\u0103, Charles, Prin\u021b de Wales, a vizitat Parcul Natural V\u0103c\u0103re\u0219ti Joi, 30 martie, 2017, Alte\u021ba Sa Regal\u0103, Charles, Prin\u021b de Wales, a vizitat zona umed\u0103 din Bucure\u0219ti beneficiind de ghidajul membrilor Asocia\u021biei Parcul Natural V\u0103c\u0103re\u0219ti (APNV). De-\u00ad\u2010a lungul vizitei, oaspetele a \u00eent\u00e2lnit voluntarii asocia\u021biei \u0219i grupuri de elevi \u0219i studen\u021bi prezen\u021bi \u00een parc [&hellip;]<\/p>\n","protected":false},"author":2,"featured_media":0,"comment_status":"open","ping_status":"open","sticky":false,"template":"","format":"standard","meta":{"_jetpack_memberships_contains_paid_content":false,"footnotes":"","jetpack_publicize_message":"","jetpack_publicize_feature_enabled":true,"jetpack_social_post_already_shared":true,"jetpack_social_options":{"image_generator_settings":{"template":"highway","default_image_id":0,"font":"","enabled":false},"version":2}},"categories":[4],"tags":[42,739],"class_list":["post-2405","post","type-post","status-publish","format-standard","hentry","category-anunturi-culturale","tag-anunt","tag-parcul-natural-vacaresti"],"jetpack_publicize_connections":[],"jetpack_featured_media_url":"","jetpack_sharing_enabled":true,"_links":{"self":[{"href":"https:\/\/blog.egophobia.ro\/index.php?rest_route=\/wp\/v2\/posts\/2405","targetHints":{"allow":["GET"]}}],"collection":[{"href":"https:\/\/blog.egophobia.ro\/index.php?rest_route=\/wp\/v2\/posts"}],"about":[{"href":"https:\/\/blog.egophobia.ro\/index.php?rest_route=\/wp\/v2\/types\/post"}],"author":[{"embeddable":true,"href":"https:\/\/blog.egophobia.ro\/index.php?rest_route=\/wp\/v2\/users\/2"}],"replies":[{"embeddable":true,"href":"https:\/\/blog.egophobia.ro\/index.php?rest_route=%2Fwp%2Fv2%2Fcomments&post=2405"}],"version-history":[{"count":1,"href":"https:\/\/blog.egophobia.ro\/index.php?rest_route=\/wp\/v2\/posts\/2405\/revisions"}],"predecessor-version":[{"id":2406,"href":"https:\/\/blog.egophobia.ro\/index.php?rest_route=\/wp\/v2\/posts\/2405\/revisions\/2406"}],"wp:attachment":[{"href":"https:\/\/blog.egophobia.ro\/index.php?rest_route=%2Fwp%2Fv2%2Fmedia&parent=2405"}],"wp:term":[{"taxonomy":"category","embeddable":true,"href":"https:\/\/blog.egophobia.ro\/index.php?rest_route=%2Fwp%2Fv2%2Fcategories&post=2405"},{"taxonomy":"post_tag","embeddable":true,"href":"https:\/\/blog.egophobia.ro\/index.php?rest_route=%2Fwp%2Fv2%2Ftags&post=2405"}],"curies":[{"name":"wp","href":"https:\/\/api.w.org\/{rel}","templated":true}]}}