{"id":2429,"date":"2018-09-11T22:27:32","date_gmt":"2018-09-11T20:27:32","guid":{"rendered":"http:\/\/blog.egophobia.ro\/?p=2429"},"modified":"2018-09-11T22:27:32","modified_gmt":"2018-09-11T20:27:32","slug":"lansare-de-carte","status":"publish","type":"post","link":"https:\/\/blog.egophobia.ro\/?p=2429","title":{"rendered":"Lansare de carte"},"content":{"rendered":"<blockquote>\n<p style=\"text-align: justify;\">\n<p style=\"text-align: justify;\">\n<p style=\"text-align: justify;\"><strong><u>Comunicat de Pres\u0103 \u2013 LANSARE DE CARTE<\/u><\/strong><\/p>\n<p style=\"text-align: justify;\"><strong><u>\u00a0 <\/u><\/strong><\/p>\n<p style=\"text-align: justify;\"><strong><u>\u00a0<\/u><\/strong><\/p>\n<p style=\"text-align: justify;\"><strong>\u00a0<\/strong><\/p>\n<p style=\"text-align: justify;\"><strong>Sub semnul Centenar Rom\u00e2nia 1918 \u2013 2018,<\/strong><\/p>\n<p style=\"text-align: justify;\"><strong>Maria Ciumberic\u0103 <\/strong>(S.R.R.) \u0219i<strong> Richard \u0218tefan <\/strong>(operator film-foto U.N.A.T.C.), organizatori, v\u0103 invit\u0103 s\u0103 lua\u021bi parte<\/p>\n<p style=\"text-align: justify;\"><strong><u>\u00a0<\/u><\/strong><\/p>\n<p style=\"text-align: justify;\"><strong>Vineri, 21 septembrie 2018, orele 18.30,<\/strong> <strong>Centrul Vechi al Capitalei, Strada Lipscani, Nr. 78, Bucure\u0219ti la<\/strong> <strong><u>\u201cRestaurant, Pub &amp; Bistro, Rooftop The Ace\u201d<\/u> , <\/strong>\u00a0sunte\u021bi invita\u021bi la lansarea volumului de versuri <strong><u>\u201dPoeme de dragoste \u0219i dor\u201d<\/u><\/strong> \u2013 <strong>Editura \u201eSamuel\u201d \u2013 Media\u0219, 2018,<\/strong> al autoarei <strong><u>Miriam Miriam<\/u><\/strong> (Miriam Nadia D\u0103b\u0103u)<\/p>\n<p style=\"text-align: justify;\">Psiholog de profesie, autoarea este originar\u0103 din Media\u0219-Sibiu \u0219i de 11 ani este stabilit\u0103 \u00een Paris-Fran\u021ba.<\/p>\n<p style=\"text-align: justify;\">\n<p style=\"text-align: justify;\">La eveniment vor participa:<\/p>\n<p style=\"text-align: justify;\"><strong><u>&#8211; Doamna Paula Romanescu \u2013 <\/u><\/strong>Poet, scriitor, traduc\u0103tor, critic literar, om de radio, membr\u0103 a Uniunii Scriitorilor din Rom\u00e2nia;<\/p>\n<p style=\"text-align: justify;\"><strong>&#8211; <u>Domnul George Vlaicu \u2013 <\/u><\/strong>scriitor, critic literar, membru al Uniunii Scriitorilor din Rom\u00e2nia;<\/p>\n<p style=\"text-align: justify;\"><strong>&#8211; <\/strong>Va recita din volum:<\/p>\n<p style=\"text-align: justify;\"><strong>Doamna Doina Ghi\u021bescu \u2013 <\/strong>actri\u021b\u0103 a Ansamblului \u201dCioc\u00e2rlia\u201d al Ministerului Afacerilor de Interne ;<\/p>\n<p style=\"text-align: justify;\">\n<p style=\"text-align: justify;\">Va urma un spectacol de muzic\u0103 u\u0219oar\u0103 \u0219i popular\u0103, sus\u021binut de arti\u0219tii:<\/p>\n<p style=\"text-align: justify;\">\n<ul style=\"text-align: justify;\">\n<li><strong>Gheorghe Luca \u0219i Maria Sp\u00eenu<\/strong> \u2013 muzic\u0103 popular\u0103 olteneasc\u0103;<\/li>\n<li><strong>Alexandra Irofte<\/strong> \u2013 muzic\u0103 u\u0219oar\u0103 (debut);<\/li>\n<li><strong>Gabriel Gorjanu-G\u00eelea<\/strong> \u2013 interpret de folclor;<\/li>\n<li><strong>Dumitru F\u0103uric\u0103<\/strong> \u2013 muzic\u0103 folk.<\/li>\n<\/ul>\n<p style=\"text-align: justify;\">\n<p style=\"text-align: justify;\"><strong>V\u0103 a\u0219tept\u0103m cu drag!<\/strong><\/p>\n<p style=\"text-align: justify;\">\n<p style=\"text-align: justify;\">\n<p style=\"text-align: justify;\">\n<p style=\"text-align: justify;\">\n<p style=\"text-align: justify;\">\n<p style=\"text-align: justify;\"><strong><u>\u00a0<\/u><\/strong><\/p>\n<p style=\"text-align: justify;\"><strong><u>\u00a0<\/u><\/strong><\/p>\n<p style=\"text-align: justify;\"><strong><u>\u00a0<\/u><\/strong><\/p>\n<p style=\"text-align: justify;\"><strong><u>\u00a0<\/u><\/strong><\/p>\n<p style=\"text-align: justify;\">\n<\/blockquote>\n<p><!--more--><\/p>\n<p><!--more--><\/p>\n","protected":false},"excerpt":{"rendered":"<p>Comunicat de Pres\u0103 \u2013 LANSARE DE CARTE \u00a0 \u00a0 \u00a0 Sub semnul Centenar Rom\u00e2nia 1918 \u2013 2018, Maria Ciumberic\u0103 (S.R.R.) \u0219i Richard \u0218tefan (operator film-foto U.N.A.T.C.), organizatori, v\u0103 invit\u0103 s\u0103 lua\u021bi parte \u00a0 Vineri, 21 septembrie 2018, orele 18.30, Centrul Vechi al Capitalei, Strada Lipscani, Nr. 78, Bucure\u0219ti la \u201cRestaurant, Pub &amp; Bistro, Rooftop The [&hellip;]<\/p>\n","protected":false},"author":2,"featured_media":0,"comment_status":"open","ping_status":"open","sticky":false,"template":"","format":"standard","meta":{"_jetpack_memberships_contains_paid_content":false,"footnotes":"","jetpack_publicize_message":"","jetpack_publicize_feature_enabled":true,"jetpack_social_post_already_shared":true,"jetpack_social_options":{"image_generator_settings":{"template":"highway","default_image_id":0,"font":"","enabled":false},"version":2}},"categories":[4],"tags":[42],"class_list":["post-2429","post","type-post","status-publish","format-standard","hentry","category-anunturi-culturale","tag-anunt"],"jetpack_publicize_connections":[],"jetpack_featured_media_url":"","jetpack_sharing_enabled":true,"_links":{"self":[{"href":"https:\/\/blog.egophobia.ro\/index.php?rest_route=\/wp\/v2\/posts\/2429","targetHints":{"allow":["GET"]}}],"collection":[{"href":"https:\/\/blog.egophobia.ro\/index.php?rest_route=\/wp\/v2\/posts"}],"about":[{"href":"https:\/\/blog.egophobia.ro\/index.php?rest_route=\/wp\/v2\/types\/post"}],"author":[{"embeddable":true,"href":"https:\/\/blog.egophobia.ro\/index.php?rest_route=\/wp\/v2\/users\/2"}],"replies":[{"embeddable":true,"href":"https:\/\/blog.egophobia.ro\/index.php?rest_route=%2Fwp%2Fv2%2Fcomments&post=2429"}],"version-history":[{"count":1,"href":"https:\/\/blog.egophobia.ro\/index.php?rest_route=\/wp\/v2\/posts\/2429\/revisions"}],"predecessor-version":[{"id":2430,"href":"https:\/\/blog.egophobia.ro\/index.php?rest_route=\/wp\/v2\/posts\/2429\/revisions\/2430"}],"wp:attachment":[{"href":"https:\/\/blog.egophobia.ro\/index.php?rest_route=%2Fwp%2Fv2%2Fmedia&parent=2429"}],"wp:term":[{"taxonomy":"category","embeddable":true,"href":"https:\/\/blog.egophobia.ro\/index.php?rest_route=%2Fwp%2Fv2%2Fcategories&post=2429"},{"taxonomy":"post_tag","embeddable":true,"href":"https:\/\/blog.egophobia.ro\/index.php?rest_route=%2Fwp%2Fv2%2Ftags&post=2429"}],"curies":[{"name":"wp","href":"https:\/\/api.w.org\/{rel}","templated":true}]}}