{"id":2431,"date":"2018-09-14T11:15:48","date_gmt":"2018-09-14T09:15:48","guid":{"rendered":"http:\/\/blog.egophobia.ro\/?p=2431"},"modified":"2019-09-16T16:42:11","modified_gmt":"2019-09-16T14:42:11","slug":"comunicat-art-factory","status":"publish","type":"post","link":"https:\/\/blog.egophobia.ro\/?p=2431","title":{"rendered":"Comunicat Art Factory"},"content":{"rendered":"<blockquote><p>Art Factory a \u00eenceput \u00een 2015 cu o m\u00e2n\u0103 de oameni \u0219i o idee simpl\u0103: aceea de a oferi noi oportunit\u0103\u021bi de expunere arti\u0219tilor \u00een spa\u021bii pe care ora\u0219ul le-a uitat. Cu efortul \u0219i determinarea necesar\u0103 conversiei culturale a oric\u0103rui spa\u021biu dezafectat, am pus \u00eempreun\u0103, c\u00e2te o nou\u0103 \u00a0 \u00a0\u00a0 c\u0103r\u0103mid\u0103 la povestea Art Factory.<\/p>\n<p><img decoding=\"async\" src=\"https:\/\/vgy.me\/OVeUIF.jpg\" \/><br \/>\n\u00cen ace\u0219ti patru ani, comunitatea noastr\u0103 a crescut, \u0219i num\u0103r\u0103 \u00een prezent peste 50 de arti\u0219ti din toat\u0103 \u021bara, dar \u0219i pe voi, cei care ne-a\u021bi sus\u021binut \u0219i ne-a\u021bi acordat \u00een fiecare an din timpul vostru, indiferent c\u00e2t de departe de inima ora\u0219ului v-am propus s\u0103 mergem \u00een c\u0103l\u0103toria noastr\u0103 industrial\u0103.<br \/>\nAnul acesta, cu ocazia celei de-a patra edi\u021bii, v\u0103 s\u0103rb\u0103torim pe voi, comunitatea care ne-a ajutat s\u0103 parcurgem at\u00e2\u021bia pa\u0219i \u0219i cu ajutorul c\u0103rora am reu\u0219it s\u0103 repunem temporar \u00een circuitul cultural al ora\u0219elor, spa\u021bii a c\u0103ror poveste ar fi r\u0103mas nespuse.<\/p>\n<p>Cu un ochi \u00een trecut, la tot ceea ce am realizat \u00eempreun\u0103, \u0219i cu altul \u00een viitor, ne preg\u0103tim s\u0103 scriem un nou capitol!<\/p>\n<p>Anul acesta v-am preg\u0103tit o selec\u021bie de art\u0103 \u0219i muzic\u0103 nou\u0103, asortate cu tehnologie.<br \/>\nExpozi\u021bia central\u0103 va contine lucr\u0103ri de la 34 de artisti, realitate augmentata \u0219i realitate virtual\u0103.<br \/>\nGr\u0103dina festivalului v\u0103 a\u0219teapt\u0103 cu un lounge special amenajat de Gambrinus,<br \/>\nun Bike Tour + Party marca Pegas, VR + projection mapping realizat de Riift Studio, muzic\u0103 \u0219i food trucks.<\/p>\n<p>Pentru a avea acces la programul festivalului \u0219i la func\u021biile de realitate augmentat\u0103, \u021bi-am preg\u0103tit un app special pentru festival. Aici vei gasi programul, detalii despre arti\u0219tii \u0219i trupele prezente \u00een festival, informa\u021bii despre modalit\u0103\u021bile de transport c\u0103tre festival, \u0219i desigur vei putea<br \/>\ns\u0103 descoperi arti\u0219ti din portofoliul Art Factory scan\u00e2nd cu camera de realitate augmentata logo-ul sau poster-ul Art Factory \u0219i logo-ul sau eticheta Gambrinus.<br \/>\n<a href=\"http:\/\/goo.gl\/iuCw7z\">goo.gl\/iuCw7z<\/a><\/p>\n<p>A\u0219a c\u0103, \u00eentre 21 \u0219i 23 Septembrie, nu sta pe g\u00e2nduri<br \/>\n\u0219i haide p\u00e2n\u0103 la noi \u00een gr\u0103dina secret\u0103 din Faur!<\/p>\n<p>Lineup:<br \/>\nMud Boulevard,\u00a0<a href=\"https:\/\/www.facebook.com\/areyouanywhereofficial\/\">Are You Anywhere<\/a>,\u00a0<a href=\"https:\/\/www.facebook.com\/knashofficial\/\">KNASH<\/a>\u00a0(SWE),\u00a0<a href=\"https:\/\/www.facebook.com\/Kaleidonescu\/\">Kaleidonescu<\/a>,\u00a0<a href=\"https:\/\/www.facebook.com\/aflmsmp\/\">Am Fost La Munte \u0219i Mi-a Pl\u0103cut<\/a>,\u00a0<a href=\"https:\/\/www.facebook.com\/BabaDochiaMusic\/\">Baba Dochia<\/a>,\u00a0<a href=\"https:\/\/www.facebook.com\/valeria.stoica\/\">Valeria Stoica<\/a>,\u00a0<a href=\"https:\/\/www.facebook.com\/dejawhoofficial\/\">Deja Who<\/a>,\u00a0<a href=\"https:\/\/www.facebook.com\/tobiibitoyee\/\">Tobi Ibitoye<\/a>,DJ\u00a0<a href=\"https:\/\/www.facebook.com\/djKLU\/\">K-lu<\/a><\/p>\n<p>Special Guests: Tom Hegen (GER), \u0218tefan Ungureanu, Dora Bacio<\/p>\n<p>Arti\u0219ti: Alexandru Zaharia, Ana-Maria Porim, Iarina Tava, Daniela Gaie, Bogdan Iordache, C\u0103t\u0103lina Ciobotaru, Denisia C\u0103lin, Eliza Lupu, Emanuela Balint, Gabriela Soare, George Popa, Giulia Cre\u021bulescu, Irina Costescu, Ioana \u021aurcan, Irina Iliescu, Loredana Bulgaru, LOSTOPTICS, Maria Basea, Mihaela Magop\u0103\u021b, Mihai Nistor, Paul V\u00e2rlan, Patric Pavel, Petra Martin, Raluca Anghel, Rare\u0219 R\u0103dulescu, Roxana Antochi, Teodora Gavril\u0103, Andra Vl\u0103sceanu, Bogdan Top\u00eerceanu, Claudia Ilea, Vlad Bota.<\/p>\n<p>Arti\u0219ti prezen\u021bi \u00een portofoliul AR: Alina Marinescu, Amalia Dulhan, Ana \u0218tefan, Andreea Ilis\u0103i, Ariana Hodorc\u0103, Claudia Ilea, Robert Casmirovici, Cristina Cri\u0219u, Dora Bacio, Giulia Cre\u021bulescu, Paul V\u00eerlan, Raluca Anghel, Vlad Bota, Roxana T\u0103nase, Andra Vl\u0103sceanu<\/p>\n<p>Projection mapping and VR: Riift Studio<\/p>\n<p>AR programming wizard: Drago\u0219 Silion<\/p>\n<p>Organizatori: Asocia\u021bia F\u0103r\u0103 Nume, Asocia\u021bia Creatorilor Independen\u021bi<\/p>\n<p>Powered by:<br \/>\nGambrinus, Ericsson Romania<\/p>\n<p>Event:<br \/>\n<a href=\"https:\/\/goo.gl\/bJ9a66\">https:\/\/goo.gl\/bJ9a66<\/a><\/p>\n<p>Partener strategic:<br \/>\nAmbasada Suediei<\/p>\n<p>Parteneri:<br \/>\nPolicolor, Pegas, The Institute, HaHaHa Production,<br \/>\nUninvited Artists, Riift Studio, Galeria H\u2019art, Galeria Artera.<\/p>\n<p>Instagram: @art._factory<br \/>\nFacebook: @ArtFactory<\/p>\n<p>Website:\u00a0<a href=\"http:\/\/www.asociatiafaranume.org\/\">www.asociatiafaranume.org<\/a><\/p>\n<p>&nbsp;<\/p><\/blockquote>\n<p><!--more--><\/p>\n<p><!--more--><\/p>\n","protected":false},"excerpt":{"rendered":"<p>Art Factory a \u00eenceput \u00een 2015 cu o m\u00e2n\u0103 de oameni \u0219i o idee simpl\u0103: aceea de a oferi noi oportunit\u0103\u021bi de expunere arti\u0219tilor \u00een spa\u021bii pe care ora\u0219ul le-a uitat. Cu efortul \u0219i determinarea necesar\u0103 conversiei culturale a oric\u0103rui spa\u021biu dezafectat, am pus \u00eempreun\u0103, c\u00e2te o nou\u0103 \u00a0 \u00a0\u00a0 c\u0103r\u0103mid\u0103 la povestea Art Factory. [&hellip;]<\/p>\n","protected":false},"author":2,"featured_media":0,"comment_status":"open","ping_status":"open","sticky":false,"template":"","format":"standard","meta":{"_jetpack_memberships_contains_paid_content":false,"footnotes":"","jetpack_publicize_message":"","jetpack_publicize_feature_enabled":true,"jetpack_social_post_already_shared":true,"jetpack_social_options":{"image_generator_settings":{"template":"highway","default_image_id":0,"font":"","enabled":false},"version":2}},"categories":[4],"tags":[42,742,629],"class_list":["post-2431","post","type-post","status-publish","format-standard","hentry","category-anunturi-culturale","tag-anunt","tag-art-factory","tag-recomandari-2"],"jetpack_publicize_connections":[],"jetpack_featured_media_url":"","jetpack_sharing_enabled":true,"_links":{"self":[{"href":"https:\/\/blog.egophobia.ro\/index.php?rest_route=\/wp\/v2\/posts\/2431","targetHints":{"allow":["GET"]}}],"collection":[{"href":"https:\/\/blog.egophobia.ro\/index.php?rest_route=\/wp\/v2\/posts"}],"about":[{"href":"https:\/\/blog.egophobia.ro\/index.php?rest_route=\/wp\/v2\/types\/post"}],"author":[{"embeddable":true,"href":"https:\/\/blog.egophobia.ro\/index.php?rest_route=\/wp\/v2\/users\/2"}],"replies":[{"embeddable":true,"href":"https:\/\/blog.egophobia.ro\/index.php?rest_route=%2Fwp%2Fv2%2Fcomments&post=2431"}],"version-history":[{"count":3,"href":"https:\/\/blog.egophobia.ro\/index.php?rest_route=\/wp\/v2\/posts\/2431\/revisions"}],"predecessor-version":[{"id":2454,"href":"https:\/\/blog.egophobia.ro\/index.php?rest_route=\/wp\/v2\/posts\/2431\/revisions\/2454"}],"wp:attachment":[{"href":"https:\/\/blog.egophobia.ro\/index.php?rest_route=%2Fwp%2Fv2%2Fmedia&parent=2431"}],"wp:term":[{"taxonomy":"category","embeddable":true,"href":"https:\/\/blog.egophobia.ro\/index.php?rest_route=%2Fwp%2Fv2%2Fcategories&post=2431"},{"taxonomy":"post_tag","embeddable":true,"href":"https:\/\/blog.egophobia.ro\/index.php?rest_route=%2Fwp%2Fv2%2Ftags&post=2431"}],"curies":[{"name":"wp","href":"https:\/\/api.w.org\/{rel}","templated":true}]}}