{"id":250,"date":"2008-11-16T15:28:48","date_gmt":"2008-11-16T13:28:48","guid":{"rendered":"http:\/\/egophobia.dap.ro\/?p=250"},"modified":"2008-11-16T15:28:48","modified_gmt":"2008-11-16T13:28:48","slug":"romania-mare-integrare-si-dinamici-culturale","status":"publish","type":"post","link":"https:\/\/blog.egophobia.ro\/?p=250","title":{"rendered":"Romania Mare: Integrare si Dinamici Culturale"},"content":{"rendered":"<p><em>anun\u0163 primit la redac\u0163ie:<\/em><\/p>\n<blockquote><p>Funda\u0163ia Amfiteatru va invit\u0103, \u00een preajma zilei de 1 decembrie, la<br \/>\nSinaia pentru:<br \/>\n\u2022 A marca impreun\u0103 90 de ani de la crearea Rom\u00e2niei mari,<br \/>\n\u2022 A participa la conferin\u0163\u0103 interna\u0163ional\u0103 \u201cRomania Mare:<br \/>\nIntegrare si<br \/>\nDinamici Culturale\u201d<!--more--><br \/>\n\u2022 A va prezenta \u015fi dezbaterea proiectului destinat creeri unei re\u0163ele<br \/>\nna\u0163ionale (\u015fi pe viitor, chiar europene) de operatori culturali<br \/>\n(structura federativ\u0103 de informare reciproc\u0103 \u015fi colaborare, o re\u0163ea a<br \/>\n\u00eenv\u0103\u0163\u0103rii \u00een ultim\u0103 instan\u0163\u0103)<\/p>\n<p>Evenimentele sunt ini\u0163ate de revista Cuv\u00e2ntul (www.cuvantul.ro) care s-a<br \/>\nrelansat \u00eentr-un nou format, cu o nou\u0103 echip\u0103 redac\u0163ional\u0103, ca parte<br \/>\na<br \/>\nunui proiect cultural complex care include revista ins\u0103\u015fi, c\u00e2te un<br \/>\nvolum<br \/>\ntematic legat de fiecare num\u0103r, alte c\u0103rti, evenimente \u2013 \u00eentre care<br \/>\nconferin\u0163e interna\u0163ionale, \u015fcoli de vara etc.<\/p>\n<p>V\u0103 propunem urm\u0103torul program:<br \/>\n27 noiembrie<br \/>\n\u2022 sosirea la Sinaia, cazarea \u2013 19.00<br \/>\n28 noiembrie:<br \/>\n\u2022 9:00 \u2013 10:30 Conferin\u0163a: Culturile locale \u00een Romania Mare.<\/p>\n<p>\u2022 10:30 \u2013 11:00 Pauza de cafea<br \/>\n\u2022 11:00 \u2013 12:30 Dezbaterea unui proiect: o alian\u0163\u0103 a operatorilor<br \/>\nculturali \u015fi de turism cultural<br \/>\n\u2022 12:30 \u2013 14:00 Pauza de pr\u00e2nz<br \/>\n\u2022 De la ora 14:00, to\u0163i participan\u0163ii sunt invita\u0163i la conferin\u0163a<br \/>\ninterna\u0163ional\u0103 \u201cRomania Mare: Integrare si Dinamici Culturale\u201d.<br \/>\n\u2022 19:00 Cina festiv\u0103<br \/>\n29 noiembrie:<br \/>\n\u2022 Conferin\u0163a \u201cRomania Romania Mare: Integrare si Dinamici<br \/>\nCulturale\u201d<\/p>\n<p>Pentru a participa la cele doua conferinte, trebuie completat formularul<br \/>\nde inscriere. Daca nu doriti sa apelati la serviciile turistice oferite<br \/>\nde partenerul organizatorului nu completati nimic la sectiunea \u201cPachet<br \/>\nserv. Nr.\u201d.<\/p>\n<p>Participarea la conferinte este gratuita.<\/p>\n<p># fi\u015fiere ata\u015fate: <a href=\"http:\/\/www.fileden.com\/files\/2008\/3\/18\/1822051\/blog\/Romania%20Mare%20final.doc\" target=\"_blank\">descriere\u00a0conferinta<\/a>,\u00a0\u00a0<a href=\"http:\/\/www.fileden.com\/files\/2008\/3\/18\/1822051\/blog\/Argument.doc\" target=\"_blank\">argument<\/a>, <a href=\"http:\/\/www.fileden.com\/files\/2008\/3\/18\/1822051\/blog\/formular%20de%20inscriere.doc\" target=\"_blank\">formular de inscriere<\/a>.<\/p><\/blockquote>\n","protected":false},"excerpt":{"rendered":"<p>anun\u0163 primit la redac\u0163ie: Funda\u0163ia Amfiteatru va invit\u0103, \u00een preajma zilei de 1 decembrie, la Sinaia pentru: \u2022 A marca impreun\u0103 90 de ani de la crearea Rom\u00e2niei mari, \u2022 A participa la conferin\u0163\u0103 interna\u0163ional\u0103 \u201cRomania Mare: Integrare si Dinamici Culturale\u201d<\/p>\n","protected":false},"author":1,"featured_media":0,"comment_status":"open","ping_status":"open","sticky":false,"template":"","format":"standard","meta":{"_jetpack_memberships_contains_paid_content":false,"footnotes":"","jetpack_publicize_message":"","jetpack_publicize_feature_enabled":true,"jetpack_social_post_already_shared":false,"jetpack_social_options":{"image_generator_settings":{"template":"highway","default_image_id":0,"font":"","enabled":false},"version":2}},"categories":[4],"tags":[25,94,216,235],"class_list":["post-250","post","type-post","status-publish","format-standard","hentry","category-anunturi-culturale","tag-1-decembrie","tag-cuvantul","tag-proiecte","tag-romania-mare"],"jetpack_publicize_connections":[],"jetpack_featured_media_url":"","jetpack_sharing_enabled":true,"_links":{"self":[{"href":"https:\/\/blog.egophobia.ro\/index.php?rest_route=\/wp\/v2\/posts\/250","targetHints":{"allow":["GET"]}}],"collection":[{"href":"https:\/\/blog.egophobia.ro\/index.php?rest_route=\/wp\/v2\/posts"}],"about":[{"href":"https:\/\/blog.egophobia.ro\/index.php?rest_route=\/wp\/v2\/types\/post"}],"author":[{"embeddable":true,"href":"https:\/\/blog.egophobia.ro\/index.php?rest_route=\/wp\/v2\/users\/1"}],"replies":[{"embeddable":true,"href":"https:\/\/blog.egophobia.ro\/index.php?rest_route=%2Fwp%2Fv2%2Fcomments&post=250"}],"version-history":[{"count":0,"href":"https:\/\/blog.egophobia.ro\/index.php?rest_route=\/wp\/v2\/posts\/250\/revisions"}],"wp:attachment":[{"href":"https:\/\/blog.egophobia.ro\/index.php?rest_route=%2Fwp%2Fv2%2Fmedia&parent=250"}],"wp:term":[{"taxonomy":"category","embeddable":true,"href":"https:\/\/blog.egophobia.ro\/index.php?rest_route=%2Fwp%2Fv2%2Fcategories&post=250"},{"taxonomy":"post_tag","embeddable":true,"href":"https:\/\/blog.egophobia.ro\/index.php?rest_route=%2Fwp%2Fv2%2Ftags&post=250"}],"curies":[{"name":"wp","href":"https:\/\/api.w.org\/{rel}","templated":true}]}}