{"id":252,"date":"2008-11-16T23:56:46","date_gmt":"2008-11-16T21:56:46","guid":{"rendered":"http:\/\/egophobia.dap.ro\/?p=252"},"modified":"2008-11-16T23:56:46","modified_gmt":"2008-11-16T21:56:46","slug":"zilele-monica-lovinescu-2008","status":"publish","type":"post","link":"https:\/\/blog.egophobia.ro\/?p=252","title":{"rendered":"Zilele Monica Lovinescu 2008"},"content":{"rendered":"<p><em>Comunicat de pres\u0103 primit de la Angela Furtun\u0103<\/em><\/p>\n<blockquote><p>\nLa Suceava\u00a0 debuteaza luni Zilele Monica Lovinescu 2008.<br \/>\n\u00a0<br \/>\nCunoscuta scriitoare, jurnalista, critic si istoric, eseista si voce de aur a Radio Europa Libera, Monica Lovinescu, a decedat la Paris pe 20 aprilie. Urna sa si a sotului, <!--more--> celebrul scriitor si jurnalist Virgil Ierunca au fost\u00a0repatriate in tara vineri 25 aprilie 2008, apoi depuse la Casa Eugen Lovinescu din Bucuresti pana la data de 5 mai, ulterior fiind inmormantate in cripta familiei Lovinescu din Cimitirul Timpesti &#8211; Falticeni.<br \/>\n\u00a0<br \/>\nVirgil Ierunca s-a stins din via\u0163\u0103 la 28 septembrie 2006, iar so\u0163ia sa, Monica Lovinescu, fiica lui Eugen Lovinescu, a murit \u00een noaptea de duminic\u0103 20 aprilie, la ora 0,30, la Spitalul Charles Richet din Val d&#8217;Oise, situat la 15 km nord de Paris.<br \/>\nCriticul literar Eugen Lovinescu s-a mutat \u00een locuin\u0163a de pe Bd. Kog\u0103lniceanu (fost Bd. Elisabeta) nr. 49 \u00een toamna anului 1938. La 30 octombrie 1938 a avut loc prima \u015fedin\u0163\u0103 a Cenaclului \u201eSbur\u0103torul\u201d \u00een noua cas\u0103. Eugen Lovinescu a locuit \u00een acest apartament p\u00e2n\u0103 la moarte (16 iulie 1943).\u00a0<br \/>\nLa 25 februarie 1946 s-a constituit cercul \u201ePrietenii lui E. Lovinescu\u201d, care avea circa 130 de persoane, iar la 2 iunie 1946 s-a redeschis Cenaclul \u201eSbur\u0103torul\u201d, prezidat de Pompiliu Constantinescu, Monica Lovinescu (n. 1923), fiind secretar general.<br \/>\nLa 27 octombrie 1946 s-a dezvelit placa comemorativ\u0103, aflat\u0103 \u015fi ast\u0103zi pe fa\u0163ada cl\u0103dirii. La sf\u00e2r\u015fitul anului 1947, cenaclul, care deranja prin orientarea sa estetic\u0103, \u015fi-a \u00eencetat activitatea.<br \/>\nMonica Lovinescu pleac\u0103 la Paris cu o burs\u0103, stabilindu-se definitiv \u00een anul urm\u0103tor, \u00een capitala Fran\u0163ei. \u00cen apartament r\u0103m\u00e2ne mama sa, Ecaterina B\u0103l\u0103cioiu-Lovinescu, c\u0103reia i se las\u0103 o singur\u0103 camer\u0103.<br \/>\nLa 12 ianuarie 1950, apartamentul este confiscat de statul comunist. Biblioteca lui Lovinescu este ars\u0103 \u00een curtea interioar\u0103 a imobilului iar manuscrisele, confiscate.<br \/>\nLa 23 mai 1958, mama Monic\u0103i Lovinescu, \u00een v\u00e2rst\u0103 de 71 de ani, este arestat\u0103 pentru \u201esubminarea ordinei de stat\u201d \u015fi condamnat\u0103 la 18 ani de \u00eenchisoare. Moare \u00een \u00eenchisoare, de hidropizie, refuz\u00e2ndu-i-se medicamentele, la 7 iunie 1960.<br \/>\nMonica Lovinescu relateaz\u0103 \u00een \u201eJurnal\u201d c\u0103, \u00een 1990, c\u00e2nd a venit \u00een Rom\u00e2nia \u015fi a vizitat apartamentul, faptul care a izbit-o cel mai mult a fost c\u0103 \u00een casa ai c\u0103rei pere\u0163i fuseser\u0103 c\u00e2ndva ticsi\u0163i cu mii de volume, nu exista nici o carte.\u00a0<br \/>\n\u00cen 1998, Monica Lovinescu a redob\u00e2ndit apartamentul \u00een urma unui proces de repunere \u00een proprietate, pentru a-l dona apoi Funda\u0163iei Humanitas-Aqua Forte.\u00a0<br \/>\n\u00a0<br \/>\nMiercuri 19 noiembrie se implinesc 85 de ani de la nasterea Monicai Lovinescu.<br \/>\n\u00a0<br \/>\n\u00a0\u00a0\u00a0 BIBLIOTECA\u00a0 BUCOVINEI\u00a0 \u201eI.G.SBIERA\u201d SUCEAVA<br \/>\n\u00a0<br \/>\n\u00a0\u00a0\u00a0\u00a0\u00a0\u00a0\u00a0\u00a0\u00a0\u00a0\u00a0\u00a0\u00a0\u00a0\u00a0\u00a0\u00a0\u00a0\u00a0\u00a0\u00a0\u00a0\u00a0\u00a0\u00a0\u00a0\u00a0\u00a0\u00a0\u00a0\u00a0\u00a0\u00a0\u00a0\u00a0\u00a0 \u00een\u00a0 parteneriat cu<br \/>\n\u00a0\u00a0\u00a0\u00a0\u00a0\u00a0\u00a0\u00a0\u00a0\u00a0\u00a0\u00a0\u00a0\u00a0\u00a0\u00a0 UNIVERSITATEA \u201e\u015eTEFAN CEL MARE\u201d SUCEAVA<\/p>\n<p>\u00a0\u00a0\u00a0\u00a0\u00a0\u00a0 COLEGIUL\u00a0 NA\u0162IONAL \u201e\u015eTEFAN\u00a0 CEL\u00a0 MARE\u201d SUCEAVA<br \/>\n\u00a0<br \/>\n\u00a0\u00a0\u00a0\u00a0\u00a0\u00a0\u00a0\u00a0 \u00a0\u00a0\u00a0\u00a0\u00a0\u00a0\u00a0\u00a0\u00a0\u00a0\u00a0\u00a0\u00a0\u00a0\u00a0\u00a0\u00a0\u00a0\u00a0\u00a0\u00a0\u00a0\u00a0\u00a0\u00a0 organizeaz\u0103<br \/>\n\u00a0<\/p>\n<p>ZILELE\u00a0 MONICA\u00a0 LOVINESCU \u2013\u00a0\u00a0\u00a0\u00a0\u00a0\u00a0 2008<\/p>\n<p>\u00a0<\/p>\n<p>\u00a0\u00a0\u00a0\u00a0\u00a0\u00a0\u00a0\u00a0\u00a0\u00a0\u00a0\u00a0\u00a0 &#8211; 85 de ani de la na\u015fterea scriitoarei<\/p>\n<p>\u00a0<\/p>\n<p>\u00a0Monica Lovinescu<\/p>\n<p>(19 Noiembrie 1923, Bucure\u015fti &#8211; 20 Aprilie 2008,Paris)\u00a0\u00a0\u00a0\u00a0\u00a0\u00a0\u00a0\u00a0\u00a0\u00a0\u00a0 \u00a0\u00a0\u00a0\u00a0\u00a0\u00a0\u00a0\u00a0\u00a0\u00a0<\/p>\n<p>\u00a0\u00a0\u00a0\u00a0\u00a0\u00a0\u00a0\u00a0\u00a0\u00a0\u00a0\u00a0\u00a0\u00a0\u00a0\u00a0\u00a0\u00a0\u00a0\u00a0\u00a0\u00a0\u00a0\u00a0\u00a0\u00a0\u00a0\u00a0\u00a0\u00a0\u00a0\u00a0\u00a0\u00a0\u00a0\u00a0\u00a0\u00a0\u00a0\u00a0\u00a0\u00a0\u00a0\u00a0\u00a0\u00a0\u00a0\u00a0\u00a0\u00a0\u00a0\u00a0\u00a0\u00a0\u00a0\u00a0\u00a0\u00a0\u00a0<\/p>\n<p>\u00a0<\/p>\n<p>\u00a0\u00a0\u00a0\u00a0\u00a0\u00a0\u00a0\u00a0\u00a0\u00a0\u00a0\u00a0\u00a0\u00a0\u00a0\u00a0\u00a0\u00a0\u00a0 PROGRAM<\/p>\n<p>\u00a0<\/p>\n<p>\u00a0<\/p>\n<p>\u00a017 noiembrie 2008 \u2013 Biblioteca Bucovinei<\/p>\n<p>&#8211;\u00a0 ora 12 \u2013 Simpozion \u201eMonica Lovinescu &#8211; 85 de ani de la na\u015fterea<br \/>\nscriitoarei, jurnalistei \u015fi disidentei&#8221;.\u00a0<\/p>\n<p>Dezbatere: \u201eDespre Jurnalismul liber \u015fi fragilitatea democra\u0163iei\u201d<\/p>\n<p>Expozi\u0163ie de carte \u015fi documente: \u201eLovine\u015ftii. Monica Lovinescu. Radio Europa Liber\u0103\u201d.<\/p>\n<p>Invita\u0163i: jurnali\u015fti, scriitori, universitari, studen\u0163i, elevi.<\/p>\n<p>\u00a0<\/p>\n<p>&#8211;\u00a0 \u00a0ora 14 &#8211; Pauz\u0103 de cafea.<\/p>\n<p>\u00a0<\/p>\n<p>\u00a0<\/p>\n<p>&#8211;\u00a0\u00a0\u00a0\u00a0\u00a0\u00a0\u00a0\u00a0\u00a0 ora 14.30 &#8211; Lansarea filmului \u201eMonica Lovinescu, din nou acas\u0103&#8221;.<\/p>\n<p>\u00cen Sala de Arte a Bibliotecii Bucovinei.<\/p>\n<p>\u00a0<\/p>\n<p>18 noiembrie 2008 \u2013 Universitatea \u201e\u015etefan cel Mare\u201d<\/p>\n<p>\u00a0\u00a0\u00a0\u00a0\u00a0\u00a0\u00a0\u00a0\u00a0<\/p>\n<p>&#8211;\u00a0 ora 12 \u2013 Mas\u0103 rotund\u0103: \u201eMonica Lovinescu &#8211; opera literar\u0103 \u015fi publicistic\u0103. Conceptul de est-etic\u0103&#8221;.<\/p>\n<p>&#8211;\u00a0 Interviu audio (Radio Europa Liber\u0103) Monica Lovinescu &#8211; Mircea Eliade<\/p>\n<p>\u00a0\u00a0\u00a0<\/p>\n<p>&#8211;\u00a0 ora\u00a0 14 \u2013 Lansarea filmului \u201eMonica Lovinescu, din nou acas\u0103\u201d.<\/p>\n<p>\u00a0<\/p>\n<p>Invita\u0163i: Universitari\u00a0 de la Facultatea de Litere, profesori de la colegiile sucevene, scriitori, jurnali\u015fti.<\/p>\n<p>Sala 54 a Universit\u0103\u0163ii \u201e\u015etefan cel Mare\u201d.<\/p>\n<p>\u00a0<\/p>\n<p>19\u00a0 noiembrie 2008 \u2013 Colegiul \u201e\u015etefan cel Mare\u201d \u015fi pelerinaj la F\u0103lticeni<br \/>\nF\u0103lticeni. Galeria oamenilor de seam\u0103. Cimitirul T\u00eempe\u015fti. Pelerinaj<br \/>\n&#8211;\u00a0 ora 10 &#8211;\u00a0 Lectur\u0103 public\u0103 din opera autoarei. \u2013 Aula Colegiului \u201e\u015etefan cel Mare\u201d. Interviu audio Monica Lovinescu \u2013 Mircea Eliade.<\/p>\n<p>&#8211;\u00a0 ora 11 \u2013 Lansarea filmului \u201eMonica Lovinescu, din nou acas\u0103\u201d<\/p>\n<p>\u00a0\u00a0\u00a0\u00a0\u00a0\u00a0\u00a0\u00a0\u00a0\u00a0\u00a0\u00a0\u00a0\u00a0\u00a0\u00a0 -dona\u0163ie de CD-uri cu filmul \u201eMonica Lovinescu, din nou acas\u0103\u201d c\u0103tre toate \u015fcolile \u015fi bibliotecile din jude\u0163ul Suceava.<\/p>\n<p>&#8211; ora 12 \u2013 Pelerinaj la Galeria Oamenilor de Seam\u0103 din F\u0103lticeni \u015fi la Cripta Familiei Lovinescu din Cimitirul T\u00eempe\u015fti \u2013 F\u0103lticeni.<\/p>\n<p>\u00a0<\/p>\n<p>\u00a0<\/p>\n<p>\u00a0<\/p>\n<p>\u00a0COORDONATOR\u00a0 DE\u00a0 PROGRAM:\u00a0<\/p>\n<p>\u00a0\u00a0ANGELA\u00a0 FURTUN\u0102<br \/>\nscriitoare, publicista<br \/>\nmembra a Uniunii Scriitorilor din Romania<\/p>\n<p><a href=\"http:\/\/www.fileden.com\/files\/2008\/3\/18\/1822051\/blog\/Program%20Zilele%20Monica%20Lovinescu%2085%20nov%202008.doc\">programul (.doc)<\/a><br \/>\n<img decoding=\"async\" src=\"http:\/\/i158.photobucket.com\/albums\/t103\/egophobia\/blog\/MONICALOVINESCUAFIS.jpg\"><br \/>\n<img decoding=\"async\" src=\"http:\/\/i158.photobucket.com\/albums\/t103\/egophobia\/blog\/INVITAtIE_fata1.jpg\"><br \/>\n<img decoding=\"async\" src=\"http:\/\/i158.photobucket.com\/albums\/t103\/egophobia\/blog\/INVITAtIE_fata_2.jpg\"><br \/>\n\u00a0<\/p><\/blockquote>\n","protected":false},"excerpt":{"rendered":"<p>Comunicat de pres\u0103 primit de la Angela Furtun\u0103 La Suceava\u00a0 debuteaza luni Zilele Monica Lovinescu 2008. \u00a0 Cunoscuta scriitoare, jurnalista, critic si istoric, eseista si voce de aur a Radio Europa Libera, Monica Lovinescu, a decedat la Paris pe 20 aprilie. Urna sa si a sotului,<\/p>\n","protected":false},"author":1,"featured_media":0,"comment_status":"open","ping_status":"open","sticky":false,"template":"","format":"standard","meta":{"_jetpack_memberships_contains_paid_content":false,"footnotes":"","jetpack_publicize_message":"","jetpack_publicize_feature_enabled":true,"jetpack_social_post_already_shared":false,"jetpack_social_options":{"image_generator_settings":{"template":"highway","default_image_id":0,"font":"","enabled":false},"version":2}},"categories":[4],"tags":[180],"class_list":["post-252","post","type-post","status-publish","format-standard","hentry","category-anunturi-culturale","tag-monica-lovinescu"],"jetpack_publicize_connections":[],"jetpack_featured_media_url":"","jetpack_sharing_enabled":true,"_links":{"self":[{"href":"https:\/\/blog.egophobia.ro\/index.php?rest_route=\/wp\/v2\/posts\/252","targetHints":{"allow":["GET"]}}],"collection":[{"href":"https:\/\/blog.egophobia.ro\/index.php?rest_route=\/wp\/v2\/posts"}],"about":[{"href":"https:\/\/blog.egophobia.ro\/index.php?rest_route=\/wp\/v2\/types\/post"}],"author":[{"embeddable":true,"href":"https:\/\/blog.egophobia.ro\/index.php?rest_route=\/wp\/v2\/users\/1"}],"replies":[{"embeddable":true,"href":"https:\/\/blog.egophobia.ro\/index.php?rest_route=%2Fwp%2Fv2%2Fcomments&post=252"}],"version-history":[{"count":0,"href":"https:\/\/blog.egophobia.ro\/index.php?rest_route=\/wp\/v2\/posts\/252\/revisions"}],"wp:attachment":[{"href":"https:\/\/blog.egophobia.ro\/index.php?rest_route=%2Fwp%2Fv2%2Fmedia&parent=252"}],"wp:term":[{"taxonomy":"category","embeddable":true,"href":"https:\/\/blog.egophobia.ro\/index.php?rest_route=%2Fwp%2Fv2%2Fcategories&post=252"},{"taxonomy":"post_tag","embeddable":true,"href":"https:\/\/blog.egophobia.ro\/index.php?rest_route=%2Fwp%2Fv2%2Ftags&post=252"}],"curies":[{"name":"wp","href":"https:\/\/api.w.org\/{rel}","templated":true}]}}