{"id":2526,"date":"2022-12-08T08:35:02","date_gmt":"2022-12-08T06:35:02","guid":{"rendered":"https:\/\/blog.egophobia.ro\/?p=2526"},"modified":"2022-12-08T08:35:02","modified_gmt":"2022-12-08T06:35:02","slug":"bucataria-hoinara-se-gateste-de-plecare","status":"publish","type":"post","link":"https:\/\/blog.egophobia.ro\/?p=2526","title":{"rendered":"\u201eBuc\u0103t\u0103ria Hoinar\u0103 se g\u0103te\u0219te de plecare\u201d"},"content":{"rendered":"<blockquote>\n<p style=\"text-align: justify;\"><strong>un nou album de fotografie semnat de R\u0103zvan Voiculescu<\/strong><\/p>\n<p style=\"text-align: justify;\">\n<p style=\"text-align: justify;\">La 12 ani de la debutul proiectului \u201eBuc\u0103t\u0103ria Hoinar\u0103\u201d,\u00a0 fotograful R\u0103zvan Voiculescu v\u0103 invit\u0103 la lansarea albumului \u201e<strong>Buc\u0103t\u0103ria Hoinar\u0103 se g\u0103te\u0219te de plecare<\/strong>\u201d, partea final\u0103 a trilogiei de albume foto dedicat\u0103 c\u0103l\u0103torilor care au curiozitatea de a descoperi prin bucate aburinde, pove\u0219ti la gura sobei \u0219i personaje suspendate \u00een timp, o alt\u0103 dimensiune a Rom\u00e2niei.<!--more--><\/p>\n<p style=\"text-align: justify;\"><strong>Evenimentul de lansare va avea loc luni, 12 decembrie, de la ora 19:00, la Teatrul Metropolis, sala Gloria (Str. Bucovina, nr 6).<\/strong><\/p>\n<p><img decoding=\"async\" class=\"aligncenter\" src=\"https:\/\/i.vgy.me\/RbiFyP.jpg\" \/><\/p>\n<p style=\"text-align: justify;\">\u00cen cadrul evenimentului <strong>moderat de jurnalistul C\u0103t\u0103lin \u0218tef\u0103nescu<\/strong> \u00eel ve\u021bi putea \u00eent\u00e2lni pe fotograf, dar \u0219i o parte dintre <strong>personajele din album<\/strong>.<\/p>\n<p style=\"text-align: justify;\">Cu aceast\u0103 ocazie va avea loc <strong>proiec\u021bia scurtmetrajului \u201eBuc\u0103t\u0103ria Hoinar\u0103 se g\u0103te\u0219te de plecare\u201d, semnat de Adriana Lucaciu \u0219i Razvan Voiculescu<\/strong>, iar seara se va \u00eencheia cu dou\u0103 scurte recitaluri sus\u021binute de Lorena Oltean, respectiv de Simion Bogdan-Mihai &amp; L\u0103utarii de M\u0103tase.<\/p>\n<p style=\"text-align: justify;\"><em>\u201eUndeva, acum mult timp, m\u0103 declaram un c\u0103ut\u0103tor. T\u0103r\u00e2mul pe care l-am tot hoin\u0103rit vreme de trei albume are gust de p\u00e2ine coapt\u0103 \u00een cuptor cu lemne \u0219i suflet de poveste. O lume plin\u0103 de comori, dar care-\u021bi aminte\u0219te \u00een fiecare clip\u0103 c\u0103 adev\u0103rata boga\u021bie \u00eenseamn\u0103 spirit.\u00a0<\/em><\/p>\n<p style=\"text-align: justify;\"><em>Buc\u0103t\u0103riile mele hoinare nu au rete\u021be, ci au povesti f\u0103r\u0103 sf\u00e2r\u0219it. Ele sunt bine p\u0103zite de gardieni devota\u021bi autenticului \u0219i tradi\u021biei, eroii mei c\u0103rora le dedic un pic de imortalitate\u201d<\/em>, fotograful R\u0103zvan Voiculescu.<\/p>\n<p><img decoding=\"async\" class=\"aligncenter\" src=\"https:\/\/i.vgy.me\/2PSb3z.jpg\" \/><\/p>\n<p style=\"text-align: justify;\"><strong>\u201eBuc\u0103t\u0103ria Hoinar\u0103 se g\u0103te\u0219te de plecare\u201d <\/strong>este un album foto care \u00eemplete\u0219te gastronomia cu c\u0103l\u0103toria, fotograful \u0219i echipa lui merg\u00e2nd prin diverse col\u021buri ale \u021b\u0103rii pentru a descoperi buc\u0103t\u0103rii str\u0103vechi \u00een care b\u0103tr\u00e2nii g\u0103tesc ca odinioar\u0103. Imaginile din album imortalizeaz\u0103 aceast\u0103 lume plin\u0103 de gusturi \u0219i arome \u00een pove\u0219ti de care s\u0103 se bucure \u0219i genera\u021biile care vin.<\/p>\n<p style=\"text-align: justify;\">Primele dou\u0103 volume ale trilogiei sunt: \u201eBuc\u0103t\u0103ria Hoinar\u0103\u201d \u0219i\u00a0\u00a0 \u201eBuc\u0103t\u0103ria Hoinar\u0103 se \u00eentoarce\u201d.<\/p>\n<p style=\"text-align: justify;\">\n<p style=\"text-align: justify;\"><img decoding=\"async\" class=\"aligncenter\" src=\"https:\/\/i.vgy.me\/XFZOrN.jpg\" \/><\/p>\n<\/blockquote>\n","protected":false},"excerpt":{"rendered":"<p>un nou album de fotografie semnat de R\u0103zvan Voiculescu La 12 ani de la debutul proiectului \u201eBuc\u0103t\u0103ria Hoinar\u0103\u201d,\u00a0 fotograful R\u0103zvan Voiculescu v\u0103 invit\u0103 la lansarea albumului \u201eBuc\u0103t\u0103ria Hoinar\u0103 se g\u0103te\u0219te de plecare\u201d, partea final\u0103 a trilogiei de albume foto dedicat\u0103 c\u0103l\u0103torilor care au curiozitatea de a descoperi prin bucate aburinde, pove\u0219ti la gura sobei \u0219i [&hellip;]<\/p>\n","protected":false},"author":2,"featured_media":0,"comment_status":"open","ping_status":"open","sticky":false,"template":"","format":"standard","meta":{"_jetpack_memberships_contains_paid_content":false,"footnotes":"","jetpack_publicize_message":"","jetpack_publicize_feature_enabled":true,"jetpack_social_post_already_shared":true,"jetpack_social_options":{"image_generator_settings":{"template":"highway","default_image_id":0,"font":"","enabled":false},"version":2}},"categories":[4,22],"tags":[741,126,160,629],"class_list":["post-2526","post","type-post","status-publish","format-standard","hentry","category-anunturi-culturale","category-recomandari","tag-anunturi","tag-fotografie","tag-lansare","tag-recomandari-2"],"jetpack_publicize_connections":[],"jetpack_featured_media_url":"","jetpack_sharing_enabled":true,"_links":{"self":[{"href":"https:\/\/blog.egophobia.ro\/index.php?rest_route=\/wp\/v2\/posts\/2526","targetHints":{"allow":["GET"]}}],"collection":[{"href":"https:\/\/blog.egophobia.ro\/index.php?rest_route=\/wp\/v2\/posts"}],"about":[{"href":"https:\/\/blog.egophobia.ro\/index.php?rest_route=\/wp\/v2\/types\/post"}],"author":[{"embeddable":true,"href":"https:\/\/blog.egophobia.ro\/index.php?rest_route=\/wp\/v2\/users\/2"}],"replies":[{"embeddable":true,"href":"https:\/\/blog.egophobia.ro\/index.php?rest_route=%2Fwp%2Fv2%2Fcomments&post=2526"}],"version-history":[{"count":1,"href":"https:\/\/blog.egophobia.ro\/index.php?rest_route=\/wp\/v2\/posts\/2526\/revisions"}],"predecessor-version":[{"id":2527,"href":"https:\/\/blog.egophobia.ro\/index.php?rest_route=\/wp\/v2\/posts\/2526\/revisions\/2527"}],"wp:attachment":[{"href":"https:\/\/blog.egophobia.ro\/index.php?rest_route=%2Fwp%2Fv2%2Fmedia&parent=2526"}],"wp:term":[{"taxonomy":"category","embeddable":true,"href":"https:\/\/blog.egophobia.ro\/index.php?rest_route=%2Fwp%2Fv2%2Fcategories&post=2526"},{"taxonomy":"post_tag","embeddable":true,"href":"https:\/\/blog.egophobia.ro\/index.php?rest_route=%2Fwp%2Fv2%2Ftags&post=2526"}],"curies":[{"name":"wp","href":"https:\/\/api.w.org\/{rel}","templated":true}]}}