{"id":2542,"date":"2023-07-27T20:47:05","date_gmt":"2023-07-27T17:47:05","guid":{"rendered":"https:\/\/blog.egophobia.ro\/?p=2542"},"modified":"2023-07-27T20:47:05","modified_gmt":"2023-07-27T17:47:05","slug":"bienala-art-encounters-2023","status":"publish","type":"post","link":"https:\/\/blog.egophobia.ro\/?p=2542","title":{"rendered":"Bienala Art Encounters 2023"},"content":{"rendered":"<blockquote>\n<p style=\"text-align: justify;\"><strong>\u00a0<\/strong><\/p>\n<p style=\"text-align: justify;\"><strong>Bienala Art Encounters 2023 a reconfirmat voca\u021bia Timi\u0219oarei de a fi una dintre capitalele artei contemporane \u00een Europa Central\u0103 \u0219i de Est<\/strong><\/p>\n<p style=\"text-align: justify;\"><strong>\u00a0<\/strong><\/p>\n<p style=\"text-align: justify;\"><strong>Aflat\u0103 la cea de-a cincea edi\u021bie, bienala a luat forma unui maraton artistic care a explorat intersec\u021bia dintre art\u0103, \u0219tiin\u021b\u0103 \u0219i fic\u021biune prin lucr\u0103rile a 60 de arti\u0219ti din 21 de \u021b\u0103ri <\/strong><\/p>\n<p style=\"text-align: justify;\"><strong>\u00a0<\/strong><!--more--><\/p>\n<p style=\"text-align: justify;\"><strong>Timi\u0219oara, 20 iulie 2023<\/strong>. Unul din cele mai importante evenimente din Rom\u00e2nia dedicate artei contemporane, Bienala Art Encounters 2023, parte a programului cultural \u201eTimi\u0219oara 2023: Capital\u0103 European\u0103 a Culturii\u201d, a avut <strong>\u00eenchiderea oficial\u0103 \u00een weekend-ul 14\u201316 iulie<\/strong>. Ajuns\u0103 anul acesta la cea de-a cincea edi\u021bie, bienala a fost dedicat\u0103 intersec\u021biei dintre art\u0103, \u0219tiin\u021b\u0103 \u0219i fic\u021biuni, reunind deopotriv\u0103 arti\u0219ti cunoscu\u021bi la nivel interna\u021bional \u0219i tineri arti\u0219ti emergen\u021bi.<\/p>\n<p style=\"text-align: justify;\">\n<p style=\"text-align: justify;\">\u00cen perioada <strong>19 mai \u2013 16 iulie 2023<\/strong>, Bienala intitulat\u0103 <strong><em>My Rhino is Not a Myth. art science fictions<\/em><\/strong> a transformat Timi\u0219oara \u00eentr-o adev\u0103rat\u0103 capital\u0103 a artei contemporane, expun\u00e2nd <strong>60 de arti\u0219ti<\/strong> din <strong>21 de \u021b\u0103ri<\/strong>. Organizat\u0103 \u00eentr-un an cu totul special pentru Timi\u0219oara, aceast\u0103 edi\u021bie a fost vizitat\u0103 de aproximativ<strong> 25.000 de persoane<\/strong>.<\/p>\n<p style=\"text-align: justify;\">\n<p style=\"text-align: justify;\">Pornind de la un concept curatorial realizat de <strong>Adrian Notz<\/strong> al\u0103turi de colectivul curatorial compus din Cristina But\u0103, Monica D\u0103nil\u0103, Ann Mbuti, Edith L\u00e1z\u00e1r, Cristina Stoenescu \u0219i Georgia \u021aidorescu, aceast\u0103 edi\u021bie a bienalei a reu\u0219it s\u0103 se transforme \u00eentr-un remarcabil exemplu de imagina\u021bie artistic\u0103 \u0219i \u0219tiin\u021bific\u0103. La finalul acestei edi\u021bii a fost lansat <strong>Catalogul bienalei<\/strong>, o publica\u021bie construit\u0103 ca un fascicul de numere de revist\u0103, urm\u00e2nd cele patru fire narative imaginate de echipa curatorial\u0103.<\/p>\n<p style=\"text-align: justify;\">\n<p style=\"text-align: justify;\">Bienala Art Encounters este un eveniment organizat de Funda\u021bia Art Encounters, fiind finan\u021bat de Municipiul Timi\u0219oara prin Centrul de Proiecte \u0219i co-finan\u021bat de Ministerul Culturii \u0219i AFCN, av\u00e2nd ca partener principal Raiffeisen Bank \u0219i ca sponsori ISHO, Tazz, MEWI \u0219i DACOart.<\/p>\n<p style=\"text-align: justify;\">\n<p style=\"text-align: justify;\">Aceast\u0103 edi\u021bie a bienalei a propus \u0219i o serie de parteneriate locale, na\u021bionale \u0219i interna\u021bionale, precum cel cu organiza\u021bia britanic\u0103 Invisible Dust \u0219i British Council Romania, care au facilitat un workshop dedicat programului de mediere al edi\u021biei, cu Centrul ETH AI din Z\u00fcrich \u0219i Universitatea Politehnica din Timi\u0219oara, care a rezultat \u00eentr-o conferin\u021b\u0103 interna\u021bional\u0103 despre art\u0103 \u0219i \u0219tiin\u021b\u0103, dar \u0219i cu asocia\u021bia Praksis din Norvegia, \u00eempreun\u0103 cu care am putut dezvolta practica creativ\u0103 prin inserarea \u00een spa\u021biul public, \u00een fa\u021ba Castelului Huniade, a lucr\u0103rii artistei Maren Dagny Juell.<\/p>\n<p style=\"text-align: justify;\">\n<p style=\"text-align: justify;\">Una din cele mai importante publica\u021bii de art\u0103 contemporan\u0103, <strong><em>Frieze<\/em><\/strong>, titra c\u0103 Bienala Art Encounters a reu\u0219it \u201es\u0103 reimagineze Europa dinspre Est\u201d, transform\u00e2ndu-se \u00eentr-o extraordinar\u0103 vitrin\u0103 a culturii cosmopolite, marcat\u0103 de toleran\u021b\u0103 \u0219i solidaritate, iar <strong><em>Beaux Arts<\/em><\/strong>, din Fran\u021ba, a subliniat succesul unui eveniment de art\u0103 contemporan\u0103 care \u201ea reu\u0219it s\u0103 abordeze complexitatea lumii cu luciditate \u0219i poezie\u201d.<\/p>\n<p style=\"text-align: justify;\">\n<p style=\"text-align: justify;\">O alt\u0103 reu\u0219it\u0103 a celei de-a cincea edi\u021bii a fost includerea \u00een circuitul urban local a unor spa\u021bii de patrimoniu \u00eendelung ignorate \u0219i chiar uitate. Deloc \u00eent\u00e2mpl\u0103tor, din cele 8 spa\u021bii pe care le-a avut Bienala \u00een ora\u0219, <strong>Castelul Huniade <\/strong>a fost \u0219i cel mai vizitat, fiind redeschis pentru Bienal\u0103 dup\u0103 15 ani de absen\u021b\u0103 din circuitul public. Alte loca\u021bii au fost STPT\u2013Multiplexity (vechiul depou de tramvaie al ora\u0219ului), spa\u021biile fostei Fabrici Azur de la Faber, Comenduirea Garnizoanei din Pia\u021ba Libert\u0103\u021bii, Muzeul Na\u021bional de Art\u0103 Timi\u0219oara \u0219i complexul ISHO.<\/p>\n<p style=\"text-align: justify;\">\n<p style=\"text-align: justify;\">\u00cen cele dou\u0103 luni de zile, Bienala Art Encounters 2023 a oferit publicului local, na\u021bional \u0219i interna\u021bional un program intens de tururi ghidate, interven\u021bii \u00een spa\u021biul public, tururi cu un tramvai personalizat cu instala\u021bia <em>Black Cloud<\/em>, conferin\u021be despre art\u0103 \u0219i \u0219tiin\u021b\u0103, patru serii de proiec\u021bii de filme de art\u0103 la Cinema Victoria, un program complex de mediere pentru diferite categorii de v\u00e2rst\u0103, workshop-uri \u0219i petreceri tematice, evenimente \u00een spa\u021biile de tip <em>artist-run<\/em> (Avantpost, Balamuc, Baraka, Lapsus, Nava C2, Simultan) din ora\u0219.<\/p>\n<p style=\"text-align: justify;\">\n<p style=\"text-align: justify;\">De asemenea, pentru prima oar\u0103, Bienala Art Encounters a propus \u0219i o <strong>extensie artistic\u0103 la Muzeul Na\u021bional de Art\u0103 Contemporan\u0103<\/strong> din Bucure\u0219ti, prin instala\u021bia <em>Black Cloud<\/em> a lui Carlos Amorales, care mai poate fi vizitat\u0103 p\u00e2n\u0103 pe 1 octombrie.<\/p>\n<p style=\"text-align: justify;\">\n<p style=\"text-align: justify;\">*Proiectul Bienalei Art Encounters 2023 este parte din Programul cultural na\u021bional \u201eTimi\u0219oara \u2013 Capital\u0103 European\u0103 a Culturii \u00een anul 2023\u201d \u0219i a fost finan\u021bat de Municipiul Timi\u0219oara prin Centrul de Proiecte.<\/p>\n<p style=\"text-align: justify;\">\n<p style=\"text-align: justify;\">**Proiectul nu reprezint\u0103 \u00een mod necesar pozi\u021bia Administra\u021biei Fondului Cultural Na\u021bional. AFCN nu este responsabil\u0103 de con\u021binutul proiectului sau de modul \u00een care rezultatele proiectului pot fi folosite. Acestea sunt \u00een \u00eentregime responsabilitatea beneficiarului finan\u021b\u0103rii.<\/p>\n<p style=\"font-weight: 400;\">Imagini high-resolution pot fi desc\u0103rcate din acest link:\u00a0<a href=\"https:\/\/deref-gmx.net\/mail\/client\/BGMa5zjfAfI\/dereferrer\/?redirectUrl=https%3A%2F%2Fwe.tl%2Ft-rqmTUwaunx\">https:\/\/we.tl\/t-rqmTUwaunx<\/a><\/p>\n<p style=\"font-weight: 400;\">Imagini low-resolution pot fi desc\u0103rcate din acest link:\u00a0<a href=\"https:\/\/deref-gmx.net\/mail\/client\/y2ToDypNFhY\/dereferrer\/?redirectUrl=https%3A%2F%2Fwe.tl%2Ft-unt7G8rZSI\">https:\/\/we.tl\/t-unt7G8rZSI<\/a><\/p>\n<p style=\"text-align: justify;\">___________<\/p>\n<p style=\"text-align: justify;\"><strong>Funda\u021bia Art Encounters<\/strong>, promotor \u0219i organizator al Bienalei Art Encounters, este activ\u0103 din 2015 ca ini\u021biativ\u0103 cultural\u0103 privat\u0103 care are ca scop facilitarea \u0219i sprijinirea artei contemporane din Rom\u00e2nia. Misiunea ei este de a stimula dialogul, \u00eenv\u0103\u021barea, cercetarea \u0219i experimentarea, oferind un model institu\u021bional adaptat nevoilor contextului local, dar implicat \u00een mod egal \u00een contribu\u021bia la scena artistic\u0103 interna\u021bional\u0103.<\/p>\n<p style=\"text-align: justify;\"><strong>\u00a0<\/strong><\/p>\n<p style=\"text-align: justify;\"><strong>Informa\u021bii suplimentare<\/strong>:<\/p>\n<p style=\"text-align: justify;\">Germina Ion, Manager PR &amp; Comunicare, <a href=\"mailto:germina.ion@artencounters.ro\">germina.ion@artencounters.ro<\/a>, +4 0722 674 353<\/p>\n<p style=\"text-align: justify;\">Mariana Nicolae, PR Manager Agen\u021bia de Comunicare D\u0103escu Bor\u021bun Olteanu,<\/p>\n<p style=\"text-align: justify;\"><a href=\"mailto:mariana.nicolae@dbopeople.ro\">mariana.nicolae@dbopeople.ro<\/a>, +4 0727 089 274<\/p>\n<\/blockquote>\n","protected":false},"excerpt":{"rendered":"<p>\u00a0 Bienala Art Encounters 2023 a reconfirmat voca\u021bia Timi\u0219oarei de a fi una dintre capitalele artei contemporane \u00een Europa Central\u0103 \u0219i de Est \u00a0 Aflat\u0103 la cea de-a cincea edi\u021bie, bienala a luat forma unui maraton artistic care a explorat intersec\u021bia dintre art\u0103, \u0219tiin\u021b\u0103 \u0219i fic\u021biune prin lucr\u0103rile a 60 de arti\u0219ti din 21 de [&hellip;]<\/p>\n","protected":false},"author":2,"featured_media":0,"comment_status":"open","ping_status":"open","sticky":false,"template":"","format":"standard","meta":{"_jetpack_memberships_contains_paid_content":false,"footnotes":"","jetpack_publicize_message":"","jetpack_publicize_feature_enabled":true,"jetpack_social_post_already_shared":true,"jetpack_social_options":{"image_generator_settings":{"template":"highway","default_image_id":0,"font":"","enabled":false},"version":2}},"categories":[4],"tags":[629],"class_list":["post-2542","post","type-post","status-publish","format-standard","hentry","category-anunturi-culturale","tag-recomandari-2"],"jetpack_publicize_connections":[],"jetpack_featured_media_url":"","jetpack_sharing_enabled":true,"_links":{"self":[{"href":"https:\/\/blog.egophobia.ro\/index.php?rest_route=\/wp\/v2\/posts\/2542","targetHints":{"allow":["GET"]}}],"collection":[{"href":"https:\/\/blog.egophobia.ro\/index.php?rest_route=\/wp\/v2\/posts"}],"about":[{"href":"https:\/\/blog.egophobia.ro\/index.php?rest_route=\/wp\/v2\/types\/post"}],"author":[{"embeddable":true,"href":"https:\/\/blog.egophobia.ro\/index.php?rest_route=\/wp\/v2\/users\/2"}],"replies":[{"embeddable":true,"href":"https:\/\/blog.egophobia.ro\/index.php?rest_route=%2Fwp%2Fv2%2Fcomments&post=2542"}],"version-history":[{"count":1,"href":"https:\/\/blog.egophobia.ro\/index.php?rest_route=\/wp\/v2\/posts\/2542\/revisions"}],"predecessor-version":[{"id":2543,"href":"https:\/\/blog.egophobia.ro\/index.php?rest_route=\/wp\/v2\/posts\/2542\/revisions\/2543"}],"wp:attachment":[{"href":"https:\/\/blog.egophobia.ro\/index.php?rest_route=%2Fwp%2Fv2%2Fmedia&parent=2542"}],"wp:term":[{"taxonomy":"category","embeddable":true,"href":"https:\/\/blog.egophobia.ro\/index.php?rest_route=%2Fwp%2Fv2%2Fcategories&post=2542"},{"taxonomy":"post_tag","embeddable":true,"href":"https:\/\/blog.egophobia.ro\/index.php?rest_route=%2Fwp%2Fv2%2Ftags&post=2542"}],"curies":[{"name":"wp","href":"https:\/\/api.w.org\/{rel}","templated":true}]}}