{"id":2547,"date":"2023-07-31T13:36:30","date_gmt":"2023-07-31T10:36:30","guid":{"rendered":"https:\/\/blog.egophobia.ro\/?p=2547"},"modified":"2023-07-31T13:36:30","modified_gmt":"2023-07-31T10:36:30","slug":"vikingii-roman-istoric","status":"publish","type":"post","link":"https:\/\/blog.egophobia.ro\/?p=2547","title":{"rendered":"&#8221;VIKINGII&#8221;, roman istoric"},"content":{"rendered":"<div class=\"ydp6f907c4cMsoNormal\">\n<div>\n<div>\n<p class=\"ydp32319248MsoNormal\" style=\"text-align: justify;\"><a href=\"https:\/\/deref-gmx.net\/mail\/client\/arWetr9sQj4\/dereferrer\/?redirectUrl=https%3A%2F%2Fedituracreator.ro%2Fcarti%2Fvikingii%2F\" target=\"_blank\" rel=\"noopener\">https:\/\/edituracreator.ro\/carti\/vikingii\/<\/a><\/p>\n<p style=\"text-align: justify;\">\n<div style=\"text-align: justify;\">Romanul\u00a0 va fi lansat la Bra\u015fov, La Festivalul Libfest din Pia\u0163a Sfatului, \u00een 3 august, ora 15.00. Pentru cei care nu sunt bra\u015foveni, dar iubesc istoria \u015fi lumea vikingilor, cartea poate fi comandat\u0103 pe siteul editurii Creator.<\/div>\n<div style=\"text-align: justify;\"><\/div>\n<\/div>\n<p class=\"ydp9e59aa1MsoNormal\" style=\"text-align: justify;\">Au fost vikingii negustori sau pira\u0163i? De ce \u00een jurul anului 800 a erupt cu at\u00e2ta putere vulcanul scandinav, trimi\u0163\u00e2ndu-\u015fi fiii \u00een toate direc\u0163iile, spre Europa, Asia, Africa \u015fi America de Nord? A fost doar hazardul, nevoia de aventur\u0103, dorin\u0163a unor navigatori \u00eendr\u0103zne\u0163i de a merge mereu mai departe, descoperind noi teritorii, cucerind tot ce avea pre\u0163 ori \u00eensemn\u0103tate?<\/p>\n<\/div>\n<\/div>\n<p><!--more--><\/p>\n<p class=\"ydp6f907c4cTEXT-tehnic\" style=\"text-align: justify;\">De fapt, cine erau vikingii? R\u0103zboinici invincibili? Demoni care invadaser\u0103 Occidentul cre\u015ftin, pedepsindu-i deopotriv\u0103 pe cei drep\u0163i \u015fi pe p\u0103c\u0103to\u015fi? Comercian\u0163i ce negociau cu arma \u00een m\u00e2n\u0103? Aventurieri \u00een c\u0103utare de bog\u0103\u0163ii \u015fi faim\u0103?<\/p>\n<p class=\"ydp6f907c4cTEXT-tehnic\" style=\"text-align: justify;\">Jefuitori, cuceritori, colonizatori, mercenari \u2212 r\u0103zboinicii Nordului au schimbat istoria Europei, sco\u0163\u00e2nd-o din letargie, a\u015fa cum numai cruciadele \u015fi ciocnirea cu Islamul aveau s\u0103 o fac\u0103.<\/p>\n<p class=\"ydp6f907c4cTEXT-tehnic\" style=\"text-align: justify;\">N-au existat portrete ale vikingilor, nici monumente care s\u0103 le p\u0103streze amintirea ori s\u0103 le pream\u0103reasc\u0103 \u00eenf\u0103ptuirile&#8230; \u015ei totu\u015fi, epopeea r\u0103zboinicilor Nordului a d\u0103inuit \u00een memoria posterit\u0103\u0163ii, nealterat\u0103 de curgerea secolelor. Iar fl\u0103c\u0103rile aprinse de ei ne lumineaz\u0103 \u00eenc\u0103 nop\u0163ile.<\/p>\n<p class=\"ydp6f907c4cTEXT-tehnic\" style=\"text-align: justify;\">Pentru c\u0103 au \u015ftiut s\u0103 moar\u0103 ori pentru c\u0103 \u015ftiau s\u0103 tr\u0103iasc\u0103?<\/p>\n","protected":false},"excerpt":{"rendered":"<p>https:\/\/edituracreator.ro\/carti\/vikingii\/ Romanul\u00a0 va fi lansat la Bra\u015fov, La Festivalul Libfest din Pia\u0163a Sfatului, \u00een 3 august, ora 15.00. Pentru cei care nu sunt bra\u015foveni, dar iubesc istoria \u015fi lumea vikingilor, cartea poate fi comandat\u0103 pe siteul editurii Creator. Au fost vikingii negustori sau pira\u0163i? De ce \u00een jurul anului 800 a erupt cu at\u00e2ta putere [&hellip;]<\/p>\n","protected":false},"author":2,"featured_media":0,"comment_status":"open","ping_status":"open","sticky":false,"template":"","format":"standard","meta":{"_jetpack_memberships_contains_paid_content":false,"footnotes":"","jetpack_publicize_message":"","jetpack_publicize_feature_enabled":true,"jetpack_social_post_already_shared":true,"jetpack_social_options":{"image_generator_settings":{"template":"highway","default_image_id":0,"font":"","enabled":false},"version":2}},"categories":[4],"tags":[741,161,629,757],"class_list":["post-2547","post","type-post","status-publish","format-standard","hentry","category-anunturi-culturale","tag-anunturi","tag-lansare-de-carte","tag-recomandari-2","tag-rodica-bretin"],"jetpack_publicize_connections":[],"jetpack_featured_media_url":"","jetpack_sharing_enabled":true,"_links":{"self":[{"href":"https:\/\/blog.egophobia.ro\/index.php?rest_route=\/wp\/v2\/posts\/2547","targetHints":{"allow":["GET"]}}],"collection":[{"href":"https:\/\/blog.egophobia.ro\/index.php?rest_route=\/wp\/v2\/posts"}],"about":[{"href":"https:\/\/blog.egophobia.ro\/index.php?rest_route=\/wp\/v2\/types\/post"}],"author":[{"embeddable":true,"href":"https:\/\/blog.egophobia.ro\/index.php?rest_route=\/wp\/v2\/users\/2"}],"replies":[{"embeddable":true,"href":"https:\/\/blog.egophobia.ro\/index.php?rest_route=%2Fwp%2Fv2%2Fcomments&post=2547"}],"version-history":[{"count":1,"href":"https:\/\/blog.egophobia.ro\/index.php?rest_route=\/wp\/v2\/posts\/2547\/revisions"}],"predecessor-version":[{"id":2548,"href":"https:\/\/blog.egophobia.ro\/index.php?rest_route=\/wp\/v2\/posts\/2547\/revisions\/2548"}],"wp:attachment":[{"href":"https:\/\/blog.egophobia.ro\/index.php?rest_route=%2Fwp%2Fv2%2Fmedia&parent=2547"}],"wp:term":[{"taxonomy":"category","embeddable":true,"href":"https:\/\/blog.egophobia.ro\/index.php?rest_route=%2Fwp%2Fv2%2Fcategories&post=2547"},{"taxonomy":"post_tag","embeddable":true,"href":"https:\/\/blog.egophobia.ro\/index.php?rest_route=%2Fwp%2Fv2%2Ftags&post=2547"}],"curies":[{"name":"wp","href":"https:\/\/api.w.org\/{rel}","templated":true}]}}