{"id":2555,"date":"2024-03-29T12:23:42","date_gmt":"2024-03-29T09:23:42","guid":{"rendered":"https:\/\/blog.egophobia.ro\/?p=2555"},"modified":"2024-03-29T12:23:42","modified_gmt":"2024-03-29T09:23:42","slug":"camil-petrescu-inedit-130-de-ani-de-la-nastere","status":"publish","type":"post","link":"https:\/\/blog.egophobia.ro\/?p=2555","title":{"rendered":"\u201eCAMIL PETRESCU \u2013 inedit, 130 de ani de la na\u0219tere\u201d"},"content":{"rendered":"<blockquote>\n<p style=\"text-align: justify;\"><strong>PROIECTUL CULTURAL-EDUCA\u0162IONAL INTERNA\u0162IONAL \u201eROM\u0202NI CELEBRI\u201d<\/strong><\/p>\n<p style=\"text-align: justify;\"><strong>Edi\u021bia a III-a<\/strong><\/p>\n<p style=\"text-align: justify;\"><strong>\u201eCAMIL PETRESCU \u2013 inedit, 130 de ani de la na\u0219tere\u201d<\/strong><\/p>\n<p style=\"text-align: justify;\"><strong>\u00a022-23 aprilie 2024, BAIA MARE<\/strong><\/p>\n<p style=\"text-align: justify;\"><strong>\u00a0\u00a0\u00a0\u00a0\u00a0\u00a0\u00a0\u00a0\u00a0\u00a0\u00a0\u00a0\u00a0\u00a0\u00a0\u00a0\u00a0\u00a0\u00a0\u00a0\u00a0\u00a0\u00a0\u00a0\u00a0\u00a0\u00a0\u00a0\u00a0\u00a0\u00a0\u00a0\u00a0\u00a0\u00a0\u00a0\u00a0\u00a0\u00a0\u00a0\u00a0\u00a0\u00a0\u00a0\u00a0\u00a0\u00a0\u00a0\u00a0 <\/strong><\/p>\n<p><!--more--><\/p>\n<p><strong>DESCRIEREA PROIECTULUI:<\/strong><\/p>\n<p><strong>\u00a0<\/strong><\/p>\n<p style=\"text-align: justify;\">\u00cen anul 2024 se \u00eemplinesc 130 de ani de la na\u0219terea unuia dintre cei mai mari scriitori rom\u00e2ni interbelici, Camil Petrescu. Pentru a eviden\u021bia importan\u021ba acestuia \u00een context na\u021bional \u0219i universal, Colegiul Na\u0163ional \u201eVasile Lucaciu\u201d din Baia Mare, al\u0103turi de partenerii s\u0103i, \u00ee\u015fi propune organizarea unei suite de manifest\u0103ri dedicate celebr\u0103rii acestuia \u0219i sublinierii actualit\u0103\u021bii operei sale. EDITURA ACTAEON BOOKS, prin reprezentan\u021bii s\u0103i, prof. dr. Daniela Sitar-T\u0103ut, membr\u0103 a Uniunii Scriitorilor din Rom\u00e2nia, sec\u021biunea critic\u0103 literar\u0103 \u0219i scriitorul Alexandru Buican, a realizat, \u00een ultimii ani, o consistent\u0103 activitate de recuperare a textelor r\u0103mase \u00een manuscris \u0219i de introducere a acestora \u00een circuitul public, compens\u00e2nd vitregiile destinului postum al autorului.<\/p>\n<p style=\"text-align: justify;\">Din acest motiv am decis s\u0103 continu\u0103m PROIECTUL CULTURAL-EDUCA\u0162IONAL INTERNA\u0162IONAL \u201eROM\u0202NI CELEBRI\u201d, ajuns la Edi\u021bia a III-a, cu tema \u201eCAMIL PETRESCU \u2013 inedit, 130 de ani de la na\u0219tere\u201d, \u00een perioada 22-23 aprilie 2024, la BAIA MARE.<\/p>\n<p style=\"text-align: justify;\">\n<p style=\"text-align: justify;\"><strong>SCOPUL PROIECTULUI: <\/strong><\/p>\n<p style=\"text-align: justify;\">Manifest\u0103rile au ca scop prezentarea elementelor inedite, recent tip\u0103rite, care \u00eentregesc opera camilpetrescian\u0103, red\u00e2nd circuitului na\u021bional texte nevalorificate din crea\u021bia autorului, dar \u0219i stimularea spiritului critic \u0219i \u0219tiin\u021bific al cadrelor didactice \u0219i al elevilor deopotriv\u0103.<\/p>\n<p style=\"text-align: justify;\">\n<p style=\"text-align: justify;\"><strong>PARTENERI MEDIA<\/strong><\/p>\n<p style=\"text-align: justify;\">Ziare \u015fi reviste: <em>Nord Literar, Australianul<\/em> (Australia), <em>Clipa<\/em> (SUA), <em>Miori\u0163a<\/em> (SUA), <em>Radio PRO DIASPORA<\/em> (Germania), <em>Confluen\u0163e literare<\/em> (Bucure\u015fti), <em>Timpul<\/em> (Belgia), <em>Graiul Maramure\u0219ului, Glasul Maramure\u0219ului.<\/em><\/p>\n<p style=\"text-align: justify;\"><em>\u00a0<\/em><\/p>\n<p style=\"text-align: justify;\">\n<p style=\"text-align: justify;\">Colegiul Na\u0163ional \u201eVasile Lucaciu\u201d, Baia Mare,<\/p>\n<p style=\"text-align: justify;\">Director \u2212 Simona Anca S\u0103l\u0103jan<\/p>\n<p style=\"text-align: justify;\">\n<p style=\"text-align: justify;\">\n<p style=\"text-align: justify;\">Institutul Limbii Rom\u00e2ne Bucure\u0219ti,<\/p>\n<p style=\"text-align: justify;\">director \u2013 conf. univ. dr. Daiana Theodora Cuibus<\/p>\n<p style=\"text-align: justify;\">\n<p style=\"text-align: justify;\">\n<p style=\"text-align: justify;\">Editura Actaeon Books Baia Mare,<\/p>\n<p style=\"text-align: justify;\">director \u2013 Daniela Sitar-T\u0103ut<\/p>\n<p style=\"text-align: justify;\">\n<p style=\"text-align: justify;\">\n<p style=\"text-align: justify;\">\n<p style=\"text-align: justify;\">Inspectoratul \u0218colar Maramure\u0219,<\/p>\n<p style=\"text-align: justify;\">prof. Pop Mihai-Cosmin<\/p>\n<p style=\"text-align: justify;\">\n<p style=\"text-align: justify;\">\n<p style=\"text-align: justify;\">Asocia\u021bia Profesorilor Francofoni din Rom\u00e2nia, Filiala Maramure\u0219<\/p>\n<p style=\"text-align: justify;\">Pre\u0219edinte \u2212 \u00a0prof. Rodica Mone<\/p>\n<p style=\"text-align: justify;\">Uniunea Scriitorilor din Rom\u00e2nia, Filiala Cluj, pre\u0219edinte \u2013 Irina Petra\u0219<\/p>\n<p style=\"text-align: justify;\">\n<p style=\"text-align: justify;\">\n<p style=\"text-align: justify;\">Revista de cultur\u0103 \u201eNord Literar\u201d,<\/p>\n<p style=\"text-align: justify;\">manager \u2212 Dana Buzura-Gagniuc<\/p>\n<p style=\"text-align: justify;\">\n<p style=\"text-align: justify;\">\n<p style=\"text-align: justify;\">Biblioteca Jude\u0163ean\u0103 \u201ePetre Dulfu\u201d,<\/p>\n<p style=\"text-align: justify;\">director \u2212 dr. Teodor Ardelean<\/p>\n<p style=\"text-align: justify;\">\n<p style=\"text-align: justify;\">Universitatea de Vest \u201eVasile Goldi\u0219\u201d Arad, Filiala Baia Mare, Facultatea de \u0218tiin\u021be Socio-Umane \u0219i Educa\u021bie Fizic\u0103 \u0219i Sport, Director filial\u0103 \u2013 lector. univ. dr. Liviu T\u0103ut<\/p>\n<p style=\"text-align: justify;\">\n<p style=\"text-align: justify;\">Asocia\u021bia Corul \u201eArhanghelii\u201d Mire\u0219u Mare, pre\u0219edinte \u2013 prof. Ioana Denu\u021b<\/p>\n<p style=\"text-align: justify;\">\n<p style=\"text-align: justify;\">Colegiul Na\u0163ional \u201eMihai Eminescu\u201d Baia Mare,<\/p>\n<p style=\"text-align: justify;\">director \u2212 prof. Cr\u0103ciun Marius Vasile.<\/p>\n<p style=\"text-align: justify;\">\n<p style=\"text-align: justify;\">\n<p style=\"text-align: justify;\"><strong>ECHIPA DE PROIECT<\/strong><\/p>\n<p style=\"text-align: justify;\"><strong>INI\u021aIATOR: <\/strong><\/p>\n<p style=\"text-align: justify;\">Prof. dr. Daniela Sitar-T\u0103ut, Colegiul Na\u0163ional \u201eVasile Lucaciu\u201d, Baia Mare; Director ACTAEON BOOKS<\/p>\n<p style=\"text-align: justify;\"><strong>COORDONATORI: <\/strong><\/p>\n<ol style=\"text-align: justify;\">\n<li>dr. Sab\u0103u Adrian-Vasile, inspector \u0219colar pentru limba \u0219i literatura rom\u00e2n\u0103;<\/li>\n<li>dr. Daniela Sitar-T\u0103ut, Colegiul Na\u0163ional \u201eVasile Lucaciu\u201d, Baia Mare;<\/li>\n<li>dr. Maria-Alina Dorle, Colegiul Na\u021bional \u201eVasile Lucaciu\u201d, Baia Mare;<\/li>\n<li>dr. Coza Ancu\u021ba-Maria, inspector \u0219colar pentru proiecte educa\u021bionale;<\/li>\n<li>Lucia Ileana Pop, colaborator al Institutului Limbii Rom\u00e2ne, \u201eIstituto Comprensivo Santa Beatrice\u201d, Roma, Italia;<\/li>\n<li>Ioana Dolca, Ministero dell&#8217;Istruzione, dell&#8217;Universit\u00e0 e della Ricerca, Istituto Comprensivo &#8222;Enrico Fermi&#8221;, colaborator al Institutului Limbii Rom\u00e2ne IC Lodi IV \u015fi la IC Chignolo Po;<\/li>\n<li>Bianca Oana Pasca, colaborator al Institutului Limbii Rom\u00e2ne, \u0218coala Livry Gargan, Fran\u021ba;<\/li>\n<li>dr. C\u00e2ndea D. Monica, Colegiul Na\u021bional \u201eMihai Eminescu\u201d Baia Mare;<\/li>\n<li>univ. dr. Delia Ardelean, Colegiul Na\u0163ional \u201eVasile Lucaciu\u201d, Baia Mare.<\/li>\n<\/ol>\n<p style=\"text-align: justify;\">\n<p style=\"text-align: justify;\">\n<p style=\"text-align: justify;\"><strong>INSTITU\u021aII PARTENERE:<\/strong><\/p>\n<p style=\"text-align: justify;\"><strong>Partener<\/strong> 1: Colegiul Na\u0163ional \u201eVasile Lucaciu\u201d, Baia Mare, director: Simona Anca S\u0103l\u0103jan, director adjunct: Anca Apostol, ini\u021biator: dr. Daniela Sitar-T\u0103ut, profesor de limba francez\u0103, echipa de proiect: dr. Alina Maria Dorle, dr. Delia Muntean, drd. Pintea Manuela, prof. Janina Friedrich, profesori de limba rom\u00e2n\u0103, dr. Delia Ardelean, profesor socio-umane, profesori de limba englez\u0103, Doina Czibere, Andreea Lauren\u021biu \u0219i Selena Acqui, profesori de limba francez\u0103, Aneta F\u0103z\u0103ca\u0219, Mihaela Cuciureanu, profesor de limba german\u0103 \u2013 Alexandru Sabou, profesor de desen, \u00a0Silvia Donca, profesor documentarist \u2013 Georgiana Petreu\u0219, bibliotecar \u2212 dr. Petronela Mure\u0219an informaticieni \u2212 C\u0103t\u0103lin Koblicska, Claudiu Miclean, secretariat \u2013 Karin Balogh-Czigler, Maria Cri\u0219an, Belous Daliana.<\/p>\n<p style=\"text-align: justify;\"><strong>Partener<\/strong> 2: Institutul Limbii Rom\u00e2ne Bucure\u0219ti, director \u2013 conf. univ. dr. Daiana Theodora Cuibus;<\/p>\n<p style=\"text-align: justify;\"><strong>Partener<\/strong> 3: Editura Actaeon Books Baia Mare, director \u2013 Daniela Sitar-T\u0103ut;<\/p>\n<p style=\"text-align: justify;\"><strong>Partener<\/strong> 4: Inspectoratul \u0218colar Maramure\u0219, prof. Pop Mihai-Cosmin, inspector \u015fcolar general, prof. Filip Dan-Andrei, inspector \u0219colar general adjunct, prof. dr. Coza Ancu\u0163a-Maria, inspector \u0219colar pentru proiecte educa\u021bionale, prof. Marcu Simona-Ioana, inspector \u015fcolar pentru management institu\u021bional, prof. dr. Sab\u0103u Adrian-Vasile, inspector \u0219colar pentru limba \u015fi literatura rom\u00e2n\u0103, prof. dr. Cucuiat Marius-Ciprian-Vasile, inspector \u0219colar pentru limbi moderne;<\/p>\n<p style=\"text-align: justify;\"><strong>Partener<\/strong> 5: Uniunea Scriitorilor din Rom\u00e2nia, Filiala Cluj, pre\u0219edinte \u2013 Irina Petra\u0219;<\/p>\n<p style=\"text-align: justify;\"><strong>Partener<\/strong> 6: Biblioteca Jude\u0163ean\u0103 \u201ePetre Dulfu\u201d, director dr. Teodor Ardelean;<\/p>\n<p style=\"text-align: justify;\"><strong>Partener<\/strong> 7: Revista de cultur\u0103 \u201eNord Literar\u201d, manager Dana Buzura-Gagniuc;<\/p>\n<p style=\"text-align: justify;\"><strong>Partener <\/strong>8: Asocia\u021bia Profesorilor Francofoni din Rom\u00e2nia, Filiala Maramure\u0219, pre\u0219edinte \u2212\u00a0 prof. Rodica Mone;<\/p>\n<p style=\"text-align: justify;\"><strong>Partener<\/strong> 9: Universitatea de Vest \u201eVasile Goldi\u0219\u201d Arad, Filiala Baia Mare, Facultatea de \u0218tiin\u021be Socio-Umane \u0219i Educa\u021bie Fizic\u0103 \u0219i Sport, Director filial\u0103 \u2013 lector. univ. dr. Liviu T\u0103ut, coordonator specializare conf. univ. dr. Delia Ardelean;<\/p>\n<p style=\"text-align: justify;\"><strong>Partener<\/strong> 10: Asocia\u021bia Corul \u201eArhanghelii\u201d Mire\u0219u Mare, pre\u0219edinte \u2013 prof. Ioana Denu\u021b;<\/p>\n<p style=\"text-align: justify;\"><strong>Partener<\/strong> 11: Colegiul Na\u0163ional \u201eMihai Eminescu\u201d Baia Mare, director &#8211; prof. Cr\u0103ciun Marius Vasile.<\/p>\n<p style=\"text-align: justify;\"><strong>\u00a0<\/strong><\/p>\n<p style=\"text-align: justify;\"><strong>COMITET \u0218TIIN\u021aIFIC:<\/strong><\/p>\n<p style=\"text-align: justify;\">Conf. univ. dr. Theodora Daiana Cuibus, Universitatea Babes-Bolyai Cluj-Napoca, director al Institutul Limbii Rom\u00e2ne din Bucure\u0219ti;<\/p>\n<p style=\"text-align: justify;\">Conf. dr. Maria Crina Bud, Universit\u00e9 Sorbonne Nouvelle Paris\/ Institutul Limbii Rom\u00e2ne din Bucure\u0219ti;<\/p>\n<p style=\"text-align: justify;\">Prof. univ. dr. Bogdan Cre\u021bu, Universitatea \u201eAlexandru Ioan Cuza\u201d Ia\u0219i;<\/p>\n<p style=\"text-align: justify;\">Prof. univ. dr. habil. Aliona Grati, directoare a \u0218colii Doctorale \u0218tiin\u021be Umaniste \u0219i ale Educa\u021biei a Universit\u0103\u021bii de Stat din Moldova;<\/p>\n<ol style=\"text-align: justify;\">\n<li>Florin Oprescu, Gastlektor Universit\u00e4t Wien, Institut f\u00fcr Romanistik;<\/li>\n<\/ol>\n<p style=\"text-align: justify;\">Conf. univ. dr. Gheorghe Mihai B\u00e2rlea, Universitatea Tehnic\u0103 din Cluj-Napoca, Centrul Universitar Nord Baia Mare;<\/p>\n<p style=\"text-align: justify;\">Conf. univ. dr. Nina Corcinschi, Universitatea Pedagogic\u0103 de Stat \u201eIon Creang\u0103\u02ee, Chi\u0219in\u0103u;<\/p>\n<p style=\"text-align: justify;\">Prof. univ. emerit Dr. Theodor Damian, Metropolitan College of New York\/ Academia Oamenilor de \u0218tiin\u021b\u0103 din Rom\u00e2nia;<\/p>\n<p style=\"text-align: justify;\">Doc. Ph. Dr. Peter Kopeck\u00fd, Csc, Facultatea de Filosofie a Universit\u0103\u021bii \u201eConstantin Filosoful\u201d din Nitra, Slovacia;<\/p>\n<p style=\"text-align: justify;\">CS III, dr. Viorella Manolache, Institutul de \u0218tiin\u021be Politice \u0219i Rela\u021bii Interna\u021bionale \u201eIon I. C. Br\u0103tianu\u201d al Academiei Rom\u00e2ne, Bucure\u0219ti;<\/p>\n<p style=\"text-align: justify;\">Doc. Ph. dr. Jana P\u00e1len\u00edkov\u00e1, csc, Filosofick\u00e1fakulta UK, Bratislava;<\/p>\n<p style=\"text-align: justify;\">Prof. dr. Daniela Sitar-T\u0103ut, Colegiul Na\u0163ional \u201eVasile Lucaciu\u201d din Baia Mare\/ Uniunea Scriitorilor din Rom\u00e2nia.<\/p>\n<p style=\"text-align: justify;\">\n<p style=\"text-align: justify;\"><strong>RESURSE MATERIALE \u015eI FINANCIARE:<\/strong><\/p>\n<p style=\"text-align: justify;\">\u2212\u00a0\u00a0\u00a0\u00a0\u00a0\u00a0\u00a0\u00a0 videoproiector, ecran, microfon din dotarea spa\u021biului pus la dispozi\u021bie;<\/p>\n<p style=\"text-align: justify;\">\u2212\u00a0\u00a0\u00a0\u00a0\u00a0\u00a0\u00a0\u00a0 invita\u021bii \u0219i afi\u0219e;<\/p>\n<p style=\"text-align: justify;\">\u2212\u00a0\u00a0\u00a0\u00a0\u00a0\u00a0\u00a0\u00a0 tip\u0103rire diplome;<\/p>\n<p style=\"text-align: justify;\">\u2212\u00a0\u00a0\u00a0\u00a0\u00a0\u00a0\u00a0\u00a0 tip\u0103rire volume profesori \u0219i elevi.<\/p>\n<p style=\"text-align: justify;\">\n<p style=\"text-align: justify;\"><strong>CALENDARUL ACTIVIT\u01cd\u0162ILOR<\/strong><\/p>\n<ol style=\"text-align: justify;\">\n<li>Alc\u0103tuirea echipei de proiect: 1-29 februarie 2024;<\/li>\n<li>Etapa de promovare a manifest\u0103rilor: 1-30 martie. Discutarea \u015fi redactarea regulamentului concursului pe sec\u021biuni. Se va realiza popularizarea proiectului \u00een \u015fcolile din \u0163ar\u0103, \u00een comunit\u0103\u0163ile rom\u00e2ne\u015fti din diaspora \u015fi \u00een mass-media.<\/li>\n<li>Completarea formularului google pentru participarea la conferin\u021b\u0103:1-15 aprilie 2024;<\/li>\n<li>Derularea ac\u021biunilor: 22 aprilie-31 august 2024;<\/li>\n<li>Etapa de trimitere a lucr\u0103rilor: termen-limit\u0103 30 iunie 2024. Lucr\u0103rile se vor expedia \u00een format electronic, pe adresele de email men\u021bionate.<\/li>\n<li>Etapa de jurizare a scrisorilor \u0219i crea\u0163iilor plastice ale elevilor: 1-15 august 2024;<\/li>\n<li>Etapa final\u0103, diseminarea rezultatelor proiectului, evaluarea proiectului (chestionare, foto, num\u0103r participan\u0163i, dosar media), editare volum: 1-31 august 2024.<\/li>\n<\/ol>\n<p style=\"text-align: justify;\"><strong>\u00a0<\/strong><\/p>\n<p style=\"text-align: justify;\"><strong>\u00a0<\/strong><\/p>\n<p style=\"text-align: justify;\"><strong>\u00a0<\/strong><\/p>\n<p style=\"text-align: justify;\"><strong>AC\u0162IUNEA 1<\/strong><\/p>\n<p style=\"text-align: justify;\"><strong>Conferin\u021ba cu participare interna\u021bional\u0103 \u201eCamil Petrescu \u2013 Inedit, 130 de ani de la na\u0219tere\u201d.<\/strong><\/p>\n<p style=\"text-align: justify;\">LOCUL \u0218I DATA DESF\u0102\u0218UR\u0102RII: Salonul Artelor, Biblioteca Jude\u021bean\u0103 \u201ePetre Dulfu\u201d, orele 10-12, 23 aprilie 2024 &#8211; sus\u021binerea conferin\u021bei, definitivarea volumului colectiv &#8211; 31 august 2024.<\/p>\n<p style=\"text-align: justify;\">Vor sus\u021bine lucr\u0103ri, \u00een plen:<\/p>\n<ul style=\"text-align: justify;\">\n<li>dr. Adrian-Vasile Sab\u0103u, inspector \u015fcolar pentru limba \u015fi literatura rom\u00e2n\u0103 \u2212 Camil Petrescu \u2013 <em>Aici se repar\u0103 ieftin roata norocului<\/em>, edi\u021bie integral\u0103;<\/li>\n<li>dr. Daniela Sitar-T\u0103ut, Colegiul Na\u0163ional \u201eVasile Lucaciu\u201d Baia Mare, Director Editura ACTAEON BOOKS, <em>Jurnalul medical al lui <\/em><em>Camil Petrescu<\/em>;<\/li>\n<li>dr. Maria Crina Bud, Universit\u00e9 Sorbonne Nouvelle Paris\/ Institutul Limbii Rom\u00e2ne din Bucure\u0219ti, <em>T<\/em><em>ehnicile de adnotare\u00a0 a fic\u021biunii<\/em>;<\/li>\n<li>dr. Maria-Alina Dorle, Colegiul Na\u021bional \u201eVasile Lucaciu\u201d Baia Mare, <em>Husserl. O introducere \u00een filosofia fenomenologic<\/em>;<\/li>\n<li>dr. Monica D. C\u00e2ndea, Colegiul Na\u021bional \u201eMihai Eminescu\u201d Baia Mare, <em>Camil Petrescu \u2013 Interviuri.<\/em><\/li>\n<\/ul>\n<p style=\"text-align: justify;\">Moderator \u2212 Conf. univ. dr.\u00a0 Gheorghe Mihai B\u00e2rlea, Universitatea Tehnic\u0103 din Cluj-Napoca, Centrul Universitar Nord Baia Mare<\/p>\n<p style=\"text-align: justify;\">Celor prezen\u021bi li se acord\u0103 diplome de participare.<\/p>\n<p style=\"text-align: justify;\">\u00censcrierea la eveniment se va face prin completarea urm\u0103torului formular: <a href=\"https:\/\/forms.gle\/56xQ8NmSh8io7iHq7\">https:\/\/forms.gle\/56xQ8NmSh8io7iHq7<\/a>.<\/p>\n<p style=\"text-align: justify;\">\n<p style=\"text-align: justify;\"><strong>Evaluarea \u0219i produsele activit\u0103\u021bii<\/strong><\/p>\n<p style=\"text-align: justify;\">Cei care doresc pot trimite lucr\u0103ri potrivite tematicii p\u00e2n\u0103 la data de 30 iunie 2024 pe adresa de email <a href=\"mailto:danielasitartaut@gmail.com\">danielasitartaut@gmail.com<\/a>. Datele suplimentare, tehnice, se g\u0103sesc \u00een anex\u0103. Dup\u0103 acceptarea lucr\u0103rii de c\u0103tre comitetul \u0219tiin\u021bific, se va achita o tax\u0103 de 50 de RON, care s\u0103 acopere cheltuielile tipografice ale ghidului de bune practici pe care urmeaz\u0103 s\u0103-l alc\u0103tuim, adeverin\u021ba de participare la proiect \u0219i diploma pentru participarea cu lucrare la conferin\u021b\u0103. Cheltuielile po\u0219tale, pentru cei din afara \u021b\u0103rii, vor fi suportate de participant.<\/p>\n<p style=\"text-align: justify;\"><strong>\u00a0<\/strong><\/p>\n<p style=\"text-align: justify;\"><strong>AC\u0162IUNEA 2 <\/strong><\/p>\n<p style=\"text-align: justify;\"><strong>Ateliere de scriere creativ\u0103 \u201eCamil Petrescu \u00eentre trecut \u0219i prezent\u201d<\/strong><\/p>\n<p style=\"text-align: justify;\">Data derul\u0103rii: 23 aprilie 2024, \u00eentre orele 8.00-10.00.<\/p>\n<p style=\"text-align: justify;\">Locul: Salonul Artelor, Biblioteca Jude\u021bean\u0103 \u201ePetre Dulfu\u201d.<\/p>\n<p style=\"text-align: justify;\">Coordonatori:<\/p>\n<ul style=\"text-align: justify;\">\n<li>drd. Pintea Manuela;<\/li>\n<li>dr. C\u00e2ndea Dana Monica.<\/li>\n<\/ul>\n<p style=\"text-align: justify;\">\n<p style=\"text-align: justify;\"><strong>AC\u0162IUNEA 3<\/strong><\/p>\n<p style=\"text-align: justify;\"><strong>Concurs interna\u021bional \u201eScrisori c\u0103tre Camil\u201d (\u00een limbile rom\u00e2n\u0103, francez\u0103, italian\u0103, spaniol\u0103, german\u0103 \u015fi englez\u0103).<\/strong><\/p>\n<p style=\"text-align: justify;\">Folosind stilul epistolar, elevii din \u021bar\u0103 \u0219i din diaspora vor redacta un text, de maximum 3 pagini, Times New Roman, caractere de 12, spa\u021biere la 1 r\u00e2nd, imagin\u00e2ndu-\u0219i c\u0103 sunt contemporani cu autorul \u0219i relat\u00e2ndu-i impresii referitoare la opera lui, suger\u00e2ndu-i modific\u0103ri sau interog\u00e2ndu-l asupra motiva\u021biilor elabor\u0103rii unei anumite crea\u021bii.<\/p>\n<p style=\"text-align: justify;\">Lucr\u0103rile vor fi expediate online, complet\u00e2nd fi\u0219a de \u00eenscriere p\u00e2n\u0103 la data de 30 iunie 2024.<\/p>\n<p style=\"text-align: justify;\">\n<p style=\"text-align: justify;\"><strong>AC\u0162IUNEA 4<\/strong><\/p>\n<p style=\"text-align: justify;\"><strong>\u00a0Concurs Interna\u021bional \u201eCamil Petrescu \u0219i epoca sa\u201d \u2013 sec\u021biunea Arte Plastice. <\/strong><\/p>\n<p style=\"text-align: justify;\">Desenele, indiferent de tehnica folosit\u0103, vor fi expediate sau aduse personal la Colegiul Na\u0163ional \u201eVasile Lucaciu\u201d, str. Culturii nr. 2, cod po\u0219tal 430282, Maramure\u015f, cu men\u021biunea pentru\u00a0 Concurs Interna\u021bional \u201eCamil Petrescu \u0219i epoca sa\u201d.<\/p>\n<p style=\"text-align: justify;\">\n<p style=\"text-align: justify;\"><strong>AC\u0162IUNEA 5<\/strong><\/p>\n<p style=\"text-align: justify;\"><strong>Cultur\u0103, tradi\u021bie \u0219i spiritualitate rom\u00e2neasc\u0103 \u00een diaspora<\/strong><\/p>\n<p style=\"text-align: justify;\">Asocia\u021bia Corul \u201eArhanghelii\u201d Mire\u0219u Mare, pre\u0219edinte \u2013 prof. Ioana Denu\u021b \u0219i prof.dr. Daniela Sitar-T\u0103ut, Director al editurii ACTAEON BOOKS vor da curs invita\u021biei Parohiei Ortodoxe Sf\u00e2ntul Martin M\u0103rturisitorul din Roma, p\u0103storit\u0103 de preotul Petre Aslan \u0219i, la data de 12 mai vor sus\u021bine un moment Program cultural-artistic. Corul va sus\u021bine momente cultural-religioase, populariz\u00e2nd tradi\u021biile \u0219i obiceiurile maramure\u0219ene, inton\u00e2nd pricesne duminicale \u0219i c\u00e2ntece populare, care s\u0103 fie auzite \u0219i de numero\u0219ii turi\u0219ti care viziteaz\u0103 Cetatea Etern\u0103. Prilejul va fi folosit \u0219i pentru \u00eenf\u0103\u021bi\u0219area straielor populare specifice Maramure\u0219ului. Cu acest prilej, editura ACTAEON BOOKS va prezenta rom\u00e2nii celebri tip\u0103ri\u021bi de c\u0103tre aceasta, Constantin Br\u00e2ncu\u0219i, Vlad III Dracula \u021aepe\u0219, Camil Petrescu \u0219i va oferi c\u0103r\u021bi copiilor din comunitatea rom\u00e2neasc\u0103.<\/p>\n<p style=\"text-align: justify;\">\n<p style=\"text-align: justify;\">Coordonatori:<\/p>\n<ul style=\"text-align: justify;\">\n<li>preot Petre Aslan, Parohia Ortodox\u0103 Sf\u00e2ntul Martin M\u0103rturisitorul din Roma;<\/li>\n<li>Ioan M\u0103tie\u0219, primar al localit\u0103\u021bii Mire\u0219u Mare, Maramure\u0219;<\/li>\n<li>Prof. Lucia Ileana Pop, colaborator al Institutului Limbii Rom\u00e2ne, \u201eIstituto Comprensivo Santa Beatrice\u201d, Roma, Italia;<\/li>\n<li>prof. Ioana Denu\u021b, pre\u0219edint\u0103 a Asocia\u021bia Corul \u201eArhanghelii\u201d din Mire\u0219u Mare;<\/li>\n<li>prof. dr. Daniela Sitar-T\u0103ut, Director al editurii ACTAEON BOOKS.<\/li>\n<\/ul>\n<p style=\"text-align: justify;\">\n<p style=\"text-align: justify;\">Locul \u0219i data desf\u0103\u0219ur\u0103rii: Parohia Ortodox\u0103 Sf\u00e2ntul Martin M\u0103rturisitorul din Roma, 12 mai 2024,<\/p>\n<p style=\"text-align: justify;\">ora 9.<\/p>\n<p style=\"text-align: justify;\"><strong>\u00a0<\/strong><\/p>\n<p style=\"text-align: justify;\"><strong>NORME DE REDACTARE A LUCR\u0102RILOR<\/strong><\/p>\n<p style=\"text-align: justify;\">TITLUL: \u00een Times New Roman, Normal, cu majuscule, caractere de 12, bold, centrat;<\/p>\n<p style=\"text-align: justify;\">NUMELE AUTORULUI: \u00een Times New Roman, 11, bold, dreapta, prenumele cu litere mici, numele cu majuscule. Sub nume se men\u0163ioneaz\u0103 afilierea; de exemplu: Ioana POPESCU\u00a0 Universitatea \u201eLucian Blaga\u201d, Sibiu;<\/p>\n<p style=\"text-align: justify;\">ARTICOLUL PROPRIU-ZIS: \u00een Times New Roman, Normal, 11, la un r\u00e2nd, justify, alineat (tab) de 1 cm. Pentru articolele \u00een limba rom\u00e2n\u0103, diacriticele sunt obligatorii;<\/p>\n<p style=\"text-align: justify;\">SUBTITLURILE se scriu \u00een BOLD, 11, cu litere mici \u0219i se numeroteaz\u0103 1, 2, 3&#8230;;\u00a0 1.1., 1.2.\u00a0\u00a0 2.1. Articolele trebuie s\u0103 fie structurate \u00een subcapitole intitulate. Articolele au 1. Introducere \u015fi\u00a0 Concluzii.<\/p>\n<p style=\"text-align: justify;\">NOTELE:\u00a0 la subsol (footnote), \u00een Times New Roman, Normal, 10, la un r\u00e2nd, justify, hanging (cu 1 cm). Notele con\u0163in comentarii, citate, complet\u0103ri ale informa\u0163iei etc. Dac\u01ce le face\u0163i \u00een text, notele nu sunt necesare.<\/p>\n<p style=\"text-align: justify;\">TRIMITERILE se fac \u00een text, dup\u0103 modelul: (Albulescu, 2003: 45) sau (Ibidem: 12). Toate cit\u0103rile din text trebuie s\u0103 se reg\u0103seasc\u0103 \u00een bibliografie. Nu folosi\u0163i excesiv citate din acela\u0219i autor.<\/p>\n<p style=\"text-align: justify;\">BIBLIOGRAFIA: \u00een Times New Roman, Normal, 11, la un r\u00e2nd, justify, hanging cu 1 cm, dup\u0103 modelul de mai jos:<\/p>\n<p style=\"text-align: justify;\">KUNDERA, Milan: <em>L\u2019Ignorance<\/em>. Paris : Gallimard, 2000. Trad. Emanoil Marcu sub titlul Ignoran\u0163a. Bucure\u0219ti : Humanitas, 2006;<\/p>\n<p style=\"text-align: justify;\">VI\u015eNIEC, Matei:\u00a0 <em>Caii la fereastr\u0103<\/em>. 1992. Bucure\u0219ti : Aula, 2001;<\/p>\n<p style=\"text-align: justify;\">VI\u015eNIEC, Matei: <em>L\u2019Histoire du Communisme racont\u00e9e pour des malades mentaux<\/em>. Paris : Lansman, 2000. Text rom\u00e2nesc: <em>Istoria comunismului povestit\u0103 pentru bolnavii mintal<\/em>. Bucure\u015fti : Paralela 45, 2007;<\/p>\n<p style=\"text-align: justify;\">IUGA, Nora: \u201eScriu ca sa simt c\u0103 tr\u0103iesc\u201d. In:\u00a0 <em>Rom\u00e2nia literar\u0103<\/em>, 2011, nr. 45, p. 12;<\/p>\n<p style=\"text-align: justify;\">REZUMATUL: \u00een Times New Roman, Normal, 11, la un r\u00e2nd, pe prima pagina, sub numele si afilierea autorului, alineat \u00een dreapta, cu 2 TAB-uri fa\u021b\u0103 de marginea din st\u00e2nga (2 cm). Rezumatul va fi redactat \u00eentr-una dintre urm\u0103toarele\u00a0 limbi romanice (francez\u0103, spaniol\u0103, portughez\u0103, italian\u0103). Pentru lucr\u0103rile elaborate \u00eentr-o limb\u0103 romanic\u0103, rezumatul va fi \u00een limba rom\u00e2n\u0103.<\/p>\n<p style=\"text-align: justify;\">Cuvintele NOTE, BIBLIOGRAFIE se scriu \u00een Times New Roman, Normal, 11, bold, majuscule, alineat (TAB) de 1 cm.<\/p>\n<p style=\"text-align: justify;\">Nu se numeroteaz\u0103 paginile. Formatul va fi decis ulterior.<\/p>\n<p style=\"text-align: justify;\">Un articol are \u00eentre 5-10 pagini, iar rezumatul \u2013 \u00eentre 7 \u015fi 15\u00a0 r\u00e2nduri.<\/p>\n<p style=\"text-align: justify;\">Ghilimelele folosite sunt specifice limbii utilizate: rom\u00e2ne\u015fti, fran\u0163uze\u015fti etc.<\/p>\n<p style=\"text-align: justify;\">Pentru c\u0103r\u0163ile str\u0103ine traduse \u00een Rom\u00e2nia se va men\u0163iona numele traduc\u0103torului.<\/p>\n<p style=\"text-align: justify;\">\n<p style=\"text-align: justify;\"><strong>PERSOANE DE CONTACT<\/strong><\/p>\n<p style=\"text-align: justify;\">Prof. Dr. Daniela Sitar-T\u0103ut, <a href=\"mailto:daniela.sitar-taut@lucaciu.ro\">daniela.sitar-taut@lucaciu.ro<\/a>, tel. 0755914992, pentru <em>Conferin\u021ba Camil Petrescu inedit<\/em>;<\/p>\n<p style=\"text-align: justify;\">Prof. Dr. C\u00e2ndea D. Monica, <a href=\"mailto:monicandea79@gmail.com\">monicandea79@gmail.com<\/a>, tel. 0740273166, sec\u021biunea elevi, limba rom\u00e2n\u0103;<\/p>\n<p style=\"text-align: justify;\">Prof. Lucia Ileana Pop, colaborator al Institutului Limbii Rom\u00e2ne, \u201eIstituto Comprensivo Santa Beatrice\u201d, Roma, Italia, <a href=\"mailto:luciaileanapop@gmail.com\">luciaileanapop@gmail.com<\/a>, tel. 00393894551266, sec\u021biunea elevi \u2013 diaspora;<\/p>\n<p style=\"text-align: justify;\">Conf. univ. dr. Delia Ardelean, <a href=\"mailto:delia.ardelean@lucaciu.ro\">delia.ardelean@lucaciu.ro<\/a>, sec\u021biunea socio-umane;<\/p>\n<p style=\"text-align: justify;\">Prof. Aneta F\u0103z\u0103ca\u0219, <a href=\"mailto:aneta.fazacas@lucaciu.ro\">aneta.fazacas@lucaciu.ro<\/a>, lucr\u0103ri \u00een limba francez\u0103;<\/p>\n<p style=\"text-align: justify;\">Prof. Selena Acqui, <a href=\"mailto:selena.acqui@lucaciu.ro\">selena.acqui@lucaciu.ro<\/a>, lucr\u0103ri \u00een limba englez\u0103;<\/p>\n<p style=\"text-align: justify;\">Prof. Alexandru Sabou, <a href=\"mailto:alexandru.sabou@lucaciu.ro\">alexandru.sabou@lucaciu.ro<\/a>, lucr\u0103ri \u00een limba german\u0103;<\/p>\n<p style=\"text-align: justify;\">Prof. Silvia Donca, <a href=\"mailto:silvia.donca@lucaciu.ro\">silvia.donca@lucaciu.ro<\/a>, lucr\u0103ri plastice.<\/p>\n<p style=\"text-align: justify;\">\n<p style=\"text-align: justify;\">\n<p style=\"text-align: justify;\"><strong>ANEX\u0102 1<\/strong><\/p>\n<p style=\"text-align: justify;\"><strong>FI\u015e\u0102 DE PARTICIPARE<\/strong><\/p>\n<p style=\"text-align: justify;\">PROIECTUL CULTURAL-EDUCA\u0162IONAL INTERNA\u0162IONAL \u201eROM\u0202NI CELEBRI\u201d, Edi\u021bia a III-a, \u201eCAMIL PETRESCU \u2013 inedit, 130 de ani de la na\u0219tere\u201d<\/p>\n<p style=\"text-align: justify;\">Nume \u0219i prenume\u2026\u2026\u2026\u2026\u2026\u2026\u2026\u2026\u2026\u2026\u2026\u2026\u2026\u2026\u2026\u2026\u2026\u2026\u2026\u2026\u2026\u2026\u2026\u2026\u2026\u2026.<\/p>\n<p style=\"text-align: justify;\">N\u0103scut(\u0103) la data de\u2026\u2026\u2026\u2026\u2026\u2026\u2026\u2026\u2026.. \u00een localitatea\u2026\u2026\u2026.. jude\u0163ul\u2026\u2026\u2026.<\/p>\n<p style=\"text-align: justify;\">\u0162ara&#8230;&#8230;&#8230;&#8230;&#8230;&#8230;&#8230;&#8230;&#8230;&#8230;&#8230;&#8230;&#8230;..<\/p>\n<p style=\"text-align: justify;\">Institu\u0163ia de provenien\u0163\u0103\u2026\u2026\u2026\u2026\u2026\u2026\u2026\u2026\u2026\u2026\u2026\u2026\u2026\u2026\u2026\u2026\u2026\u2026\u2026\u2026\u2026\u2026\u2026<\/p>\n<p style=\"text-align: justify;\">Domiciliul (adres\u0103, telefon, e-mail)\u2026\u2026\u2026\u2026\u2026\u2026\u2026\u2026\u2026\u2026\u2026\u2026\u2026\u2026\u2026\u2026\u2026\u2026<\/p>\n<p style=\"text-align: justify;\">Specializarea&#8230;&#8230;&#8230;&#8230;&#8230;&#8230;&#8230;&#8230;&#8230;&#8230;&#8230;&#8230;&#8230;&#8230;&#8230;&#8230;.<\/p>\n<p style=\"text-align: justify;\">Repere personale \u00een activitatea \u015ftiin\u0163ific\u0103 (particip\u0103ri la sesiuni \u015ftiin\u0163ifice, concursuri, publica\u0163ii)\u2026\u2026\u2026\u2026\u2026\u2026\u2026\u2026\u2026\u2026\u2026\u2026\u2026\u2026\u2026\u2026\u2026\u2026\u2026\u2026\u2026\u2026\u2026\u2026<\/p>\n<p style=\"text-align: justify;\">\u2026\u2026\u2026\u2026\u2026\u2026\u2026\u2026\u2026\u2026\u2026\u2026\u2026\u2026\u2026\u2026\u2026\u2026\u2026\u2026\u2026\u2026\u2026\u2026\u2026\u2026\u2026\u2026\u2026\u2026\u2026\u2026\u2026<\/p>\n<p style=\"text-align: justify;\">\u2026\u2026\u2026\u2026\u2026\u2026\u2026\u2026\u2026\u2026\u2026\u2026\u2026\u2026\u2026\u2026\u2026\u2026\u2026\u2026\u2026\u2026\u2026\u2026\u2026\u2026\u2026\u2026\u2026\u2026<\/p>\n<p style=\"text-align: justify;\">Profesor coordonator: \u2212 \u00een cazul elevilor<\/p>\n<p style=\"text-align: justify;\">Email&#8230;&#8230;..<\/p>\n<p style=\"text-align: justify;\">Num\u0103r de telefon&#8230;&#8230;&#8230;&#8230;&#8230;&#8230;&#8230;&#8230;<\/p>\n<p style=\"text-align: justify;\">Sec\u021biunea&#8230;&#8230;&#8230;&#8230;&#8230;&#8230;&#8230;&#8230;&#8230;&#8230;&#8230;&#8230;&#8230;&#8230;&#8230;&#8230;&#8230;&#8230;&#8230;&#8230;&#8230;&#8230;&#8230;&#8230;&#8230;&#8230;&#8230;&#8230;&#8230;&#8230;&#8230;&#8230;<\/p>\n<p style=\"text-align: justify;\">Numele lucr\u0103rii&#8230;&#8230;&#8230;&#8230;&#8230;&#8230;&#8230;&#8230;&#8230;&#8230;&#8230;&#8230;&#8230;&#8230;&#8230;&#8230;&#8230;&#8230;&#8230;&#8230;&#8230;&#8230;&#8230;&#8230;&#8230;&#8230;&#8230;&#8230;&#8230;.<\/p>\n<p style=\"text-align: justify;\">Participare \u2013 direct\u0103\/ indirect\u0103<\/p>\n<p style=\"text-align: justify;\">\n<\/blockquote>\n","protected":false},"excerpt":{"rendered":"<p>PROIECTUL CULTURAL-EDUCA\u0162IONAL INTERNA\u0162IONAL \u201eROM\u0202NI CELEBRI\u201d Edi\u021bia a III-a \u201eCAMIL PETRESCU \u2013 inedit, 130 de ani de la na\u0219tere\u201d \u00a022-23 aprilie 2024, BAIA MARE \u00a0\u00a0\u00a0\u00a0\u00a0\u00a0\u00a0\u00a0\u00a0\u00a0\u00a0\u00a0\u00a0\u00a0\u00a0\u00a0\u00a0\u00a0\u00a0\u00a0\u00a0\u00a0\u00a0\u00a0\u00a0\u00a0\u00a0\u00a0\u00a0\u00a0\u00a0\u00a0\u00a0\u00a0\u00a0\u00a0\u00a0\u00a0\u00a0\u00a0\u00a0\u00a0\u00a0\u00a0\u00a0\u00a0\u00a0\u00a0\u00a0<\/p>\n","protected":false},"author":2,"featured_media":0,"comment_status":"open","ping_status":"open","sticky":false,"template":"","format":"standard","meta":{"_jetpack_memberships_contains_paid_content":false,"footnotes":"","jetpack_publicize_message":"","jetpack_publicize_feature_enabled":true,"jetpack_social_post_already_shared":true,"jetpack_social_options":{"image_generator_settings":{"template":"highway","default_image_id":0,"font":"","enabled":false},"version":2}},"categories":[4],"tags":[741,629],"class_list":["post-2555","post","type-post","status-publish","format-standard","hentry","category-anunturi-culturale","tag-anunturi","tag-recomandari-2"],"jetpack_publicize_connections":[],"jetpack_featured_media_url":"","jetpack_sharing_enabled":true,"_links":{"self":[{"href":"https:\/\/blog.egophobia.ro\/index.php?rest_route=\/wp\/v2\/posts\/2555","targetHints":{"allow":["GET"]}}],"collection":[{"href":"https:\/\/blog.egophobia.ro\/index.php?rest_route=\/wp\/v2\/posts"}],"about":[{"href":"https:\/\/blog.egophobia.ro\/index.php?rest_route=\/wp\/v2\/types\/post"}],"author":[{"embeddable":true,"href":"https:\/\/blog.egophobia.ro\/index.php?rest_route=\/wp\/v2\/users\/2"}],"replies":[{"embeddable":true,"href":"https:\/\/blog.egophobia.ro\/index.php?rest_route=%2Fwp%2Fv2%2Fcomments&post=2555"}],"version-history":[{"count":1,"href":"https:\/\/blog.egophobia.ro\/index.php?rest_route=\/wp\/v2\/posts\/2555\/revisions"}],"predecessor-version":[{"id":2556,"href":"https:\/\/blog.egophobia.ro\/index.php?rest_route=\/wp\/v2\/posts\/2555\/revisions\/2556"}],"wp:attachment":[{"href":"https:\/\/blog.egophobia.ro\/index.php?rest_route=%2Fwp%2Fv2%2Fmedia&parent=2555"}],"wp:term":[{"taxonomy":"category","embeddable":true,"href":"https:\/\/blog.egophobia.ro\/index.php?rest_route=%2Fwp%2Fv2%2Fcategories&post=2555"},{"taxonomy":"post_tag","embeddable":true,"href":"https:\/\/blog.egophobia.ro\/index.php?rest_route=%2Fwp%2Fv2%2Ftags&post=2555"}],"curies":[{"name":"wp","href":"https:\/\/api.w.org\/{rel}","templated":true}]}}