{"id":2571,"date":"2024-08-26T22:31:57","date_gmt":"2024-08-26T19:31:57","guid":{"rendered":"https:\/\/blog.egophobia.ro\/?p=2571"},"modified":"2024-08-26T22:31:57","modified_gmt":"2024-08-26T19:31:57","slug":"trei-zile-de-filme-si-teatru-pentru-copii-in-parcul-crang-din-buzau-la-biaf-kids-2024","status":"publish","type":"post","link":"https:\/\/blog.egophobia.ro\/?p=2571","title":{"rendered":"Trei zile de filme \u0219i teatru pentru copii \u00een Parcul Cr\u00e2ng din Buz\u0103u,\u00a0la BIAF Kids 2024"},"content":{"rendered":"<p style=\"text-align: justify;\">\n<strong>Buz\u0103u International Arts Festival (BIAF) se desf\u0103\u0219oar\u0103 \u00eentre 23 august \u0219i 20 septembrie 2024. Sec\u021biunea rezervat\u0103 copiilor, BIAF Kids 2024, se \u00eentinde pe trei zile \u2013 29, 30 \u0219i 31 august \u2013 \u0219i aduce filme \u0219i spectacole de teatru pentru copii, pictur\u0103 pe fa\u021b\u0103, muzic\u0103, dans \u0219i distrac\u021bii cei mici. Intrarea este liber\u0103.<\/strong><!--more--><\/p>\n<p style=\"text-align: justify;\">\n<p style=\"text-align: justify;\">La cea de-a patra edi\u021bie a Buz\u0103u International Arts Festival, zilele 29, 30 \u0219i 31 august sunt rezervate publicului de v\u00e2rste mici. Copiii se vor distra cu muzic\u0103, teatru, filme, dans, pictur\u0103 pe fa\u021b\u0103 \u0219i altele. Cei mici \u0219i \u00eei vor \u00eenso\u021bi \u00een aventurile lor pe \u201eMuzican\u021bii din Bremen\u201d, pe \u201ePinocchio\u201d \u0219i pe Colorici, \u00een spectacolele de teatru ce se vor juca pe scena BIAF Kids 2024. \u00cen Parcul Cr\u00e2ng din Buz\u0103u.<\/p>\n<p style=\"text-align: justify;\">Dintre filmele ce vor rula pentru copii, amintim \u201eElemental\u201d (2023), care pune povestea unei tinere pe nume Ember (Flam\u0103), o fat\u0103 dur\u0103, iute la minte \u0219i \u00eenfl\u0103c\u0103rat\u0103, a c\u0103rei prietenie cu un tip distractiv, sentimental \u0219i docil, pe nume Wade (\u0218uvoi), \u00eei pune la \u00eendoial\u0103 convingerile despre lumea \u00een care tr\u0103iesc. Un alt film preg\u0103tit pentru micu\u021bi este \u201eRo\u0219u aprins\u201d (2022). Filmul are \u00een rolul principal o t\u00e2n\u0103r\u0103 pentru care adolescen\u021ba chiar aduce schimb\u0103ri majore, ba chiar\u2026 o transform\u0103! \u201eDorin\u021ba\u201d este filmul care spune povestea Ashei, o fat\u0103 c\u0103rui i se \u00eendepline\u0219te o dorin\u021b\u0103 de c\u0103tre o stea bucluca\u0219\u0103. Toate filmele sunt dublate \u0219i au audien\u021b\u0103 general\u0103. Iar intrarea este liber\u0103!<\/p>\n<p style=\"text-align: justify;\"><strong>Distrac\u021bii \u0219i pentru cei mai mici<\/strong><\/p>\n<p style=\"text-align: justify;\">Copiii care vin la BIAF Kids 2024 se vor putea distra la disco al\u0103turi de voluntarii BIAF, cu dans, la momentele cu animatori, muzic\u0103, baloane, pictur\u0103 pe fa\u021b\u0103 \u0219i mult\u0103 joac\u0103. Concertele, evenimentele muzicale, atelierele pentru public \u0219i workshop-urile interesante preg\u0103tite de organizatori fac din BIAF 2024 un eveniment pe gustul \u00eentregii familii.<\/p>\n<p style=\"text-align: justify;\">Pentru mai multe detalii despre eveniment, program \u0219i alte manifest\u0103ri, intr\u0103\u00a0<a href=\"https:\/\/deref-gmx.net\/mail\/client\/BDsQAKJ0Ch8\/dereferrer\/?redirectUrl=https%3A%2F%2Fc0wc7.r.ag.d.sendibm3.com%2Fmk%2Fcl%2Ff%2Fsh%2FSMK1E8tHeFuBm0EoeQnnouDeq7K2%2FsbHndmS4D3PG&amp;lm\" target=\"_blank\" rel=\"noopener\">aici<\/a>.<\/p>\n<p style=\"text-align: justify;\"><strong>Buz\u0103u International Arts Festival, edi\u021bia a patra<\/strong><\/p>\n<p style=\"text-align: justify;\">Ajuns la a patra edi\u021bie, derulat\u0103 \u00eentre 23 august \u0219i 20 septembrie 2024, BIAF transform\u0103 Buz\u0103ul \u00een scena unde vor fi prezentate o selec\u021bie impresionant\u0103 de filme, spectacole de teatru, spectacol stradale, evenimente pentru copii, concerte, expozi\u021bii \u0219i evenimente literare. Ca \u0219i p\u00e2n\u0103 acum, evenimentul reune\u0219te cele dou\u0103 festivaluri care au pus bazele BIAF: Festivalul Interna\u021bional de Film Buz\u0103u \u2013 BUZZ IFF \u0219i Festivalul Interna\u021bional de Teatru Independent \u2013 COMIC 7 B, ambele ajunse la cea de-a noua edi\u021bie.<\/p>\n<p style=\"text-align: justify;\">\n<p style=\"text-align: justify;\">\n<p style=\"text-align: justify;\"><strong>Parteneri \u0219i sus\u021bin\u0103tori<\/strong><\/p>\n<p style=\"text-align: justify;\">BIAF 2024 este organizat de Asocia\u021bia CulturAll \u0219i Asocia\u021bia Bulevardul Culturii, \u00een parteneriat cu Prim\u0103ria Municipiului Buz\u0103u \u0219i Centrul Cultural \u0219i Educa\u021bional Alexandru Marghiloman.<\/p>\n<p style=\"text-align: justify;\">BIAF este un proiect co-finan\u021bat de Ministerul Culturii.<\/p>\n<p style=\"text-align: justify;\">BIAF are sprijinul sponsorilor: Carrefour, TBI Bank, Best Seller Auto, Winmarkt, Centrul Medical Ovidius, Eximprod Grup, Camera Notarilor Publici Ploie\u0219ti, Birou Notarial Vasile Victor \u0219i Asocia\u021bii, Razedent, Lucsor, LeBig Supermarket.<\/p>\n<p style=\"text-align: justify;\">Parteneri: Consiliul Jude\u021bean Buz\u0103u, Teatrul George Ciprian Buz\u0103u, Muzeul Jude\u021bean Buz\u0103u, ElcarGid, Hotel Pietroasa, Shopping City Buz\u0103u, ADI Buz\u0103u, RER SUD, RetuRO, Centrul Jude\u021bean de Cultur\u0103 \u0219i Art\u0103 Buz\u0103u \u0219i MediaTrust.<\/p>\n<p style=\"text-align: justify;\"><a name=\"_Hlk175134854\"><\/a><strong>Partenerii media:<\/strong>\u00a0TVR, Agerpres, Ziarul Metropolis, Happ, Iqads, Filmecarti, CineFan, GenStiri, ZilesiNopti, Cinemap, daily culture, PRwave, Cinefilia, Muzeul Pretextelor, UZPR, Buzau.net, Opinia, Campus TV, Campus Radio, TV BUZAU, Reporterbuzoian,\u00a0Buzaumedia<\/p>\n<p style=\"text-align: justify;\"><strong>Website: biaf.ro<\/strong><\/p>\n<p style=\"text-align: justify;\"><strong>Facebook: BiafRomania<\/strong><\/p>\n<p style=\"text-align: justify;\"><strong>Instagram: @biaf<\/strong><\/p>\n<p style=\"text-align: justify;\"><strong>TikTok: @biaf<\/strong><\/p>\n<p style=\"text-align: justify;\"><strong>Pentru informa\u021bii suplimentare de pres\u0103, v\u0103 rug\u0103m s\u0103 contacta\u021bi:<\/strong><\/p>\n<p style=\"text-align: justify;\">Laura Pascu<br \/>\nEmail: laura@prcafe.ro<br \/>\nTelefon: 0722 653 210<\/p>\n<p style=\"text-align: justify;\">\n<p style=\"text-align: justify;\">Fotografii po\u021bi g\u0103si\u00a0<a href=\"https:\/\/deref-gmx.net\/mail\/client\/8JONsswFHDM\/dereferrer\/?redirectUrl=https%3A%2F%2Fc0wc7.r.ag.d.sendibm3.com%2Fmk%2Fcl%2Ff%2Fsh%2FSMK1E8tHeG13E93lpaxHujWOoPuI%2Fdizg71pvSM4P&amp;lm\" target=\"_blank\" rel=\"noopener\">aici\u00a0<\/a><\/p>\n<p style=\"text-align: justify;\">\n<div style=\"text-align: justify;\">\n<p><a href=\"https:\/\/deref-gmx.net\/mail\/client\/9KhNNFFh7vI\/dereferrer\/?redirectUrl=https%3A%2F%2Fc0wc7.r.ag.d.sendibm3.com%2Fmk%2Fun%2Fsh%2FSMJz09a0vkbXq597MerTqDUXSnmY%2FgsPsBvXO8v1q&amp;lm\" target=\"_blank\" rel=\"noopener\">Click here to unsubscribe<\/a><\/p>\n<\/div>\n<p><img decoding=\"async\" src=\"https:\/\/3c.gmx.net\/mail\/client\/attachment\/view\/tmai1724684928747415390\/MjY1NzYuNzAxMDYyNTcxNTIzMQ;jsessionid=50A5692BC7ED94D63D9E9BC83B34035D-n2.bs34b\" width=\"\" border=\"0\" \/><\/p>\n<p style=\"text-align: justify;\">\n<div>\n<div style=\"text-align: justify;\"><a href=\"https:\/\/deref-gmx.net\/mail\/client\/cX3mYqxVw8Y\/dereferrer\/?redirectUrl=https%3A%2F%2Fc0wc7.r.ag.d.sendibm3.com%2Ftracking%2F%3Futm_campaign%3D8d9a5bbb98bbc70dc52df6d0c565a4e9%26utm_medium%3Demail%26utm_source%3Dlogo_mailin&amp;lm\" target=\"_blank\" rel=\"noopener\"><img loading=\"lazy\" decoding=\"async\" src=\"https:\/\/3c.gmx.net\/mail\/client\/attachment\/view\/tmai1724684928747415390\/OTUyODQuNjI5OTIxMzMzOTgxMA;jsessionid=50A5692BC7ED94D63D9E9BC83B34035D-n2.bs34b\" alt=\"Mailin\" width=\"129\" height=\"48\" \/><\/a><\/div>\n<\/div>\n","protected":false},"excerpt":{"rendered":"<p>Buz\u0103u International Arts Festival (BIAF) se desf\u0103\u0219oar\u0103 \u00eentre 23 august \u0219i 20 septembrie 2024. Sec\u021biunea rezervat\u0103 copiilor, BIAF Kids 2024, se \u00eentinde pe trei zile \u2013 29, 30 \u0219i 31 august \u2013 \u0219i aduce filme \u0219i spectacole de teatru pentru copii, pictur\u0103 pe fa\u021b\u0103, muzic\u0103, dans \u0219i distrac\u021bii cei mici. Intrarea este liber\u0103.<\/p>\n","protected":false},"author":2,"featured_media":0,"comment_status":"open","ping_status":"open","sticky":false,"template":"","format":"standard","meta":{"_jetpack_memberships_contains_paid_content":false,"footnotes":"","jetpack_publicize_message":"","jetpack_publicize_feature_enabled":true,"jetpack_social_post_already_shared":true,"jetpack_social_options":{"image_generator_settings":{"template":"highway","default_image_id":0,"font":"","enabled":false},"version":2}},"categories":[4],"tags":[708],"class_list":["post-2571","post","type-post","status-publish","format-standard","hentry","category-anunturi-culturale","tag-evenimente-culturale"],"jetpack_publicize_connections":[],"jetpack_featured_media_url":"","jetpack_sharing_enabled":true,"_links":{"self":[{"href":"https:\/\/blog.egophobia.ro\/index.php?rest_route=\/wp\/v2\/posts\/2571","targetHints":{"allow":["GET"]}}],"collection":[{"href":"https:\/\/blog.egophobia.ro\/index.php?rest_route=\/wp\/v2\/posts"}],"about":[{"href":"https:\/\/blog.egophobia.ro\/index.php?rest_route=\/wp\/v2\/types\/post"}],"author":[{"embeddable":true,"href":"https:\/\/blog.egophobia.ro\/index.php?rest_route=\/wp\/v2\/users\/2"}],"replies":[{"embeddable":true,"href":"https:\/\/blog.egophobia.ro\/index.php?rest_route=%2Fwp%2Fv2%2Fcomments&post=2571"}],"version-history":[{"count":1,"href":"https:\/\/blog.egophobia.ro\/index.php?rest_route=\/wp\/v2\/posts\/2571\/revisions"}],"predecessor-version":[{"id":2572,"href":"https:\/\/blog.egophobia.ro\/index.php?rest_route=\/wp\/v2\/posts\/2571\/revisions\/2572"}],"wp:attachment":[{"href":"https:\/\/blog.egophobia.ro\/index.php?rest_route=%2Fwp%2Fv2%2Fmedia&parent=2571"}],"wp:term":[{"taxonomy":"category","embeddable":true,"href":"https:\/\/blog.egophobia.ro\/index.php?rest_route=%2Fwp%2Fv2%2Fcategories&post=2571"},{"taxonomy":"post_tag","embeddable":true,"href":"https:\/\/blog.egophobia.ro\/index.php?rest_route=%2Fwp%2Fv2%2Ftags&post=2571"}],"curies":[{"name":"wp","href":"https:\/\/api.w.org\/{rel}","templated":true}]}}