{"id":2588,"date":"2024-11-10T01:47:19","date_gmt":"2024-11-09T22:47:19","guid":{"rendered":"https:\/\/blog.egophobia.ro\/?p=2588"},"modified":"2024-11-10T01:47:19","modified_gmt":"2024-11-09T22:47:19","slug":"expozitie-pionieri-aur-si-paine-lectii-de-neconformitate","status":"publish","type":"post","link":"https:\/\/blog.egophobia.ro\/?p=2588","title":{"rendered":"Expozi\u021bie \u201ePionieri, Aur \u0219i P\u00e2ine: Lec\u021bii de (ne)conformitate\u201d"},"content":{"rendered":"<blockquote>\n<p style=\"font-weight: 400; text-align: justify;\"><strong>Comunicat de pres\u0103\u00a0<\/strong><\/p>\n<p style=\"font-weight: 400; text-align: justify;\">Trimis la data de 8 noiembrie 2024, Bucure\u0219ti<\/p>\n<p style=\"font-weight: 400; text-align: justify;\">Muzeul Comunismului din Bucure\u0219ti, \u00een colaborare cu Asocia\u021bia \u201eDorel Zaica\u201d, organizeaz\u0103 finisajul expozi\u021biei temporare \u201ePionieri, Aur \u0219i P\u00e2ine: Lec\u021bii de (ne)conformitate\u201d, care va avea loc la sediul muzeului, pe Str. Covaci, nr. 6, \u00een data de 20 noiembrie (miercuri), la ora 18:00.<\/p>\n<p><!--more--><\/p>\n<p style=\"font-weight: 400; text-align: justify;\">\u00cen cadrul finisajului, invita\u021bii vor avea posibilitatea de a vizita gratuit expozi\u021bia temporar\u0103 \u0219i de a participa la conferin\u021ba dedicat\u0103 profesorului \u0219i pictorului Dorel Zaica. \u00cen timpul conferin\u021bei moderate de doamna regizor Cristina Chirvasie, vor lua cuv\u00e2ntul invita\u021bii speciali:<\/p>\n<ul style=\"font-weight: 400; text-align: justify;\">\n<li>Artist vizual &amp; istoric de art\u0103: Laura Lucia G\u0103van<\/li>\n<li>Pr. Conf. Dr. Gheorghe Holbea<\/li>\n<li>Artist vizual &amp; muzeolog MOCR: Dr. Irina Hasna\u0219 Hubbard<\/li>\n<li>Artist vizual: Teodor Zaica<\/li>\n<\/ul>\n<p style=\"font-weight: 400; text-align: justify;\">Expozi\u021bia este format\u0103 din 15 panouri bilingve \u0219i exploreaz\u0103 sistemul educa\u021bional din perioada comunist\u0103 \u00een Rom\u00e2nia. Prima parte a expozi\u021biei este interactiv\u0103, oferind vizitatorilor posibilitatea de a interac\u021biona cu diapozitive \u0219i de a vedea uniforme originale de pionier \u0219i \u0219colare din perioada comunist\u0103. Cea de-a doua parte a expozi\u021biei, conceput\u0103 \u00een contrast cu rigiditatea \u0219colii conven\u021bionale, se bazeaz\u0103 pe munca de-o via\u021b\u0103 a profesorului \u0219i pictorului Dorel Zaica \u0219i pe metoda sa original\u0103 de cultivare a creativit\u0103\u021bii, recunoscut\u0103 interna\u021bional. Aceast\u0103 metod\u0103, menit\u0103 s\u0103 promoveze g\u00e2ndirea liber\u0103, a fost dezvoltat\u0103 \u00een ciuda cenzurii \u0219i a presiunilor exercitate de regimul comunist pentru formarea unor elevi cu g\u00e2ndire mecanic\u0103. Dorel Zaica \u0219i-a asumat riscul de a continua dezvoltarea acestei metode, \u00een pofida avertismentelor de a se conforma liniei ideologice trasate de partidul unic.<\/p>\n<p style=\"font-weight: 400; text-align: justify;\">Accesul la finisaj se realizeaz\u0103 \u00een mod gratuit, \u00een baza rezerv\u0103rii online prealabile.<\/p>\n<\/blockquote>\n","protected":false},"excerpt":{"rendered":"<p>Comunicat de pres\u0103\u00a0 Trimis la data de 8 noiembrie 2024, Bucure\u0219ti Muzeul Comunismului din Bucure\u0219ti, \u00een colaborare cu Asocia\u021bia \u201eDorel Zaica\u201d, organizeaz\u0103 finisajul expozi\u021biei temporare \u201ePionieri, Aur \u0219i P\u00e2ine: Lec\u021bii de (ne)conformitate\u201d, care va avea loc la sediul muzeului, pe Str. Covaci, nr. 6, \u00een data de 20 noiembrie (miercuri), la ora 18:00.<\/p>\n","protected":false},"author":2,"featured_media":0,"comment_status":"open","ping_status":"open","sticky":false,"template":"","format":"standard","meta":{"_jetpack_memberships_contains_paid_content":false,"footnotes":"","jetpack_publicize_message":"","jetpack_publicize_feature_enabled":true,"jetpack_social_post_already_shared":true,"jetpack_social_options":{"image_generator_settings":{"template":"highway","default_image_id":0,"font":"","enabled":false},"version":2}},"categories":[4,22],"tags":[648,629],"class_list":["post-2588","post","type-post","status-publish","format-standard","hentry","category-anunturi-culturale","category-recomandari","tag-expozitii","tag-recomandari-2"],"jetpack_publicize_connections":[],"jetpack_featured_media_url":"","jetpack_sharing_enabled":true,"_links":{"self":[{"href":"https:\/\/blog.egophobia.ro\/index.php?rest_route=\/wp\/v2\/posts\/2588","targetHints":{"allow":["GET"]}}],"collection":[{"href":"https:\/\/blog.egophobia.ro\/index.php?rest_route=\/wp\/v2\/posts"}],"about":[{"href":"https:\/\/blog.egophobia.ro\/index.php?rest_route=\/wp\/v2\/types\/post"}],"author":[{"embeddable":true,"href":"https:\/\/blog.egophobia.ro\/index.php?rest_route=\/wp\/v2\/users\/2"}],"replies":[{"embeddable":true,"href":"https:\/\/blog.egophobia.ro\/index.php?rest_route=%2Fwp%2Fv2%2Fcomments&post=2588"}],"version-history":[{"count":1,"href":"https:\/\/blog.egophobia.ro\/index.php?rest_route=\/wp\/v2\/posts\/2588\/revisions"}],"predecessor-version":[{"id":2589,"href":"https:\/\/blog.egophobia.ro\/index.php?rest_route=\/wp\/v2\/posts\/2588\/revisions\/2589"}],"wp:attachment":[{"href":"https:\/\/blog.egophobia.ro\/index.php?rest_route=%2Fwp%2Fv2%2Fmedia&parent=2588"}],"wp:term":[{"taxonomy":"category","embeddable":true,"href":"https:\/\/blog.egophobia.ro\/index.php?rest_route=%2Fwp%2Fv2%2Fcategories&post=2588"},{"taxonomy":"post_tag","embeddable":true,"href":"https:\/\/blog.egophobia.ro\/index.php?rest_route=%2Fwp%2Fv2%2Ftags&post=2588"}],"curies":[{"name":"wp","href":"https:\/\/api.w.org\/{rel}","templated":true}]}}